{"id":12454,"date":"2020-09-21T12:15:12","date_gmt":"2020-09-21T19:15:12","guid":{"rendered":"https:\/\/iglesiatijuana.org\/web\/?p=12454"},"modified":"2020-09-21T12:17:49","modified_gmt":"2020-09-21T19:17:49","slug":"presbiterio-de-tijuana-vivira-ejercicios-espirituales-por-decanatos","status":"publish","type":"post","link":"https:\/\/iglesiatijuana.org\/web\/presbiterio-de-tijuana-vivira-ejercicios-espirituales-por-decanatos\/","title":{"rendered":"Presbiterio de Tijuana vivir\u00e1 Ejercicios Espirituales por Decanatos"},"content":{"rendered":"<p>Pastoral para la Comunicaci\u00f3n.- El presbiterio de Tijuana vivir\u00e1 Ejercicios Espirituales por decanatos. Se anexa comunicado a continuaci\u00f3n.<\/p>\n<p><a href=\"https:\/\/iglesiatijuana.org\/web\/wp-content\/uploads\/2020\/09\/0001-1.jpg\" data-rel=\"lightbox-image-0\" data-rl_title=\"\" data-rl_caption=\"\" title=\"\"><img loading=\"lazy\" decoding=\"async\" class=\"alignnone size-full wp-image-12455\" src=\"https:\/\/iglesiatijuana.org\/web\/wp-content\/uploads\/2020\/09\/0001-1.jpg\" alt=\"\" width=\"2550\" height=\"3300\" srcset=\"https:\/\/iglesiatijuana.org\/web\/wp-content\/uploads\/2020\/09\/0001-1.jpg 2550w, https:\/\/iglesiatijuana.org\/web\/wp-content\/uploads\/2020\/09\/0001-1-232x300.jpg 232w, https:\/\/iglesiatijuana.org\/web\/wp-content\/uploads\/2020\/09\/0001-1-768x994.jpg 768w, https:\/\/iglesiatijuana.org\/web\/wp-content\/uploads\/2020\/09\/0001-1-791x1024.jpg 791w\" sizes=\"auto, (max-width: 2550px) 100vw, 2550px\" \/><\/a> <a href=\"https:\/\/iglesiatijuana.org\/web\/wp-content\/uploads\/2020\/09\/0002-1.jpg\" data-rel=\"lightbox-image-1\" data-rl_title=\"\" data-rl_caption=\"\" title=\"\"><img loading=\"lazy\" decoding=\"async\" class=\"alignnone size-full wp-image-12456\" src=\"https:\/\/iglesiatijuana.org\/web\/wp-content\/uploads\/2020\/09\/0002-1.jpg\" alt=\"\" width=\"2550\" height=\"3300\" srcset=\"https:\/\/iglesiatijuana.org\/web\/wp-content\/uploads\/2020\/09\/0002-1.jpg 2550w, https:\/\/iglesiatijuana.org\/web\/wp-content\/uploads\/2020\/09\/0002-1-232x300.jpg 232w, https:\/\/iglesiatijuana.org\/web\/wp-content\/uploads\/2020\/09\/0002-1-768x994.jpg 768w, https:\/\/iglesiatijuana.org\/web\/wp-content\/uploads\/2020\/09\/0002-1-791x1024.jpg 791w\" sizes=\"auto, (max-width: 2550px) 100vw, 2550px\" \/><\/a><\/p>\n","protected":false},"excerpt":{"rendered":"<p>Pastoral para la Comunicaci\u00f3n.- El presbiterio de Tijuana vivir\u00e1 Ejercicios Espirituales por decanatos. Se anexa comunicado a continuaci\u00f3n.<\/p>\n","protected":false},"author":101012,"featured_media":12457,"comment_status":"closed","ping_status":"closed","sticky":false,"template":"","format":"standard","meta":{"_exactmetrics_skip_tracking":false,"_exactmetrics_sitenote_active":false,"_exactmetrics_sitenote_note":"","_exactmetrics_sitenote_category":0,"footnotes":""},"categories":[20,14],"tags":[],"class_list":["post-12454","post","type-post","status-publish","format-standard","has-post-thumbnail","hentry","category-evangelio-del-dia","category-ultimas-noticias"],"_links":{"self":[{"href":"https:\/\/iglesiatijuana.org\/web\/wp-json\/wp\/v2\/posts\/12454","targetHints":{"allow":["GET"]}}],"collection":[{"href":"https:\/\/iglesiatijuana.org\/web\/wp-json\/wp\/v2\/posts"}],"about":[{"href":"https:\/\/iglesiatijuana.org\/web\/wp-json\/wp\/v2\/types\/post"}],"author":[{"embeddable":true,"href":"https:\/\/iglesiatijuana.org\/web\/wp-json\/wp\/v2\/users\/101012"}],"replies":[{"embeddable":true,"href":"https:\/\/iglesiatijuana.org\/web\/wp-json\/wp\/v2\/comments?post=12454"}],"version-history":[{"count":3,"href":"https:\/\/iglesiatijuana.org\/web\/wp-json\/wp\/v2\/posts\/12454\/revisions"}],"predecessor-version":[{"id":12460,"href":"https:\/\/iglesiatijuana.org\/web\/wp-json\/wp\/v2\/posts\/12454\/revisions\/12460"}],"wp:featuredmedia":[{"embeddable":true,"href":"https:\/\/iglesiatijuana.org\/web\/wp-json\/wp\/v2\/media\/12457"}],"wp:attachment":[{"href":"https:\/\/iglesiatijuana.org\/web\/wp-json\/wp\/v2\/media?parent=12454"}],"wp:term":[{"taxonomy":"category","embeddable":true,"href":"https:\/\/iglesiatijuana.org\/web\/wp-json\/wp\/v2\/categories?post=12454"},{"taxonomy":"post_tag","embeddable":true,"href":"https:\/\/iglesiatijuana.org\/web\/wp-json\/wp\/v2\/tags?post=12454"}],"curies":[{"name":"wp","href":"https:\/\/api.w.org\/{rel}","templated":true}]}}