{"id":12464,"date":"2020-09-21T12:50:37","date_gmt":"2020-09-21T19:50:37","guid":{"rendered":"https:\/\/iglesiatijuana.org\/web\/?p=12464"},"modified":"2020-09-21T12:50:37","modified_gmt":"2020-09-21T19:50:37","slug":"migrantes-y-desplazados-no-son-numeros-sino-personas-mensaje-de-la-106-jornada-mundial-del-migrante-y-del-refugiado","status":"publish","type":"post","link":"https:\/\/iglesiatijuana.org\/web\/migrantes-y-desplazados-no-son-numeros-sino-personas-mensaje-de-la-106-jornada-mundial-del-migrante-y-del-refugiado\/","title":{"rendered":"\u201cMigrantes y desplazados: no son n\u00fameros, sino personas\u201d Mensaje de la 106 Jornada Mundial del Migrante y del Refugiado"},"content":{"rendered":"<p style=\"text-align: justify;\"><em>\u201cA la luz de los tr\u00e1gicos acontecimientos que han caracterizado el a\u00f1o 2020, extiendo este Mensaje, dedicado a los desplazados internos, a todos los que han experimentado y siguen a\u00fan hoy viviendo situaciones de precariedad, de abandono, de marginaci\u00f3n y de rechazo a causa del COVID-19\u201d.<\/em><\/p>\n<p style=\"text-align: justify;\">Pastoral para la Comunicaci\u00f3n. &#8211; El Mensaje del Papa Francisco para la 106 Jornada Mundial del Migrante y del Refugiado que se celebrar\u00e1 este 27 de septiembre 2020, aborda el drama de los desplazados internos. Sobre esta realidad, la Secci\u00f3n Migrantes y Refugiados del Dicasterio para el Servicio del Desarrollo Humano Integral ha publicado las \u201cOrientaciones Pastorales sobre Desplazados Internos\u201d, un documento, dice el Papa, que desea inspirar y animar las acciones pastorales de la Iglesia en este \u00e1mbito concreto. Resumimos algunos aspectos continuaci\u00f3n:<\/p>\n<p style=\"text-align: justify;\"><em>1.-Drama de desplazados internos en tiempos de Covid19<\/em><\/p>\n<p style=\"text-align: justify;\">El drama de los desplazados internos, es un drama a menudo invisible, afirma el Pont\u00edfice, que la crisis mundial causada por la pandemia del COVID-19 ha agravado. De hecho, se\u00f1ala, esta crisis, debido a su intensidad, gravedad y extensi\u00f3n geogr\u00e1fica, ha empa\u00f1ado muchas otras emergencias humanitarias que afligen a millones de personas, relegando iniciativas y ayudas internacionales, esenciales y urgentes para salvar vidas, a un segundo plano en las agendas pol\u00edticas nacionales.<\/p>\n<p style=\"text-align: justify;\">2.-<em>Reconocer en ellos el rostro de Cristo<\/em><\/p>\n<p style=\"text-align: justify;\">Cada cristiano est\u00e1 llamado a reconocer en sus rostros el rostro de Cristo, hambriento, sediento, desnudo, enfermo, forastero y encarcelado, \u201cque nos interpela\u201d. Si lo reconocemos, dice el Papa, seremos nosotros quienes le agradeceremos el haberlo conocido, amado y servido.<\/p>\n<p style=\"text-align: justify;\">\u201cLos desplazados internos nos ofrecen esta oportunidad de encuentro con el Se\u00f1or, \u00abincluso si a nuestros ojos les cuesta trabajo reconocerlo: con la ropa rota, con los pies sucios, con el rostro deformado, con el cuerpo llagado, incapaz de hablar nuestra lengua\u00bb (<em>Homil\u00eda<\/em>, 15 febrero 2019)\u201d.<\/p>\n<p style=\"text-align: justify;\"><em>3.-Es necesario\u00a0conocer\u00a0para\u00a0comprender<\/em><\/p>\n<p style=\"text-align: justify;\">El conocimiento es un paso necesario hacia la comprensi\u00f3n del otro. El Papa recuerda que cuando se habla de migrantes y desplazados, casi siempre se mencionan en n\u00fameros. \u00a1Pero no son n\u00fameros, sino personas! Si las encontramos, podremos conocerlas, nos clama el Papa, podemos conocer sus historias y comprender. \u00a0Podremos comprender, por ejemplo, dice Francisco, que la precariedad que hemos experimentado con sufrimiento, a causa de la pandemia, es un elemento constante en la vida de los desplazados.<\/p>\n<p style=\"text-align: justify;\"><em>4.-Hay que\u00a0hacerse pr\u00f3jimo\u00a0para\u00a0servir<\/em><\/p>\n<p style=\"text-align: justify;\">\u201cLos miedos y los prejuicios \u2014tantos prejuicios\u2014, nos hacen mantener las distancias con otras personas y a menudo nos impiden \u201cacercarnos como pr\u00f3jimos\u201d y servirles con amor\u201d. \u00a0Para Francisco, acercarse al pr\u00f3jimo significa, a menudo, estar dispuestos a correr riesgos, como nos han ense\u00f1ado tantos m\u00e9dicos y personal sanitario en los \u00faltimos meses. Este estar cerca para servir, va m\u00e1s all\u00e1 del estricto sentido del deber. El ejemplo m\u00e1s grande nos lo dej\u00f3 Jes\u00fas cuando lav\u00f3 los pies de sus disc\u00edpulos: se quit\u00f3 el manto, se arrodill\u00f3 y se ensuci\u00f3 las manos (cf.\u00a0<em>Jn<\/em>\u00a013,1-15).<\/p>\n<p style=\"text-align: justify;\"><em>5.-Para\u00a0reconciliarse\u00a0se requiere\u00a0escuchar<\/em><\/p>\n<p style=\"text-align: justify;\">Otra pareja de verbos que hoy el Papa nos ense\u00f1a en su mensaje, es el de escuchar para reconciliarse. Nos lo ense\u00f1a Dios mismo, que quiso escuchar el gemido de la humanidad con o\u00eddos humanos, dice el Papa, enviando a su Hijo al mundo: \u00abPorque tanto am\u00f3 Dios al mundo, que entreg\u00f3 a su Unig\u00e9nito, para que todo el que cree en \u00e9l [\u2026] tenga vida eterna\u00bb (<em>Jn<\/em>\u00a03,16-17). El amor, el que reconcilia y salva, empieza por una escucha activa.\u00a0En el mundo de hoy se multiplican los mensajes, pero se est\u00e1 perdiendo la capacidad de escuchar. El Pont\u00edfice nos dice que s\u00f3lo a trav\u00e9s de una escucha humilde y atenta podremos llegar a reconciliarnos de verdad.<\/p>\n<p style=\"text-align: justify;\"><em>6.-Para\u00a0crecer\u00a0hay que\u00a0compartir<\/em><\/p>\n<p style=\"text-align: justify;\">Tenemos que aprender a compartir para crecer juntos, sin dejar fuera a nadie, resalta Francisco, y afirma que la pandemia nos ha recordado que todos estamos en el mismo barco. Darnos cuenta que tenemos las mismas preocupaciones y temores comunes, nos ha demostrado, una vez m\u00e1s, que nadie se salva solo. Para crecer realmente, debemos crecer juntos, compartiendo lo que tenemos, como ese muchacho que le ofreci\u00f3 a Jes\u00fas cinco panes de cebada y dos peces\u2026 \u00a1Y fueron suficientes para cinco mil personas! (cf.\u00a0<em>Jn<\/em>\u00a06,1-15).<\/p>\n<p style=\"text-align: justify;\"><em>7.-Se necesita\u00a0involucrar\u00a0para\u00a0promover<\/em><\/p>\n<p style=\"text-align: justify;\">El Obispo de Roma afirma que si queremos realmente promover a las personas a quienes ofrecemos asistencia, tenemos que involucrarlas y hacerlas protagonistas de su propio rescate. La pandemia nos ha recordado cu\u00e1n esencial es la corresponsabilidad y que s\u00f3lo con la colaboraci\u00f3n de &#8220;todos \u2014incluso de las categor\u00edas a menudo subestimadas\u2014 es posible encarar la crisis&#8221;.<\/p>\n<p style=\"text-align: justify;\"><em>8.-Es indispensable\u00a0colaborar\u00a0para\u00a0construir<\/em><\/p>\n<p style=\"text-align: justify;\">En el actual contexto, es necesario reiterar que: \u00abEste no es el tiempo del ego\u00edsmo, porque el desaf\u00edo que enfrentamos nos une a todos y no hace acepci\u00f3n de personas\u00bb (Mensaje\u00a0<em>Urbi et Orbi<\/em>, 12 abril 2020). Para preservar la casa com\u00fan y hacer todo lo posible para que se parezca, cada vez m\u00e1s, al plan original de Dios, El Papa dice que debemos comprometernos a garantizar la cooperaci\u00f3n internacional, la solidaridad global y el compromiso local, sin dejar fuera a nadie.<\/p>\n<p><a href=\"https:\/\/iglesiatijuana.org\/web\/wp-content\/uploads\/2020\/09\/5af49c6c-eeb7-4460-a31f-bf185a7a00bb.jpg\" data-rel=\"lightbox-image-0\" data-rl_title=\"\" data-rl_caption=\"\" title=\"\"><img loading=\"lazy\" decoding=\"async\" class=\"alignnone size-full wp-image-12465\" src=\"https:\/\/iglesiatijuana.org\/web\/wp-content\/uploads\/2020\/09\/5af49c6c-eeb7-4460-a31f-bf185a7a00bb.jpg\" alt=\"\" width=\"988\" height=\"1274\" srcset=\"https:\/\/iglesiatijuana.org\/web\/wp-content\/uploads\/2020\/09\/5af49c6c-eeb7-4460-a31f-bf185a7a00bb.jpg 988w, https:\/\/iglesiatijuana.org\/web\/wp-content\/uploads\/2020\/09\/5af49c6c-eeb7-4460-a31f-bf185a7a00bb-233x300.jpg 233w, https:\/\/iglesiatijuana.org\/web\/wp-content\/uploads\/2020\/09\/5af49c6c-eeb7-4460-a31f-bf185a7a00bb-768x990.jpg 768w, https:\/\/iglesiatijuana.org\/web\/wp-content\/uploads\/2020\/09\/5af49c6c-eeb7-4460-a31f-bf185a7a00bb-794x1024.jpg 794w\" sizes=\"auto, (max-width: 988px) 100vw, 988px\" \/><\/a><\/p>\n","protected":false},"excerpt":{"rendered":"<p>\u201cA la luz de los tr\u00e1gicos acontecimientos que han caracterizado el a\u00f1o 2020, extiendo este Mensaje, dedicado a los desplazados internos, a todos los que han experimentado y siguen a\u00fan hoy viviendo situaciones de&#46;&#46;&#46;<\/p>\n","protected":false},"author":101012,"featured_media":12465,"comment_status":"closed","ping_status":"closed","sticky":false,"template":"","format":"standard","meta":{"_exactmetrics_skip_tracking":false,"_exactmetrics_sitenote_active":false,"_exactmetrics_sitenote_note":"","_exactmetrics_sitenote_category":0,"footnotes":""},"categories":[20,14],"tags":[],"class_list":["post-12464","post","type-post","status-publish","format-standard","has-post-thumbnail","hentry","category-evangelio-del-dia","category-ultimas-noticias"],"_links":{"self":[{"href":"https:\/\/iglesiatijuana.org\/web\/wp-json\/wp\/v2\/posts\/12464","targetHints":{"allow":["GET"]}}],"collection":[{"href":"https:\/\/iglesiatijuana.org\/web\/wp-json\/wp\/v2\/posts"}],"about":[{"href":"https:\/\/iglesiatijuana.org\/web\/wp-json\/wp\/v2\/types\/post"}],"author":[{"embeddable":true,"href":"https:\/\/iglesiatijuana.org\/web\/wp-json\/wp\/v2\/users\/101012"}],"replies":[{"embeddable":true,"href":"https:\/\/iglesiatijuana.org\/web\/wp-json\/wp\/v2\/comments?post=12464"}],"version-history":[{"count":1,"href":"https:\/\/iglesiatijuana.org\/web\/wp-json\/wp\/v2\/posts\/12464\/revisions"}],"predecessor-version":[{"id":12466,"href":"https:\/\/iglesiatijuana.org\/web\/wp-json\/wp\/v2\/posts\/12464\/revisions\/12466"}],"wp:featuredmedia":[{"embeddable":true,"href":"https:\/\/iglesiatijuana.org\/web\/wp-json\/wp\/v2\/media\/12465"}],"wp:attachment":[{"href":"https:\/\/iglesiatijuana.org\/web\/wp-json\/wp\/v2\/media?parent=12464"}],"wp:term":[{"taxonomy":"category","embeddable":true,"href":"https:\/\/iglesiatijuana.org\/web\/wp-json\/wp\/v2\/categories?post=12464"},{"taxonomy":"post_tag","embeddable":true,"href":"https:\/\/iglesiatijuana.org\/web\/wp-json\/wp\/v2\/tags?post=12464"}],"curies":[{"name":"wp","href":"https:\/\/api.w.org\/{rel}","templated":true}]}}