{"id":12492,"date":"2020-09-28T17:43:02","date_gmt":"2020-09-29T00:43:02","guid":{"rendered":"https:\/\/iglesiatijuana.org\/web\/?p=12492"},"modified":"2020-09-28T17:43:02","modified_gmt":"2020-09-29T00:43:02","slug":"de-una-crisis-salimos-mejores-o-peores-papa-francisco","status":"publish","type":"post","link":"https:\/\/iglesiatijuana.org\/web\/de-una-crisis-salimos-mejores-o-peores-papa-francisco\/","title":{"rendered":"\u201cDe una crisis salimos mejores o peores\u201d Papa Francisco"},"content":{"rendered":"<p style=\"text-align: justify;\">Pastoral para la Comunicaci\u00f3n. &#8211; Con informaci\u00f3n a la prensa internacional el Papa Francisco ha enviado recientemente un video mensaje a las Naciones Unidas con ocasi\u00f3n de su 75\u00ba aniversario recordando al Secretario General, Ant\u00f3nio Guterres, a los Jefes de Estado y de Gobierno participantes.<\/p>\n<p style=\"text-align: justify;\">En el que ha contextualizado que en este momento en el que el mundo atraviesa grandes trastornos, agravados por una crisis sanitaria mundial sin precedentes que acarrea graves repercusiones econ\u00f3micas y sociales, el Papa recuerda que la pandemia del COVID-19 \u201cha llevado a la p\u00e9rdida de muchas vidas\u201d pero tambi\u00e9n est\u00e1 \u201ccambiando nuestra forma de vida, cuestionando nuestros sistemas econ\u00f3micos, sanitarios y sociales, y exponiendo nuestra fragilidad como criaturas\u201d. De hecho \u2013 dice en el video mensaje \u2013 \u201cLa pandemia nos llama a tomar este tiempo de prueba como un momento de elecci\u00f3n [\u2026]: el tiempo para elegir entre lo que cuenta verdaderamente y lo que pasa, para separar lo que es necesario de lo que no lo es\u201d. Es por ello que considera que es un momento oportuno para \u201cla conversi\u00f3n\u201d repensando \u201cnuestra forma de vida\u201d y \u201cnuestros sistemas econ\u00f3micos y sociales\u201d, pero tambi\u00e9n es una oportunidad para una \u201cretirada defensiva\u201d con caracter\u00edsticas individualistas y elitistas.<\/p>\n<p style=\"text-align: justify;\">En este <a href=\"https:\/\/www.vaticannews.va\/es\/papa\/news\/2020-09\/mensaje-integral-papa-francisco-naciones-unidas-75-anivrsario.html\">Mensaje integral del Papa a las Naciones Unidas<\/a> se subrayan los siguientes aspectos, entre otros:<\/p>\n<p style=\"text-align: justify;\"><em>1.-Llamamiento para garantizar la futura vacuna de COVID-19<\/em><\/p>\n<p style=\"text-align: justify;\">El Papa asegura que \u201cha puesto de relieve la urgente necesidad de promover la salud p\u00fablica y de realizar el derecho de toda persona a la atenci\u00f3n m\u00e9dica b\u00e1sica\u201d. Es por ello que renueva su llamado a los responsables pol\u00edticos y al sector privado \u201ca que tomen las medidas adecuadas para garantizar el acceso a las vacunas contra el COVID-19 y a las tecnolog\u00edas esenciales necesarias para atender a los enfermos\u201d. \u201cY si hay que privilegiar a alguien \u2013ha puntualizado \u2013 que \u00e9se sea el m\u00e1s pobre, el m\u00e1s vulnerable, aquel que normalmente queda discriminado por no tener poder ni recursos econ\u00f3micos\u201d.<\/p>\n<p style=\"text-align: justify;\"><em>2.-Garantizar un trabajo digno sin que la tecnolog\u00eda perjudique al empleado<\/em><\/p>\n<p style=\"text-align: justify;\">Francisco se ha detenido despu\u00e9s en la situaci\u00f3n de precariedad que amenaza a gran parte de los trabajadores: \u201cEs particularmente necesario encontrar nuevas formas de trabajo que sean realmente capaces de satisfacer el potencial humano y que afirmen a la vez nuestra dignidad. Para garantizar un trabajo digno hay que cambiar el paradigma econ\u00f3mico dominante que s\u00f3lo busca ampliar las ganancias de las empresas\u201d. Adem\u00e1s, considera que el progreso tecnol\u00f3gico \u201ces \u00fatil y necesario\u201d siempre que sirva para hacer que el trabajo de las personas \u201csea m\u00e1s digno, m\u00e1s seguro, menos pesado y agobiante\u201d.<\/p>\n<p style=\"text-align: justify;\"><em>3.-La cultura del descarte es un atentado contra la humanidad<\/em><\/p>\n<p style=\"text-align: justify;\">El concepto \u201ccultura del descarte\u201d no pod\u00eda faltar en este mensaje. Francisco asegura que es \u201cun atentado contra la humanidad\u201d ya que se trata de \u201cuna gran falta de respeto por la dignidad humana, una promoci\u00f3n ideol\u00f3gica con visiones reduccionistas de la persona, una negaci\u00f3n de la universalidad de sus derechos fundamentales, y un deseo de poder y de control absolutos que domina la sociedad moderna de hoy\u201d.<\/p>\n<p style=\"text-align: justify;\"><em>4.-Garantizar derechos de los menores y de los ni\u00f1os por nacer<\/em><\/p>\n<p style=\"text-align: justify;\">Entre su lista de llamamientos en este mensaje, no pod\u00eda faltar su pensamiento hacia los menores, sobre todo los migrantes y refugiados: \u201cImploro a las autoridades civiles que presten especial atenci\u00f3n a los ni\u00f1os a quienes se les niegan sus derechos y dignidad fundamentales, en particular, su derecho a la vida y a la educaci\u00f3n\u201d. Francisco explica que la violencia contra los ni\u00f1os, incluido el horrible flagelo del abuso infantil y de la pornograf\u00eda \u201ctambi\u00e9n ha aumentado dram\u00e1ticamente\u201d. Adem\u00e1s \u2013 dice \u2013 \u201cmillones de ni\u00f1os no pueden regresar a la escuela. En muchas partes del mundo esta situaci\u00f3n amenaza un aumento del trabajo infantil, la explotaci\u00f3n, el maltratado y la desnutrici\u00f3n\u201d. En este sentido, ha querido denunciar tambi\u00e9n la promoci\u00f3n del aborto que se est\u00e1 viendo en muchos pa\u00edses, y que lo denominan como \u201cservicio esencial\u201d en la respuesta humanitaria: \u201cEs triste ver cu\u00e1n simple y conveniente se ha vuelto, para algunos, negar la existencia de vida como soluci\u00f3n a problemas que pueden y deben ser resueltos tanto para la madre como para el ni\u00f1o no nacido\u201d.<\/p>\n<p style=\"text-align: justify;\">Finalmente, adem\u00e1s de otros contenidos de ha enfatizado <em>\u201cque de una crisis no se sale igual: o salimos mejores o salimos peores\u201d<\/em> exhortando a repensar el futuro de nuestra casa com\u00fan y proyecto com\u00fan: \u201cEs una tarea compleja, que requiere honestidad y coherencia en el di\u00e1logo, a fin de mejorar el multilateralismo y la cooperaci\u00f3n entre los Estados\u201d y asegura que la pandemia nos ha mostrado \u201cque no podemos vivir sin el otro, o peor a\u00fan, uno contra el otro. Las Naciones Unidas fueron creadas para unir a las naciones, para acercarlas, como un puente entre los pueblos; us\u00e9moslo para transformar el desaf\u00edo que enfrentamos en una oportunidad para construir juntos, una vez m\u00e1s, el futuro que queremos\u201d.<\/p>\n<p><a href=\"https:\/\/iglesiatijuana.org\/web\/wp-content\/uploads\/2020\/09\/a1022b02-b4fb-4f2d-8135-ab95b201fc76.jpg\" data-rel=\"lightbox-image-0\" data-rl_title=\"\" data-rl_caption=\"\" title=\"\"><img loading=\"lazy\" decoding=\"async\" class=\"alignnone size-full wp-image-12493\" src=\"https:\/\/iglesiatijuana.org\/web\/wp-content\/uploads\/2020\/09\/a1022b02-b4fb-4f2d-8135-ab95b201fc76.jpg\" alt=\"\" width=\"1080\" height=\"625\" srcset=\"https:\/\/iglesiatijuana.org\/web\/wp-content\/uploads\/2020\/09\/a1022b02-b4fb-4f2d-8135-ab95b201fc76.jpg 1080w, https:\/\/iglesiatijuana.org\/web\/wp-content\/uploads\/2020\/09\/a1022b02-b4fb-4f2d-8135-ab95b201fc76-300x174.jpg 300w, https:\/\/iglesiatijuana.org\/web\/wp-content\/uploads\/2020\/09\/a1022b02-b4fb-4f2d-8135-ab95b201fc76-768x444.jpg 768w, https:\/\/iglesiatijuana.org\/web\/wp-content\/uploads\/2020\/09\/a1022b02-b4fb-4f2d-8135-ab95b201fc76-1024x593.jpg 1024w\" sizes=\"auto, (max-width: 1080px) 100vw, 1080px\" \/><\/a><\/p>\n","protected":false},"excerpt":{"rendered":"<p>Pastoral para la Comunicaci\u00f3n. &#8211; Con informaci\u00f3n a la prensa internacional el Papa Francisco ha enviado recientemente un video mensaje a las Naciones Unidas con ocasi\u00f3n de su 75\u00ba aniversario recordando al Secretario General,&#46;&#46;&#46;<\/p>\n","protected":false},"author":101012,"featured_media":12493,"comment_status":"closed","ping_status":"closed","sticky":false,"template":"","format":"standard","meta":{"_exactmetrics_skip_tracking":false,"_exactmetrics_sitenote_active":false,"_exactmetrics_sitenote_note":"","_exactmetrics_sitenote_category":0,"footnotes":""},"categories":[20,14],"tags":[],"class_list":["post-12492","post","type-post","status-publish","format-standard","has-post-thumbnail","hentry","category-evangelio-del-dia","category-ultimas-noticias"],"_links":{"self":[{"href":"https:\/\/iglesiatijuana.org\/web\/wp-json\/wp\/v2\/posts\/12492","targetHints":{"allow":["GET"]}}],"collection":[{"href":"https:\/\/iglesiatijuana.org\/web\/wp-json\/wp\/v2\/posts"}],"about":[{"href":"https:\/\/iglesiatijuana.org\/web\/wp-json\/wp\/v2\/types\/post"}],"author":[{"embeddable":true,"href":"https:\/\/iglesiatijuana.org\/web\/wp-json\/wp\/v2\/users\/101012"}],"replies":[{"embeddable":true,"href":"https:\/\/iglesiatijuana.org\/web\/wp-json\/wp\/v2\/comments?post=12492"}],"version-history":[{"count":1,"href":"https:\/\/iglesiatijuana.org\/web\/wp-json\/wp\/v2\/posts\/12492\/revisions"}],"predecessor-version":[{"id":12494,"href":"https:\/\/iglesiatijuana.org\/web\/wp-json\/wp\/v2\/posts\/12492\/revisions\/12494"}],"wp:featuredmedia":[{"embeddable":true,"href":"https:\/\/iglesiatijuana.org\/web\/wp-json\/wp\/v2\/media\/12493"}],"wp:attachment":[{"href":"https:\/\/iglesiatijuana.org\/web\/wp-json\/wp\/v2\/media?parent=12492"}],"wp:term":[{"taxonomy":"category","embeddable":true,"href":"https:\/\/iglesiatijuana.org\/web\/wp-json\/wp\/v2\/categories?post=12492"},{"taxonomy":"post_tag","embeddable":true,"href":"https:\/\/iglesiatijuana.org\/web\/wp-json\/wp\/v2\/tags?post=12492"}],"curies":[{"name":"wp","href":"https:\/\/api.w.org\/{rel}","templated":true}]}}