{"id":12547,"date":"2020-10-12T23:10:00","date_gmt":"2020-10-13T06:10:00","guid":{"rendered":"https:\/\/iglesiatijuana.org\/web\/?p=12547"},"modified":"2020-10-12T23:10:00","modified_gmt":"2020-10-13T06:10:00","slug":"santa-misa-12-al-17-de-octubre","status":"publish","type":"post","link":"https:\/\/iglesiatijuana.org\/web\/santa-misa-12-al-17-de-octubre\/","title":{"rendered":"SANTA MISA &#8211; 12 AL 17 DE OCTUBRE"},"content":{"rendered":"<p>Pastoral para la Comunicaci\u00f3n. \u2013\u00a0A la Comunidad de la Arquidi\u00f3cesis de Tijuana que nos sigue en las transmisiones de las Celebraciones Eucar\u00edsticas les compartimos que del lunes 12 al s\u00e1bado 17 de octubre, la Santa Misa ON-LINE se transmitir\u00e1 en vivo por este medio, a las 7:00 a.m. desde la Capilla del Seminario Mayor y a las 7:00 p.m. desde la Parroquia de Nuestra Se\u00f1ora de Guadalupe, Zona R\u00edo (Nueva Catedral).<\/p>\n<p>&nbsp;<\/p>\n<p><a href=\"https:\/\/iglesiatijuana.org\/web\/wp-content\/uploads\/2020\/10\/121136753_10158536051099089_345893350504275049_o.jpg\" data-rel=\"lightbox-image-0\" data-rl_title=\"\" data-rl_caption=\"\" title=\"\"><img loading=\"lazy\" decoding=\"async\" class=\"alignnone size-full wp-image-12548\" src=\"https:\/\/iglesiatijuana.org\/web\/wp-content\/uploads\/2020\/10\/121136753_10158536051099089_345893350504275049_o.jpg\" alt=\"\" width=\"1080\" height=\"510\" srcset=\"https:\/\/iglesiatijuana.org\/web\/wp-content\/uploads\/2020\/10\/121136753_10158536051099089_345893350504275049_o.jpg 1080w, https:\/\/iglesiatijuana.org\/web\/wp-content\/uploads\/2020\/10\/121136753_10158536051099089_345893350504275049_o-300x142.jpg 300w, https:\/\/iglesiatijuana.org\/web\/wp-content\/uploads\/2020\/10\/121136753_10158536051099089_345893350504275049_o-768x363.jpg 768w, https:\/\/iglesiatijuana.org\/web\/wp-content\/uploads\/2020\/10\/121136753_10158536051099089_345893350504275049_o-1024x484.jpg 1024w, https:\/\/iglesiatijuana.org\/web\/wp-content\/uploads\/2020\/10\/121136753_10158536051099089_345893350504275049_o-520x245.jpg 520w, https:\/\/iglesiatijuana.org\/web\/wp-content\/uploads\/2020\/10\/121136753_10158536051099089_345893350504275049_o-720x340.jpg 720w\" sizes=\"auto, (max-width: 1080px) 100vw, 1080px\" \/><\/a><\/p>\n","protected":false},"excerpt":{"rendered":"<p>Pastoral para la Comunicaci\u00f3n. \u2013\u00a0A la Comunidad de la Arquidi\u00f3cesis de Tijuana que nos sigue en las transmisiones de las Celebraciones Eucar\u00edsticas les compartimos que del lunes 12 al s\u00e1bado 17 de octubre, la&#46;&#46;&#46;<\/p>\n","protected":false},"author":101012,"featured_media":12548,"comment_status":"closed","ping_status":"closed","sticky":false,"template":"","format":"standard","meta":{"_exactmetrics_skip_tracking":false,"_exactmetrics_sitenote_active":false,"_exactmetrics_sitenote_note":"","_exactmetrics_sitenote_category":0,"footnotes":""},"categories":[14],"tags":[],"class_list":["post-12547","post","type-post","status-publish","format-standard","has-post-thumbnail","hentry","category-ultimas-noticias"],"_links":{"self":[{"href":"https:\/\/iglesiatijuana.org\/web\/wp-json\/wp\/v2\/posts\/12547","targetHints":{"allow":["GET"]}}],"collection":[{"href":"https:\/\/iglesiatijuana.org\/web\/wp-json\/wp\/v2\/posts"}],"about":[{"href":"https:\/\/iglesiatijuana.org\/web\/wp-json\/wp\/v2\/types\/post"}],"author":[{"embeddable":true,"href":"https:\/\/iglesiatijuana.org\/web\/wp-json\/wp\/v2\/users\/101012"}],"replies":[{"embeddable":true,"href":"https:\/\/iglesiatijuana.org\/web\/wp-json\/wp\/v2\/comments?post=12547"}],"version-history":[{"count":1,"href":"https:\/\/iglesiatijuana.org\/web\/wp-json\/wp\/v2\/posts\/12547\/revisions"}],"predecessor-version":[{"id":12549,"href":"https:\/\/iglesiatijuana.org\/web\/wp-json\/wp\/v2\/posts\/12547\/revisions\/12549"}],"wp:featuredmedia":[{"embeddable":true,"href":"https:\/\/iglesiatijuana.org\/web\/wp-json\/wp\/v2\/media\/12548"}],"wp:attachment":[{"href":"https:\/\/iglesiatijuana.org\/web\/wp-json\/wp\/v2\/media?parent=12547"}],"wp:term":[{"taxonomy":"category","embeddable":true,"href":"https:\/\/iglesiatijuana.org\/web\/wp-json\/wp\/v2\/categories?post=12547"},{"taxonomy":"post_tag","embeddable":true,"href":"https:\/\/iglesiatijuana.org\/web\/wp-json\/wp\/v2\/tags?post=12547"}],"curies":[{"name":"wp","href":"https:\/\/api.w.org\/{rel}","templated":true}]}}