{"id":1304,"date":"2011-05-23T13:09:24","date_gmt":"2011-05-23T20:09:24","guid":{"rendered":"http:\/\/iglesiatijuana.org\/web\/ama-2\/"},"modified":"2011-05-23T13:09:24","modified_gmt":"2011-05-23T20:09:24","slug":"ama-2","status":"publish","type":"post","link":"https:\/\/iglesiatijuana.org\/web\/ama-2\/","title":{"rendered":"El que me ama ser\u00e1 fiel a mi palabra, y mi Padre lo amar\u00e1; iremos a \u00e9l y habitaremos en \u00e9l"},"content":{"rendered":"<p><!--[if gte mso 9]><xml>  <w:WordDocument>   <w:View>Normal<\/w:View>   <w:Zoom>0<\/w:Zoom>   <w:HyphenationZone>21<\/w:HyphenationZone>   <w:PunctuationKerning\/>   <w:ValidateAgainstSchemas\/>   <w:SaveIfXMLInvalid>false<\/w:SaveIfXMLInvalid>   <w:IgnoreMixedContent>false<\/w:IgnoreMixedContent>   <w:AlwaysShowPlaceholderText>false<\/w:AlwaysShowPlaceholderText>   <w:Compatibility>    <w:BreakWrappedTables\/>    <w:SnapToGridInCell\/>    <w:WrapTextWithPunct\/>    <w:UseAsianBreakRules\/>    <w:DontGrowAutofit\/>   <\/w:Compatibility>   <w:BrowserLevel>MicrosoftInternetExplorer4<\/w:BrowserLevel>  <\/w:WordDocument> <\/xml><![endif]--><!--[if gte mso 9]><xml>  <w:LatentStyles DefLockedState=\"false\" LatentStyleCount=\"156\">  <\/w:LatentStyles> <\/xml><![endif]--><!--[if !mso]><object  classid=\"clsid:38481807-CA0E-42D2-BF39-B33AF135CC4D\" id=ieooui><\/object> \n\n<style> st1\\:*{behavior:url(#ieooui) } <\/style>\n\n <![endif]--><!--[if gte mso 10]> \n\n<style>  \/* Style Definitions *\/  table.MsoNormalTable \t{mso-style-name:\"Tabla normal\"; \tmso-tstyle-rowband-size:0; \tmso-tstyle-colband-size:0; \tmso-style-noshow:yes; \tmso-style-parent:\"\"; \tmso-padding-alt:0cm 5.4pt 0cm 5.4pt; \tmso-para-margin:0cm; \tmso-para-margin-bottom:.0001pt; \tmso-pagination:widow-orphan; \tfont-size:10.0pt; \tfont-family:\"Times New Roman\"; \tmso-ansi-language:#0400; \tmso-fareast-language:#0400; \tmso-bidi-language:#0400;} <\/style>\n\n <![endif]-->  <\/p>\n<p style=\"text-align: justify\" class=\"MsoNormal\"><span class=\"ecxapple-style-span\"><span style=\"font-family: Arial\">Lunes de la quinta semana de pascua<\/span><\/span><\/p>\n<p style=\"text-align: justify\" class=\"MsoNormal\"><span style=\"font-family: Arial\">&nbsp;<\/span><\/p>\n<p style=\"text-align: justify\" class=\"MsoNormal\"><span class=\"ecxapple-style-span\"><span style=\"font-family: Arial\">LECTIO<\/span><\/span><\/p>\n<p style=\"text-align: justify\" class=\"MsoNormal\"><span style=\"font-family: Arial\">&nbsp;<\/span><\/p>\n<p style=\"text-align: justify\" class=\"MsoNormal\"><span class=\"ecxapple-style-span\"><strong><span style=\"font-family: Arial\">Evangelio: Juan 14,21-26<\/span><\/strong><\/span><strong><\/strong><\/p>\n<p style=\"text-align: justify\" class=\"MsoNormal\"><span style=\"font-family: Arial\">&nbsp;<\/span><\/p>\n<p style=\"text-align: justify\" class=\"MsoNormal\"><span class=\"ecxapple-style-span\"><span style=\"font-family: Arial\">En aquel tiempo, dijo Jes&uacute;s a sus disc&iacute;pulos: El que recibe mis mandamientos y los cumple, ese es el que me ama; y el que me ama ser&aacute; amado por mi Padre, y yo lo amar&eacute; y me manifestar&eacute; a &eacute;l&raquo;.<\/span><\/span><\/p>\n<p style=\"text-align: justify\" class=\"MsoNormal\"><span class=\"ecxapple-style-span\"><span style=\"font-family: Arial\">Judas &ndash;no el Iscariote&ndash; le dijo: &laquo;Se&ntilde;or, &iquest;por qu&eacute; te vas a manifestar a nosotros y no al mundo?&raquo;. Jes&uacute;s le respondi&oacute;: &laquo;El que me ama ser&aacute; fiel a mi palabra, y mi Padre lo amar&aacute;; iremos a &eacute;l y habitaremos en &eacute;l.<\/span><\/span><\/p>\n<p style=\"text-align: justify\" class=\"MsoNormal\"><span class=\"ecxapple-style-span\"><span style=\"font-family: Arial\">El que no me ama no es fiel a mis palabras. La palabra que ustedes oyeron no es m&iacute;a, sino del Padre que me envi&oacute;. Yo les digo estas cosas mientras permanezco con ustedes. Pero el Par&aacute;clito, el Esp&iacute;ritu Santo, que el Padre enviar&aacute; en mi Nombre, les ense&ntilde;ar&aacute; todo y les recordar&aacute; lo que les he dicho.<\/span><\/span><\/p>\n<p style=\"text-align: justify\" class=\"MsoNormal\"><span style=\"font-family: Arial\">&nbsp;<\/span><\/p>\n<p style=\"text-align: justify\" class=\"MsoNormal\"><span class=\"ecxapple-style-span\"><strong><span style=\"font-family: Arial\">ORATIO<\/span><\/strong><\/span><strong><\/strong><\/p>\n<p style=\"text-align: justify\" class=\"MsoNormal\"><span class=\"ecxapple-style-span\"><span style=\"font-family: Arial\">Te bendigo y te doy gracias, Se&ntilde;or m&iacute;o, porque hoy has abierto mis ojos a todo lo que quieres obrar en m&iacute; y conmigo. &iquest;C&oacute;mo es posible que, por lo general, viva yo como si estuvieras lejos? &iquest;C&oacute;mo es posible que te busque fuera de m&iacute;? &iquest;C&oacute;mo es posible que me olvide de que est&aacute;s conmigo, dentro de m&iacute;?<\/span><\/span><\/p>\n<p style=\"text-align: justify\" class=\"MsoNormal\"><span class=\"ecxapple-style-span\"><span style=\"font-family: Arial\">Se&ntilde;or, perdona mi ceguera y mi distracci&oacute;n. Perdona mi poco amor, que me impide buscarte all&iacute; donde t&uacute; quieres ser encontrado. Perd&oacute;name, porque lleno<\/span><\/span><\/p>\n<p style=\"text-align: justify\" class=\"MsoNormal\"><span class=\"ecxapple-style-span\"><span style=\"font-family: Arial\">en ocasiones mi coraz&oacute;n de personas o cosas que no te dejan sitio a ti. Perdona todas las veces que me lamento por mi soledad, como si t&uacute; tr&iacute;e hubieras dejado solo para recorrer los caminos del mundo.<\/span><\/span><\/p>\n<p style=\"text-align: justify\" class=\"MsoNormal\"><span class=\"ecxapple-style-span\"><span style=\"font-family: Arial\">Se&ntilde;or, hazte sentir t&uacute; tambi&eacute;n. Hazme volver, como t&uacute; sabes hacerlo, a la interioridad, a tu presencia dentro de m&iacute;. Ay&uacute;dame a alejar lo que ocupa el sitio que t&uacute; te has reservado en lo m&aacute;s &iacute;ntimo de m&iacute;. Purifica mi coraz&oacute;n para que pueda verte presente en mi vida, operante, tranquilizador, indispensable. Refuerza, Se&ntilde;or, mi coraz&oacute;n, para que pueda verte y sentirte, para que pueda entablar contigo un di&aacute;logo de amor y vivir contigo una historia de amor destinada a no acabar nunca.<\/span><\/span><\/p>\n<p style=\"text-align: justify\" class=\"MsoNormal\"><span style=\"font-family: Arial\">&nbsp;<\/span><\/p>\n<p style=\"text-align: justify\" class=\"MsoNormal\"><span class=\"ecxapple-style-span\"><strong><span style=\"font-family: Arial\">CONTEMPLATIO<\/span><\/strong><\/span><strong><\/strong><\/p>\n<p style=\"text-align: justify\" class=\"MsoNormal\"><span class=\"ecxapple-style-span\"><span style=\"font-family: Arial\">Oh Dios m&iacute;o, Trinidad a la que adoro, ay&uacute;dame a olvidarme de m&iacute; por completo para establecerme en ti, inm&oacute;vil y apacible como si ya mi alma estuviera en la eternidad; que nada pueda turbar mi paz ni hacerme salir de ti, oh mi Inmutable, sino que cada minuto me lleve m&aacute;s lejos en la profundidad de tu misterio.<\/span><\/span><\/p>\n<p style=\"text-align: justify\" class=\"MsoNormal\"><span class=\"ecxapple-style-span\"><span style=\"font-family: Arial\">Pacifica mi alma, haz en ella tu cielo, tu morada amada y el lugar de tu reposo; que yo no te deje en ella nunca solo; que est&eacute; en ti enteramente, despierta del todo en mi fe, toda adoraci&oacute;n, entregada por completo a tu acci&oacute;n creadora (Isabel de la Trinidad, cit. en A. Hamman, Compendio de la oraci&oacute;n cristiana, Edicep, Valencia 1990, p. 204).<\/span><\/span><\/p>\n<p style=\"text-align: justify\" class=\"MsoNormal\"><span style=\"font-family: Arial\">&nbsp;<\/span><\/p>\n<p style=\"text-align: justify\" class=\"MsoNormal\"><span class=\"ecxapple-style-span\"><strong><span style=\"font-family: Arial\">ACTIO<\/span><\/strong><\/span><strong><\/strong><\/p>\n<p style=\"text-align: justify\" class=\"MsoNormal\"><span class=\"ecxapple-style-span\"><span style=\"font-family: Arial\">Repite con frecuencia y vive hoy la Palabra: &laquo;Vendremos a &eacute;l y viviremos en &eacute;l&raquo; (hl 14,23).<\/span><\/span><\/p>\n<p style=\"text-align: justify\" class=\"MsoNormal\"><span style=\"font-family: Arial\">&nbsp;<\/span><\/p>\n<p style=\"text-align: justify\" class=\"MsoNormal\"><span class=\"ecxapple-style-span\"><strong><span style=\"font-family: Arial\">Mons. Salvador Cisneros.<\/span><\/strong><\/span><strong><\/strong><\/p>\n<p style=\"text-align: justify\" class=\"MsoNormal\"><span class=\"ecxapple-style-span\"><strong><span style=\"font-family: Arial\">Parroquia Santa Teresa de &Aacute;vila.<\/span><\/strong><\/span><strong><\/strong><\/p>\n<p style=\"text-align: justify\" class=\"MsoNormal\"><span style=\"font-family: Arial\">&nbsp;<\/span><\/p>\n","protected":false},"excerpt":{"rendered":"<p>Lunes de la quinta semana de pascua &nbsp; LECTIO &nbsp; Evangelio: Juan 14,21-26 &nbsp; En aquel tiempo, dijo Jes&uacute;s a sus disc&iacute;pulos: El que recibe mis mandamientos y los cumple, ese es el que&#46;&#46;&#46;<\/p>\n","protected":false},"author":5,"featured_media":0,"comment_status":"closed","ping_status":"open","sticky":false,"template":"","format":"standard","meta":{"_exactmetrics_skip_tracking":false,"_exactmetrics_sitenote_active":false,"_exactmetrics_sitenote_note":"","_exactmetrics_sitenote_category":0,"footnotes":""},"categories":[20],"tags":[],"class_list":["post-1304","post","type-post","status-publish","format-standard","hentry","category-evangelio-del-dia"],"_links":{"self":[{"href":"https:\/\/iglesiatijuana.org\/web\/wp-json\/wp\/v2\/posts\/1304","targetHints":{"allow":["GET"]}}],"collection":[{"href":"https:\/\/iglesiatijuana.org\/web\/wp-json\/wp\/v2\/posts"}],"about":[{"href":"https:\/\/iglesiatijuana.org\/web\/wp-json\/wp\/v2\/types\/post"}],"author":[{"embeddable":true,"href":"https:\/\/iglesiatijuana.org\/web\/wp-json\/wp\/v2\/users\/5"}],"replies":[{"embeddable":true,"href":"https:\/\/iglesiatijuana.org\/web\/wp-json\/wp\/v2\/comments?post=1304"}],"version-history":[{"count":0,"href":"https:\/\/iglesiatijuana.org\/web\/wp-json\/wp\/v2\/posts\/1304\/revisions"}],"wp:attachment":[{"href":"https:\/\/iglesiatijuana.org\/web\/wp-json\/wp\/v2\/media?parent=1304"}],"wp:term":[{"taxonomy":"category","embeddable":true,"href":"https:\/\/iglesiatijuana.org\/web\/wp-json\/wp\/v2\/categories?post=1304"},{"taxonomy":"post_tag","embeddable":true,"href":"https:\/\/iglesiatijuana.org\/web\/wp-json\/wp\/v2\/tags?post=1304"}],"curies":[{"name":"wp","href":"https:\/\/api.w.org\/{rel}","templated":true}]}}