{"id":13310,"date":"2021-08-04T11:04:39","date_gmt":"2021-08-04T18:04:39","guid":{"rendered":"https:\/\/iglesiatijuana.org\/web\/?p=13310"},"modified":"2021-08-04T11:06:53","modified_gmt":"2021-08-04T18:06:53","slug":"ordenacion-de-presbiteros-verano-2021","status":"publish","type":"post","link":"https:\/\/iglesiatijuana.org\/web\/ordenacion-de-presbiteros-verano-2021\/","title":{"rendered":"Ordenaci\u00f3n de Presb\u00edteros \u2013 Verano 2021"},"content":{"rendered":"<p style=\"text-align: center;\">Con gran alegr\u00eda,<\/p>\n<p style=\"text-align: center;\"><strong>La ARQUIDI\u00d3CESIS DE TIJUANA<\/strong><\/p>\n<p style=\"text-align: center;\">y su Arzobispo Metropolitano<\/p>\n<p style=\"text-align: center;\"><strong>DON FRANCISCO MORENO BARR\u00d3N<\/strong><\/p>\n<p>&nbsp;<\/p>\n<p style=\"text-align: center;\">le(s) participan que, en el<\/p>\n<p style=\"text-align: center;\"><strong>V ANIVERSARIO DEL INICIO DE SU SERVICIO PASTORAL<\/strong><\/p>\n<p style=\"text-align: center;\">ordenar\u00e1 PRESB\u00cdTEROS a los Di\u00e1conos:<\/p>\n<p>&nbsp;<\/p>\n<p style=\"text-align: center;\"><strong>JUAN CH\u00c1VEZ LUGO<\/strong><\/p>\n<p style=\"text-align: center;\"><strong>\u00c1NGEL GIOVANNI PAREDES FLORES<\/strong><\/p>\n<p style=\"text-align: center;\"><strong>LUIS ALBERTO P\u00c9REZ P\u00c9REZ<\/strong><\/p>\n<p style=\"text-align: center;\"><strong>LUIS ANTONIO P\u00c9REZ CRUZ<\/strong><\/p>\n<p style=\"text-align: center;\">Y le(s) invitan a esta Solemne Eucarist\u00eda.<\/p>\n<p>&nbsp;<\/p>\n<p style=\"text-align: center;\"><strong>Lugar:<\/strong> Parroquia de Nuestra Se\u00f1ora de Guadalupe (Zona R\u00edo)<\/p>\n<p style=\"text-align: center;\"><strong>Fecha:<\/strong> Mi\u00e9rcoles 11 de agosto de 2021<\/p>\n<p style=\"text-align: center;\"><strong>Hora:<\/strong> 11:00 a.m.<\/p>\n<p>&nbsp;<\/p>\n<p style=\"text-align: center;\">Tijuana, B.C., M\u00e9xico.<\/p>\n<p>&nbsp;<\/p>\n<p style=\"text-align: center;\"><strong>Sigue la transmisi\u00f3n en vivo por medio de Espacio Digital &#8211; Arquidi\u00f3cesis de Tijuana: <\/strong><\/p>\n<p style=\"text-align: center;\">https:\/\/www.facebook.com\/IglesiaTJ<\/p>\n<p>&nbsp;<\/p>\n<p><a href=\"https:\/\/iglesiatijuana.org\/web\/wp-content\/uploads\/2021\/08\/225547316_10208720531126637_8294157044639890917_n.jpg\" data-rel=\"lightbox-image-0\" data-rl_title=\"\" data-rl_caption=\"\" title=\"\"><img loading=\"lazy\" decoding=\"async\" class=\"alignnone size-full wp-image-13311\" src=\"https:\/\/iglesiatijuana.org\/web\/wp-content\/uploads\/2021\/08\/225547316_10208720531126637_8294157044639890917_n.jpg\" alt=\"\" width=\"2047\" height=\"1506\" srcset=\"https:\/\/iglesiatijuana.org\/web\/wp-content\/uploads\/2021\/08\/225547316_10208720531126637_8294157044639890917_n.jpg 2047w, https:\/\/iglesiatijuana.org\/web\/wp-content\/uploads\/2021\/08\/225547316_10208720531126637_8294157044639890917_n-300x221.jpg 300w, https:\/\/iglesiatijuana.org\/web\/wp-content\/uploads\/2021\/08\/225547316_10208720531126637_8294157044639890917_n-768x565.jpg 768w, https:\/\/iglesiatijuana.org\/web\/wp-content\/uploads\/2021\/08\/225547316_10208720531126637_8294157044639890917_n-1024x753.jpg 1024w\" sizes=\"auto, (max-width: 2047px) 100vw, 2047px\" \/><\/a><\/p>\n","protected":false},"excerpt":{"rendered":"<p>Con gran alegr\u00eda, La ARQUIDI\u00d3CESIS DE TIJUANA y su Arzobispo Metropolitano DON FRANCISCO MORENO BARR\u00d3N &nbsp; le(s) participan que, en el V ANIVERSARIO DEL INICIO DE SU SERVICIO PASTORAL ordenar\u00e1 PRESB\u00cdTEROS a los Di\u00e1conos:&#46;&#46;&#46;<\/p>\n","protected":false},"author":101012,"featured_media":13311,"comment_status":"closed","ping_status":"closed","sticky":false,"template":"","format":"standard","meta":{"_exactmetrics_skip_tracking":false,"_exactmetrics_sitenote_active":false,"_exactmetrics_sitenote_note":"","_exactmetrics_sitenote_category":0,"footnotes":""},"categories":[20,23,14],"tags":[],"class_list":["post-13310","post","type-post","status-publish","format-standard","has-post-thumbnail","hentry","category-evangelio-del-dia","category-eventos-eventos","category-ultimas-noticias"],"_links":{"self":[{"href":"https:\/\/iglesiatijuana.org\/web\/wp-json\/wp\/v2\/posts\/13310","targetHints":{"allow":["GET"]}}],"collection":[{"href":"https:\/\/iglesiatijuana.org\/web\/wp-json\/wp\/v2\/posts"}],"about":[{"href":"https:\/\/iglesiatijuana.org\/web\/wp-json\/wp\/v2\/types\/post"}],"author":[{"embeddable":true,"href":"https:\/\/iglesiatijuana.org\/web\/wp-json\/wp\/v2\/users\/101012"}],"replies":[{"embeddable":true,"href":"https:\/\/iglesiatijuana.org\/web\/wp-json\/wp\/v2\/comments?post=13310"}],"version-history":[{"count":4,"href":"https:\/\/iglesiatijuana.org\/web\/wp-json\/wp\/v2\/posts\/13310\/revisions"}],"predecessor-version":[{"id":13315,"href":"https:\/\/iglesiatijuana.org\/web\/wp-json\/wp\/v2\/posts\/13310\/revisions\/13315"}],"wp:featuredmedia":[{"embeddable":true,"href":"https:\/\/iglesiatijuana.org\/web\/wp-json\/wp\/v2\/media\/13311"}],"wp:attachment":[{"href":"https:\/\/iglesiatijuana.org\/web\/wp-json\/wp\/v2\/media?parent=13310"}],"wp:term":[{"taxonomy":"category","embeddable":true,"href":"https:\/\/iglesiatijuana.org\/web\/wp-json\/wp\/v2\/categories?post=13310"},{"taxonomy":"post_tag","embeddable":true,"href":"https:\/\/iglesiatijuana.org\/web\/wp-json\/wp\/v2\/tags?post=13310"}],"curies":[{"name":"wp","href":"https:\/\/api.w.org\/{rel}","templated":true}]}}