{"id":13380,"date":"2021-10-05T16:07:36","date_gmt":"2021-10-05T23:07:36","guid":{"rendered":"https:\/\/iglesiatijuana.org\/web\/?p=13380"},"modified":"2021-10-05T16:07:36","modified_gmt":"2021-10-05T23:07:36","slug":"agradecimiento-de-nuestro-arzobispo-francisco-a-la-comunidad-social-y-a-la-iglesia-diocesana-de-tijuana","status":"publish","type":"post","link":"https:\/\/iglesiatijuana.org\/web\/agradecimiento-de-nuestro-arzobispo-francisco-a-la-comunidad-social-y-a-la-iglesia-diocesana-de-tijuana\/","title":{"rendered":"AGRADECIMIENTO DE NUESTRO ARZOBISPO FRANCISCO, A LA COMUNIDAD SOCIAL Y A LA IGLESIA DIOCESANA DE TIJUANA"},"content":{"rendered":"<p style=\"text-align: center;\">A la Arquidi\u00f3cesis de Tijuana,<\/p>\n<p style=\"text-align: center;\">agradezco sus saludos y oraci\u00f3n con motivo de mi<\/p>\n<p style=\"text-align: center;\">cumplea\u00f1os, onom\u00e1stico y aniversario de mi bautismo,<\/p>\n<p style=\"text-align: center;\">y les renuevo mi decisi\u00f3n de servirlos y amarlos siempre.<\/p>\n<p style=\"text-align: center;\">\n<p style=\"text-align: center;\">\u00a1Unidos en la misericordia!<\/p>\n<p style=\"text-align: center;\">\n<p style=\"text-align: center;\">+ Francisco Moreno Barr\u00f3n<\/p>\n<p style=\"text-align: center;\"><em>Arzobispo Metropolitano de Tijuana<\/em><\/p>\n","protected":false},"excerpt":{"rendered":"<p>A la Arquidi\u00f3cesis de Tijuana, agradezco sus saludos y oraci\u00f3n con motivo de mi cumplea\u00f1os, onom\u00e1stico y aniversario de mi bautismo, y les renuevo mi decisi\u00f3n de servirlos y amarlos siempre. \u00a1Unidos en la&#46;&#46;&#46;<\/p>\n","protected":false},"author":101012,"featured_media":13381,"comment_status":"closed","ping_status":"closed","sticky":false,"template":"","format":"standard","meta":{"_exactmetrics_skip_tracking":false,"_exactmetrics_sitenote_active":false,"_exactmetrics_sitenote_note":"","_exactmetrics_sitenote_category":0,"footnotes":""},"categories":[20,14],"tags":[],"class_list":["post-13380","post","type-post","status-publish","format-standard","has-post-thumbnail","hentry","category-evangelio-del-dia","category-ultimas-noticias"],"_links":{"self":[{"href":"https:\/\/iglesiatijuana.org\/web\/wp-json\/wp\/v2\/posts\/13380","targetHints":{"allow":["GET"]}}],"collection":[{"href":"https:\/\/iglesiatijuana.org\/web\/wp-json\/wp\/v2\/posts"}],"about":[{"href":"https:\/\/iglesiatijuana.org\/web\/wp-json\/wp\/v2\/types\/post"}],"author":[{"embeddable":true,"href":"https:\/\/iglesiatijuana.org\/web\/wp-json\/wp\/v2\/users\/101012"}],"replies":[{"embeddable":true,"href":"https:\/\/iglesiatijuana.org\/web\/wp-json\/wp\/v2\/comments?post=13380"}],"version-history":[{"count":1,"href":"https:\/\/iglesiatijuana.org\/web\/wp-json\/wp\/v2\/posts\/13380\/revisions"}],"predecessor-version":[{"id":13382,"href":"https:\/\/iglesiatijuana.org\/web\/wp-json\/wp\/v2\/posts\/13380\/revisions\/13382"}],"wp:featuredmedia":[{"embeddable":true,"href":"https:\/\/iglesiatijuana.org\/web\/wp-json\/wp\/v2\/media\/13381"}],"wp:attachment":[{"href":"https:\/\/iglesiatijuana.org\/web\/wp-json\/wp\/v2\/media?parent=13380"}],"wp:term":[{"taxonomy":"category","embeddable":true,"href":"https:\/\/iglesiatijuana.org\/web\/wp-json\/wp\/v2\/categories?post=13380"},{"taxonomy":"post_tag","embeddable":true,"href":"https:\/\/iglesiatijuana.org\/web\/wp-json\/wp\/v2\/tags?post=13380"}],"curies":[{"name":"wp","href":"https:\/\/api.w.org\/{rel}","templated":true}]}}