{"id":13383,"date":"2021-10-08T10:42:30","date_gmt":"2021-10-08T17:42:30","guid":{"rendered":"https:\/\/iglesiatijuana.org\/web\/?p=13383"},"modified":"2021-10-08T10:42:30","modified_gmt":"2021-10-08T17:42:30","slug":"domund-2021-no-podemos-dejar-de-hablar-de-lo-que-hemos-visto-y-oido-hch-420","status":"publish","type":"post","link":"https:\/\/iglesiatijuana.org\/web\/domund-2021-no-podemos-dejar-de-hablar-de-lo-que-hemos-visto-y-oido-hch-420\/","title":{"rendered":"DOMUND 2021: \u201cNo podemos dejar de hablar de lo que hemos visto y o\u00eddo\u00bb (Hch 4,20)"},"content":{"rendered":"<p style=\"text-align: center;\"><a href=\"https:\/\/iglesiatijuana.org\/web\/wp-content\/uploads\/2021\/10\/14520ca5-8f43-41b6-8b5e-67bcdbeb3a0f.jpg\" data-rel=\"lightbox-image-0\" data-rl_title=\"\" data-rl_caption=\"\" title=\"\"><img loading=\"lazy\" decoding=\"async\" class=\"alignnone size-full wp-image-13385\" src=\"https:\/\/iglesiatijuana.org\/web\/wp-content\/uploads\/2021\/10\/14520ca5-8f43-41b6-8b5e-67bcdbeb3a0f.jpg\" alt=\"\" width=\"225\" height=\"225\" srcset=\"https:\/\/iglesiatijuana.org\/web\/wp-content\/uploads\/2021\/10\/14520ca5-8f43-41b6-8b5e-67bcdbeb3a0f.jpg 225w, https:\/\/iglesiatijuana.org\/web\/wp-content\/uploads\/2021\/10\/14520ca5-8f43-41b6-8b5e-67bcdbeb3a0f-150x150.jpg 150w, https:\/\/iglesiatijuana.org\/web\/wp-content\/uploads\/2021\/10\/14520ca5-8f43-41b6-8b5e-67bcdbeb3a0f-160x160.jpg 160w\" sizes=\"auto, (max-width: 225px) 100vw, 225px\" \/><\/a><\/p>\n<p>&nbsp;<\/p>\n<p style=\"text-align: justify;\"><em>La Jornada Mundial de las Misiones, que se celebra cada a\u00f1o el pen\u00faltimo domingo de octubre, en esta edici\u00f3n el pr\u00f3ximo domingo 24 de octubre de 2021. Recordamos agradecidamente a todas esas personas que, con su testimonio de vida, nos ayudan a renovar nuestro compromiso bautismal de ser ap\u00f3stoles generosos y alegres del Evangelio.<\/em><\/p>\n<p style=\"text-align: justify;\"><strong>\u00a0<\/strong><\/p>\n<p style=\"text-align: justify;\">El lema de la Jornada Mundial de las Misiones de este a\u00f1o, \u00abNo podemos dejar de hablar de lo que hemos visto y o\u00eddo\u00bb (Hch 4,20), es una invitaci\u00f3n a cada uno de nosotros a \u201chacernos cargo\u201d y dar a conocer aquello que tenemos en el coraz\u00f3n. Esta misi\u00f3n es y ha sido siempre la identidad de la Iglesia: \u00abElla existe para evangelizar\u00bb (S. Pablo VI, Exhort. ap. Evangelii nuntiandi, 14). Nuestra vida de fe se debilita, pierde profec\u00eda y capacidad de asombro y gratitud en el aislamiento personal o encerr\u00e1ndose en peque\u00f1os grupos; por su propia din\u00e1mica exige una creciente apertura capaz de llegar y abrazar a todos.<\/p>\n<p>&nbsp;<\/p>\n<p style=\"text-align: justify;\">Los primeros cristianos, lejos de ser seducidos para recluirse en una \u00e9lite, fueron atra\u00eddos por el Se\u00f1or y por la vida nueva que ofrec\u00eda para ir entre las gentes y testimoniar lo que hab\u00edan visto y o\u00eddo: el Reino de Dios est\u00e1 cerca. Lo hicieron con la generosidad, la gratitud y la nobleza propias de aquellos que siembran sabiendo que otros comer\u00e1n el fruto de su entrega y sacrificio. Por eso me gusta pensar que \u00abaun los m\u00e1s d\u00e9biles, limitados y heridos pueden ser misioneros a su manera, porque siempre hay que permitir que el bien se comunique, aunque conviva con muchas fragilidades\u00bb (Exhort. ap. postsin. Christus vivit, 239).<\/p>\n<p>&nbsp;<\/p>\n<p style=\"text-align: justify;\">No es f\u00e1cil el momento actual de nuestra historia. La situaci\u00f3n de la pandemia evidenci\u00f3 y amplific\u00f3 el dolor, la soledad, la pobreza y las injusticias que ya tantos padec\u00edan y puso al descubierto nuestras falsas seguridades y las fragmentaciones y polarizaciones que silenciosamente nos laceran. Los m\u00e1s fr\u00e1giles y vulnerables experimentaron a\u00fan m\u00e1s su vulnerabilidad y fragilidad. Hemos experimentado el des\u00e1nimo, el desencanto, el cansancio, y hasta la amargura conformista y desesperanzadora pudo apoderarse de nuestras miradas. Pero nosotros \u00abno nos anunciamos a nosotros mismos, sino a Jes\u00fas como Cristo y Se\u00f1or, pues no somos m\u00e1s que servidores de ustedes por causa de Jes\u00fas\u00bb (2 Co 4,5). Por eso sentimos resonar en nuestras comunidades y hogares la Palabra de vida que se hace eco en nuestros corazones y nos dice: \u00abNo est\u00e1 aqu\u00ed: \u00a1ha resucitado!\u00bb (Lc 24,6); Palabra de esperanza que rompe todo determinismo y, para aquellos que se dejan tocar, regala la libertad y la audacia necesarias para ponerse de pie y buscar creativamente todas las maneras posibles de vivir la compasi\u00f3n, ese \u201csacramental\u201d de la cercan\u00eda de Dios con nosotros que no abandona a nadie al borde del camino.<\/p>\n<p style=\"text-align: justify;\">En este tiempo de pandemia, ante la tentaci\u00f3n de enmascarar y justificar la indiferencia y la apat\u00eda en nombre del sano distanciamiento social, urge la misi\u00f3n de la compasi\u00f3n capaz de hacer de la necesaria distancia un lugar de encuentro, de cuidado y de promoci\u00f3n. \u00abLo que hemos visto y o\u00eddo\u00bb (Hch 4,20), la misericordia con la que hemos sido tratados, se transforma en el punto de referencia y de credibilidad que nos permite recuperar la pasi\u00f3n compartida por crear \u00abuna comunidad de pertenencia y solidaridad, a la cual destinar tiempo, esfuerzo y bienes\u00bb (Carta enc. Fratelli tutti, 36).<\/p>\n<p>&nbsp;<\/p>\n<p style=\"text-align: justify;\">Es su Palabra la que cotidianamente nos redime y nos salva de las excusas que llevan a encerrarnos en el m\u00e1s vil de los escepticismos: \u201ctodo da igual, nada va a cambiar\u201d. Y frente a la pregunta: \u201c\u00bfpara qu\u00e9 me voy a privar de mis seguridades, comodidades y placeres si no voy a ver ning\u00fan resultado importante?\u201d, la respuesta permanece siempre la misma: \u00abJesucristo ha triunfado sobre el pecado y la muerte y est\u00e1 lleno de poder. Jesucristo verdaderamente vive\u00bb (Exhort. ap. Evangelii gaudium, 275) y nos quiere tambi\u00e9n vivos, fraternos y capaces de hospedar y compartir esta esperanza. En el contexto actual urgen misioneros de esperanza que, ungidos por el Se\u00f1or, sean capaces de recordar prof\u00e9ticamente que nadie se salva por s\u00ed solo.<\/p>\n<p>&nbsp;<\/p>\n<p>&nbsp;<\/p>\n","protected":false},"excerpt":{"rendered":"<p>&nbsp; La Jornada Mundial de las Misiones, que se celebra cada a\u00f1o el pen\u00faltimo domingo de octubre, en esta edici\u00f3n el pr\u00f3ximo domingo 24 de octubre de 2021. Recordamos agradecidamente a todas esas personas&#46;&#46;&#46;<\/p>\n","protected":false},"author":101012,"featured_media":13384,"comment_status":"closed","ping_status":"closed","sticky":false,"template":"","format":"standard","meta":{"_exactmetrics_skip_tracking":false,"_exactmetrics_sitenote_active":false,"_exactmetrics_sitenote_note":"","_exactmetrics_sitenote_category":0,"footnotes":""},"categories":[20,14],"tags":[],"class_list":["post-13383","post","type-post","status-publish","format-standard","has-post-thumbnail","hentry","category-evangelio-del-dia","category-ultimas-noticias"],"_links":{"self":[{"href":"https:\/\/iglesiatijuana.org\/web\/wp-json\/wp\/v2\/posts\/13383","targetHints":{"allow":["GET"]}}],"collection":[{"href":"https:\/\/iglesiatijuana.org\/web\/wp-json\/wp\/v2\/posts"}],"about":[{"href":"https:\/\/iglesiatijuana.org\/web\/wp-json\/wp\/v2\/types\/post"}],"author":[{"embeddable":true,"href":"https:\/\/iglesiatijuana.org\/web\/wp-json\/wp\/v2\/users\/101012"}],"replies":[{"embeddable":true,"href":"https:\/\/iglesiatijuana.org\/web\/wp-json\/wp\/v2\/comments?post=13383"}],"version-history":[{"count":1,"href":"https:\/\/iglesiatijuana.org\/web\/wp-json\/wp\/v2\/posts\/13383\/revisions"}],"predecessor-version":[{"id":13386,"href":"https:\/\/iglesiatijuana.org\/web\/wp-json\/wp\/v2\/posts\/13383\/revisions\/13386"}],"wp:featuredmedia":[{"embeddable":true,"href":"https:\/\/iglesiatijuana.org\/web\/wp-json\/wp\/v2\/media\/13384"}],"wp:attachment":[{"href":"https:\/\/iglesiatijuana.org\/web\/wp-json\/wp\/v2\/media?parent=13383"}],"wp:term":[{"taxonomy":"category","embeddable":true,"href":"https:\/\/iglesiatijuana.org\/web\/wp-json\/wp\/v2\/categories?post=13383"},{"taxonomy":"post_tag","embeddable":true,"href":"https:\/\/iglesiatijuana.org\/web\/wp-json\/wp\/v2\/tags?post=13383"}],"curies":[{"name":"wp","href":"https:\/\/api.w.org\/{rel}","templated":true}]}}