{"id":13436,"date":"2021-11-09T12:18:39","date_gmt":"2021-11-09T20:18:39","guid":{"rendered":"https:\/\/iglesiatijuana.org\/web\/?p=13436"},"modified":"2021-11-09T12:18:45","modified_gmt":"2021-11-09T20:18:45","slug":"mons-rogelio-cabrera-lopez-presidente-de-la-cem-con-respeto-y-sin-protagonismos-innecesarioscaminar-juntos-en-un-clima-social-y-politico-polarizado","status":"publish","type":"post","link":"https:\/\/iglesiatijuana.org\/web\/mons-rogelio-cabrera-lopez-presidente-de-la-cem-con-respeto-y-sin-protagonismos-innecesarioscaminar-juntos-en-un-clima-social-y-politico-polarizado\/","title":{"rendered":"Mons. Rogelio Cabrera L\u00f3pez, Presidente de la CEM: \u201cCon respeto y sin protagonismos innecesarios\u2026caminar juntos en un clima social y pol\u00edtico polarizado\u201d"},"content":{"rendered":"<p style=\"text-align: justify;\">Pastoral para la Comunicaci\u00f3n. &#8211; \u201cEl impacto de la pandemia ha sido tan fuerte que quiz\u00e1, como los disc\u00edpulos de Ema\u00fas, puso algo en nuestros ojos que nos ha impedido, en ocasiones, reconocer a Jes\u00fas en todos los afectados por las diferentes crisis que se acentuaron en estos recientes dos a\u00f1os\u201d. As\u00ed abri\u00f3 su discurso, Mons. Rogelio Cabrera L\u00f3pez, Arzobispo de Monterrey y presidente de la CEM, no sin lamentar el fallecimiento de numerosos obispos, sacerdotes, consagrados y agentes de pastoral a causa del COVID-19.<\/p>\n<p style=\"text-align: justify;\">El presidente de la CEM, hizo un repaso por los retos que deber\u00e1 afrontar la Iglesia mexicana en el contexto de una pandemia a\u00fan galopante en el pa\u00eds, una sociedad cada vez m\u00e1s polarizada y un compromiso de eclesial que llama a la caminar juntos y en salida.<\/p>\n<p style=\"text-align: justify;\">La gravedad de la contingencia causada por la pandemia que ha afectado gravemente las \u00e1reas de la sanidad y la econom\u00eda, adem\u00e1s de intensificar la inseguridad y la violencia, que son ya un \u201cflagelo\u201d para el pueblo mexicano, fueron destacadas por el Arzobispo de Monterrey.<\/p>\n<p style=\"text-align: justify;\">No obstante, reconoci\u00f3 que a pesar de este drama como Iglesia se ha continuado en todas las di\u00f3cesis la catequesis a trav\u00e9s de medios virtuales, se ha llegado a miles de hogares con eucarist\u00edas transmitidas por las diferentes redes sociales y, especialmente, la pastoral social ha buscado aliviar, aunque sea un poco, el sufrimiento de los m\u00e1s pobres y de los migrantes.<\/p>\n<p style=\"text-align: justify;\">El compromiso de recibir con caridad y acompa\u00f1ar a los migrantes es m\u00e1s imperioso que nunca ante \u201clas oleadas de migraci\u00f3n\u201d que han llegado a M\u00e9xico en los \u00faltimos meses.<\/p>\n<p style=\"text-align: justify;\">\u201cEstamos ante un problema que compete no s\u00f3lo a los obispos de las di\u00f3cesis fronterizas, sino a todos nosotros, y necesitamos trabajar no s\u00f3lo con quienes llegan a nuestro pa\u00eds, sino con quienes se niegan a recibirlos, a darles trabajo.\u00a0Rechazar a un migrante, tenemos que gritarlo, es rechazar a Jes\u00fas\u201d, exclam\u00f3 Mons. Cabrera.<\/p>\n<p style=\"text-align: justify;\">Tambi\u00e9n los j\u00f3venes deben ser considerados una \u201cemergencia\u201d para la Iglesia mexicana, especialmente los m\u00e1s vulnerables, v\u00edctimas de la violencia, narcotr\u00e1fico, prostituci\u00f3n, trata de personas. \u201cPese a los grandes esfuerzos que ha hecho nuestra pastoral juvenil, en especial con el impulso del S\u00ednodo de los j\u00f3venes del 2018, muchos de ellos nos sienten lejanos\u201d \u2013 lamenta el presidente de la conferencia episcopal.\u00a0\u201cNecesitamos acercarnos m\u00e1s y hablarles en su lenguaje\u201d.<\/p>\n<p style=\"text-align: justify;\">En cuento a los sacerdotes, el arzobispo de Monterrey se refiri\u00f3 a la necesidad de implementar experiencias de acompa\u00f1amiento y formaci\u00f3n permanente para los presb\u00edteros, que propicien la vivencia de un encuentro con Jesucristo vivo: \u201cQue no nos vean como los polic\u00edas que los estamos vigilando ni como los jueces que los queremos condenar, sino como los padres que los quieren escuchar y como hermanos que los acompa\u00f1an en su vida y ministerio\u201d.<\/p>\n<p style=\"text-align: justify;\">El Encuentro Eclesial de M\u00e9xico, la Asamblea Eclesial de Am\u00e9rica Latina, y el S\u00ednodo sobre la Iglesia Sinodal, que permitir\u00e1n vivir \u201cla globalidad\u201d de la Iglesia, \u201cpensando globalmente y actuando localmente\u201d son los retos mencionados por el presidente del episcopado al final de su discurso, en el que tambi\u00e9n aseguro la adhesi\u00f3n al Papa de toda la Iglesia del continente al incorporarse al proceso sinodal.<\/p>\n<p style=\"text-align: justify;\">\u201cEstamos llamados a hacerlo en medio de un clima social y pol\u00edtico cada vez m\u00e1s polarizado, en el que, con respeto y sin protagonismos innecesarios, vamos a testimoniar la presencia de Jes\u00fas muerto y resucitado entre nosotros. Que, como a los disc\u00edpulos de Ema\u00fas, el Se\u00f1or nos abra los ojos para reconocerlo en las vicisitudes propias de la vida\u201d, concluy\u00f3 el Arzobispo de Monterrey.<\/p>\n<p>&nbsp;<\/p>\n<p>Link: <a href=\"https:\/\/www.cem.org.mx\/Slider\/854-Mensaje-de-apertura-de-la-CXI-Asamblea-Plenaria-.html\">https:\/\/www.cem.org.mx\/Slider\/854-Mensaje-de-apertura-de-la-CXI-Asamblea-Plenaria-.html<\/a><\/p>\n<p><a href=\"https:\/\/iglesiatijuana.org\/web\/wp-content\/uploads\/2021\/11\/cfe71c70-a27a-4804-ba6a-ebc4dc09d723.jpg\" data-rel=\"lightbox-image-0\" data-rl_title=\"\" data-rl_caption=\"\" title=\"\"><img loading=\"lazy\" decoding=\"async\" class=\"alignnone size-full wp-image-13437\" src=\"https:\/\/iglesiatijuana.org\/web\/wp-content\/uploads\/2021\/11\/cfe71c70-a27a-4804-ba6a-ebc4dc09d723.jpg\" alt=\"\" width=\"1280\" height=\"541\" srcset=\"https:\/\/iglesiatijuana.org\/web\/wp-content\/uploads\/2021\/11\/cfe71c70-a27a-4804-ba6a-ebc4dc09d723.jpg 1280w, https:\/\/iglesiatijuana.org\/web\/wp-content\/uploads\/2021\/11\/cfe71c70-a27a-4804-ba6a-ebc4dc09d723-300x127.jpg 300w, https:\/\/iglesiatijuana.org\/web\/wp-content\/uploads\/2021\/11\/cfe71c70-a27a-4804-ba6a-ebc4dc09d723-768x325.jpg 768w, https:\/\/iglesiatijuana.org\/web\/wp-content\/uploads\/2021\/11\/cfe71c70-a27a-4804-ba6a-ebc4dc09d723-1024x433.jpg 1024w\" sizes=\"auto, (max-width: 1280px) 100vw, 1280px\" \/><\/a><\/p>\n","protected":false},"excerpt":{"rendered":"<p>Pastoral para la Comunicaci\u00f3n. &#8211; \u201cEl impacto de la pandemia ha sido tan fuerte que quiz\u00e1, como los disc\u00edpulos de Ema\u00fas, puso algo en nuestros ojos que nos ha impedido, en ocasiones, reconocer a&#46;&#46;&#46;<\/p>\n","protected":false},"author":101012,"featured_media":13437,"comment_status":"closed","ping_status":"closed","sticky":false,"template":"","format":"standard","meta":{"_exactmetrics_skip_tracking":false,"_exactmetrics_sitenote_active":false,"_exactmetrics_sitenote_note":"","_exactmetrics_sitenote_category":0,"footnotes":""},"categories":[20,14],"tags":[],"class_list":["post-13436","post","type-post","status-publish","format-standard","has-post-thumbnail","hentry","category-evangelio-del-dia","category-ultimas-noticias"],"_links":{"self":[{"href":"https:\/\/iglesiatijuana.org\/web\/wp-json\/wp\/v2\/posts\/13436","targetHints":{"allow":["GET"]}}],"collection":[{"href":"https:\/\/iglesiatijuana.org\/web\/wp-json\/wp\/v2\/posts"}],"about":[{"href":"https:\/\/iglesiatijuana.org\/web\/wp-json\/wp\/v2\/types\/post"}],"author":[{"embeddable":true,"href":"https:\/\/iglesiatijuana.org\/web\/wp-json\/wp\/v2\/users\/101012"}],"replies":[{"embeddable":true,"href":"https:\/\/iglesiatijuana.org\/web\/wp-json\/wp\/v2\/comments?post=13436"}],"version-history":[{"count":1,"href":"https:\/\/iglesiatijuana.org\/web\/wp-json\/wp\/v2\/posts\/13436\/revisions"}],"predecessor-version":[{"id":13438,"href":"https:\/\/iglesiatijuana.org\/web\/wp-json\/wp\/v2\/posts\/13436\/revisions\/13438"}],"wp:featuredmedia":[{"embeddable":true,"href":"https:\/\/iglesiatijuana.org\/web\/wp-json\/wp\/v2\/media\/13437"}],"wp:attachment":[{"href":"https:\/\/iglesiatijuana.org\/web\/wp-json\/wp\/v2\/media?parent=13436"}],"wp:term":[{"taxonomy":"category","embeddable":true,"href":"https:\/\/iglesiatijuana.org\/web\/wp-json\/wp\/v2\/categories?post=13436"},{"taxonomy":"post_tag","embeddable":true,"href":"https:\/\/iglesiatijuana.org\/web\/wp-json\/wp\/v2\/tags?post=13436"}],"curies":[{"name":"wp","href":"https:\/\/api.w.org\/{rel}","templated":true}]}}