{"id":13628,"date":"2022-04-26T10:55:30","date_gmt":"2022-04-26T17:55:30","guid":{"rendered":"https:\/\/iglesiatijuana.org\/web\/?p=13628"},"modified":"2022-04-26T10:55:30","modified_gmt":"2022-04-26T17:55:30","slug":"por-que-celebramos-la-jornada-mundial-de-oracion-por-las-vocaciones","status":"publish","type":"post","link":"https:\/\/iglesiatijuana.org\/web\/por-que-celebramos-la-jornada-mundial-de-oracion-por-las-vocaciones\/","title":{"rendered":"\u00bfPor qu\u00e9 celebramos la Jornada Mundial de Oraci\u00f3n por las Vocaciones?"},"content":{"rendered":"<p style=\"text-align: justify;\">Pastoral para la Comunicaci\u00f3n. -Es de ordinario que nuestra Iglesia Cat\u00f3lica celebre la Jornada Mundial de Oraci\u00f3n por las Vocaciones (JMOV) en el marco del IV Domingo de Pascua, conocido como el \u201cDomingo del Buen Pastor\u201d dado que la liturgia conmemora ese d\u00eda con el Cap\u00edtulo 10, 11-18 del Evangelio de san Juan. Sin embrago, las di\u00f3cesis del mundo con su Obispo designan en el tiempo pascual la fecha cercana a celebrar esta Jornada en sus Iglesia particulares.<\/p>\n<p style=\"text-align: justify;\">\n<p style=\"text-align: justify;\"><em>\u00bfC\u00f3mo surge la idea de realizar la Jornada (D\u00eda) Mundial de Oraci\u00f3n por las Vocaciones? <\/em>Todo inicia con el mandato de Jes\u00fas: \u201cOrad, pues, al due\u00f1o de la mies que env\u00ede obreros a sus mies\u201d (Mt 9,38; Lc 10,2); dos sacerdotes que encarnan el mandado, y un Papa que lo instituye.<\/p>\n<p style=\"text-align: justify;\">\n<p style=\"text-align: justify;\">En Francia resalta la figura de Don An\u00edbal M. de Francia, fundador de los Rogacionistas, y en Espa\u00f1a Don Manuel Domingo y Sol, fundador de la Hermandad de sacerdotes Operarios Diocesanos; al primero, san Juan Pablo II lo ha elogiado como un \u201cAut\u00e9ntico precursor y celoso maestro de la moderna Pastoral vocacional\u201d; al segundo le ha concedido el titulado de: \u201cel santo Ap\u00f3stol de las vocaciones\u201d.<\/p>\n<p style=\"text-align: justify;\">\n<p style=\"text-align: justify;\">Bajo el impulso de los Papas y el celo peculiar de los &#8220;Ap\u00f3stoles de las vocaciones&#8221; han surgido en la Iglesia diversas actividades e iniciativas que han tenido como fin \u00faltimo el rezar en comunidad por las vocaciones. Ser\u00e1 en 1951, que la revista Rogate Ergo insiste en la creaci\u00f3n de un \u201cD\u00eda por las vocaciones\u201d. Y un a\u00f1o despu\u00e9s la misma sugerencia se hace manifiesta desde la revista Ecclesia, por parte del operario Jorge Sans Vila.<\/p>\n<p style=\"text-align: justify;\">\n<p style=\"text-align: justify;\">Diez a\u00f1os despu\u00e9s, el Papa Juan XXIII, impulsado por las diversas iniciativas particulares y los dos pedidos en las revistas: Rogate Ergo y Ecclesia, instituye para Italia el \u201cD\u00eda nacional para las vocaciones eclesi\u00e1sticas\u201d.<\/p>\n<p style=\"text-align: justify;\">\n<p style=\"text-align: justify;\">As\u00ed, el 23 de enero de 1964, el Papa Pablo VI instituye oficialmente la JMOV.<\/p>\n<p style=\"text-align: justify;\"><strong>\u00a0<\/strong><\/p>\n","protected":false},"excerpt":{"rendered":"<p>Pastoral para la Comunicaci\u00f3n. -Es de ordinario que nuestra Iglesia Cat\u00f3lica celebre la Jornada Mundial de Oraci\u00f3n por las Vocaciones (JMOV) en el marco del IV Domingo de Pascua, conocido como el \u201cDomingo del&#46;&#46;&#46;<\/p>\n","protected":false},"author":101012,"featured_media":13629,"comment_status":"closed","ping_status":"closed","sticky":false,"template":"","format":"standard","meta":{"_exactmetrics_skip_tracking":false,"_exactmetrics_sitenote_active":false,"_exactmetrics_sitenote_note":"","_exactmetrics_sitenote_category":0,"footnotes":""},"categories":[20,14],"tags":[],"class_list":["post-13628","post","type-post","status-publish","format-standard","has-post-thumbnail","hentry","category-evangelio-del-dia","category-ultimas-noticias"],"_links":{"self":[{"href":"https:\/\/iglesiatijuana.org\/web\/wp-json\/wp\/v2\/posts\/13628","targetHints":{"allow":["GET"]}}],"collection":[{"href":"https:\/\/iglesiatijuana.org\/web\/wp-json\/wp\/v2\/posts"}],"about":[{"href":"https:\/\/iglesiatijuana.org\/web\/wp-json\/wp\/v2\/types\/post"}],"author":[{"embeddable":true,"href":"https:\/\/iglesiatijuana.org\/web\/wp-json\/wp\/v2\/users\/101012"}],"replies":[{"embeddable":true,"href":"https:\/\/iglesiatijuana.org\/web\/wp-json\/wp\/v2\/comments?post=13628"}],"version-history":[{"count":1,"href":"https:\/\/iglesiatijuana.org\/web\/wp-json\/wp\/v2\/posts\/13628\/revisions"}],"predecessor-version":[{"id":13630,"href":"https:\/\/iglesiatijuana.org\/web\/wp-json\/wp\/v2\/posts\/13628\/revisions\/13630"}],"wp:featuredmedia":[{"embeddable":true,"href":"https:\/\/iglesiatijuana.org\/web\/wp-json\/wp\/v2\/media\/13629"}],"wp:attachment":[{"href":"https:\/\/iglesiatijuana.org\/web\/wp-json\/wp\/v2\/media?parent=13628"}],"wp:term":[{"taxonomy":"category","embeddable":true,"href":"https:\/\/iglesiatijuana.org\/web\/wp-json\/wp\/v2\/categories?post=13628"},{"taxonomy":"post_tag","embeddable":true,"href":"https:\/\/iglesiatijuana.org\/web\/wp-json\/wp\/v2\/tags?post=13628"}],"curies":[{"name":"wp","href":"https:\/\/api.w.org\/{rel}","templated":true}]}}