{"id":13770,"date":"2022-07-07T10:23:06","date_gmt":"2022-07-07T17:23:06","guid":{"rendered":"https:\/\/iglesiatijuana.org\/web\/?p=13770"},"modified":"2022-07-08T17:06:52","modified_gmt":"2022-07-09T00:06:52","slug":"papa-francisco-nombra-nuevo-nuncio-apostolico-en-mexico","status":"publish","type":"post","link":"https:\/\/iglesiatijuana.org\/web\/papa-francisco-nombra-nuevo-nuncio-apostolico-en-mexico\/","title":{"rendered":"Papa Francisco nombra nuevo Nuncio Apost\u00f3lico en M\u00e9xico"},"content":{"rendered":"<p style=\"text-align: justify;\">El Excmo. Sr. Arz. Dn. Francisco Moreno Barr\u00f3n en comuni\u00f3n con la Conferencia del Episcopado Mexicano, se llena de alegr\u00eda por el reciente nombramiento que Su Santidad el Papa FRANCISCO, ha hecho al Pueblo de M\u00e9xico designando a S.E.R. Mons. JOSEPH SPITERI, como Nuncio Apost\u00f3lico de nuestro Pa\u00eds.<\/p>\n<p><a href=\"https:\/\/iglesiatijuana.org\/web\/wp-content\/uploads\/2022\/07\/Nombramiento-Nuncio-para-Mexico-01-scaled.jpg\" data-rel=\"lightbox-image-0\" data-rl_title=\"\" data-rl_caption=\"\" title=\"\"><img loading=\"lazy\" decoding=\"async\" class=\"alignnone size-full wp-image-13771\" src=\"https:\/\/iglesiatijuana.org\/web\/wp-content\/uploads\/2022\/07\/Nombramiento-Nuncio-para-Mexico-01-scaled.jpg\" alt=\"\" width=\"1978\" height=\"2560\" srcset=\"https:\/\/iglesiatijuana.org\/web\/wp-content\/uploads\/2022\/07\/Nombramiento-Nuncio-para-Mexico-01-scaled.jpg 1978w, https:\/\/iglesiatijuana.org\/web\/wp-content\/uploads\/2022\/07\/Nombramiento-Nuncio-para-Mexico-01-232x300.jpg 232w, https:\/\/iglesiatijuana.org\/web\/wp-content\/uploads\/2022\/07\/Nombramiento-Nuncio-para-Mexico-01-791x1024.jpg 791w, https:\/\/iglesiatijuana.org\/web\/wp-content\/uploads\/2022\/07\/Nombramiento-Nuncio-para-Mexico-01-768x994.jpg 768w, https:\/\/iglesiatijuana.org\/web\/wp-content\/uploads\/2022\/07\/Nombramiento-Nuncio-para-Mexico-01-1187x1536.jpg 1187w, https:\/\/iglesiatijuana.org\/web\/wp-content\/uploads\/2022\/07\/Nombramiento-Nuncio-para-Mexico-01-1583x2048.jpg 1583w\" sizes=\"auto, (max-width: 1978px) 100vw, 1978px\" \/><\/a> <a href=\"https:\/\/iglesiatijuana.org\/web\/wp-content\/uploads\/2022\/07\/Nombramiento-nuncio-para-Mexico-02-scaled.jpg\" data-rel=\"lightbox-image-1\" data-rl_title=\"\" data-rl_caption=\"\" title=\"\"><img loading=\"lazy\" decoding=\"async\" class=\"alignnone size-full wp-image-13772\" src=\"https:\/\/iglesiatijuana.org\/web\/wp-content\/uploads\/2022\/07\/Nombramiento-nuncio-para-Mexico-02-scaled.jpg\" alt=\"\" width=\"1978\" height=\"2560\" srcset=\"https:\/\/iglesiatijuana.org\/web\/wp-content\/uploads\/2022\/07\/Nombramiento-nuncio-para-Mexico-02-scaled.jpg 1978w, https:\/\/iglesiatijuana.org\/web\/wp-content\/uploads\/2022\/07\/Nombramiento-nuncio-para-Mexico-02-232x300.jpg 232w, https:\/\/iglesiatijuana.org\/web\/wp-content\/uploads\/2022\/07\/Nombramiento-nuncio-para-Mexico-02-791x1024.jpg 791w, https:\/\/iglesiatijuana.org\/web\/wp-content\/uploads\/2022\/07\/Nombramiento-nuncio-para-Mexico-02-768x994.jpg 768w, https:\/\/iglesiatijuana.org\/web\/wp-content\/uploads\/2022\/07\/Nombramiento-nuncio-para-Mexico-02-1187x1536.jpg 1187w, https:\/\/iglesiatijuana.org\/web\/wp-content\/uploads\/2022\/07\/Nombramiento-nuncio-para-Mexico-02-1583x2048.jpg 1583w\" sizes=\"auto, (max-width: 1978px) 100vw, 1978px\" \/><\/a><\/p>\n","protected":false},"excerpt":{"rendered":"<p>El Excmo. Sr. Arz. Dn. Francisco Moreno Barr\u00f3n en comuni\u00f3n con la Conferencia del Episcopado Mexicano, se llena de alegr\u00eda por el reciente nombramiento que Su Santidad el Papa FRANCISCO, ha hecho al Pueblo&#46;&#46;&#46;<\/p>\n","protected":false},"author":101012,"featured_media":13789,"comment_status":"closed","ping_status":"closed","sticky":false,"template":"","format":"standard","meta":{"_exactmetrics_skip_tracking":false,"_exactmetrics_sitenote_active":false,"_exactmetrics_sitenote_note":"","_exactmetrics_sitenote_category":0,"footnotes":""},"categories":[20,14],"tags":[],"class_list":["post-13770","post","type-post","status-publish","format-standard","has-post-thumbnail","hentry","category-evangelio-del-dia","category-ultimas-noticias"],"_links":{"self":[{"href":"https:\/\/iglesiatijuana.org\/web\/wp-json\/wp\/v2\/posts\/13770","targetHints":{"allow":["GET"]}}],"collection":[{"href":"https:\/\/iglesiatijuana.org\/web\/wp-json\/wp\/v2\/posts"}],"about":[{"href":"https:\/\/iglesiatijuana.org\/web\/wp-json\/wp\/v2\/types\/post"}],"author":[{"embeddable":true,"href":"https:\/\/iglesiatijuana.org\/web\/wp-json\/wp\/v2\/users\/101012"}],"replies":[{"embeddable":true,"href":"https:\/\/iglesiatijuana.org\/web\/wp-json\/wp\/v2\/comments?post=13770"}],"version-history":[{"count":2,"href":"https:\/\/iglesiatijuana.org\/web\/wp-json\/wp\/v2\/posts\/13770\/revisions"}],"predecessor-version":[{"id":13790,"href":"https:\/\/iglesiatijuana.org\/web\/wp-json\/wp\/v2\/posts\/13770\/revisions\/13790"}],"wp:featuredmedia":[{"embeddable":true,"href":"https:\/\/iglesiatijuana.org\/web\/wp-json\/wp\/v2\/media\/13789"}],"wp:attachment":[{"href":"https:\/\/iglesiatijuana.org\/web\/wp-json\/wp\/v2\/media?parent=13770"}],"wp:term":[{"taxonomy":"category","embeddable":true,"href":"https:\/\/iglesiatijuana.org\/web\/wp-json\/wp\/v2\/categories?post=13770"},{"taxonomy":"post_tag","embeddable":true,"href":"https:\/\/iglesiatijuana.org\/web\/wp-json\/wp\/v2\/tags?post=13770"}],"curies":[{"name":"wp","href":"https:\/\/api.w.org\/{rel}","templated":true}]}}