{"id":13865,"date":"2022-08-31T13:44:53","date_gmt":"2022-08-31T20:44:53","guid":{"rendered":"https:\/\/iglesiatijuana.org\/web\/?p=13865"},"modified":"2022-08-31T13:44:53","modified_gmt":"2022-08-31T20:44:53","slug":"taller-soy-semilla-2022","status":"publish","type":"post","link":"https:\/\/iglesiatijuana.org\/web\/taller-soy-semilla-2022\/","title":{"rendered":"Taller Soy Semilla 2022"},"content":{"rendered":"<p>\ud83d\udc4b \ud835\uddd8\ud835\udde6\ud835\udde7\ud835\uddd4 \ud835\udddc\ud835\udde1\ud835\uddd9\ud835\udde2\ud835\udde5\ud835\udde0\ud835\uddd4\ud835\uddd6\ud835\udddc\u00d3\ud835\udde1 \ud835\uddd8\ud835\udde6 \ud835\udde3\ud835\uddd4\ud835\udde5\ud835\uddd4 \ud835\udde7\ud835\udddc \ud83d\udcdd<br \/>\n\ud83d\ude4fEres catequista<br \/>\n\ud83d\ude4b\ud83c\udffb\u200d\u2642\ufe0fTienes inquietudes de ser catequista<br \/>\n\ud83d\udca1Buscas alternativas de formaci\u00f3n<br \/>\nLa Dimensi\u00f3n Diocesana de Catequesis ofrece el \u201c\ud835\udde7\ud835\uddee\ud835\uddf9\ud835\uddf9\ud835\uddf2\ud835\uddff \ud835\uddd4\ud835\uddff\ud835\uddfe\ud835\ude02\ud835\uddf6\ud835\uddf1\ud835\uddf6\ud835\uddfc\ud835\uddf0\ud835\uddf2\ud835\ude00\ud835\uddee\ud835\uddfb\ud835\uddfc \ud835\uddf1\ud835\uddf2 \ud835\uddd9\ud835\uddfc\ud835\uddff\ud835\uddfa\ud835\uddee\ud835\uddf0\ud835\uddf6\u00f3\ud835\uddfb \ud835\uddd6\ud835\uddee\ud835\ude01\ud835\uddf2\ud835\uddfe\ud835\ude02\u00e9\ud835\ude01\ud835\uddf6\ud835\uddf0\ud835\uddee\u201d para animar, acompa\u00f1ar y formar esta importante vocaci\u00f3n en la transmisi\u00f3n de la fe.<br \/>\n\ud83d\udccc\ud835\uddd4\ud835\uddfe\ud835\ude02\u00ed \ud835\ude01\ud835\uddfc\ud835\uddf1\ud835\uddee \ud835\uddf9\ud835\uddee \ud835\uddf6\ud835\uddfb\ud835\uddf3\ud835\uddfc\ud835\uddff\ud835\uddfa\ud835\uddee\ud835\uddf0\ud835\uddf6\u00f3\ud835\uddfb \ud83d\udc47<\/p>\n<p><a href=\"https:\/\/iglesiatijuana.org\/web\/wp-content\/uploads\/2022\/08\/triptico-soy-semilla-2022_page-0001.jpg\" data-rel=\"lightbox-image-0\" data-rl_title=\"\" data-rl_caption=\"\" title=\"\"><img loading=\"lazy\" decoding=\"async\" class=\"alignnone size-full wp-image-13866\" src=\"https:\/\/iglesiatijuana.org\/web\/wp-content\/uploads\/2022\/08\/triptico-soy-semilla-2022_page-0001.jpg\" alt=\"\" width=\"1500\" height=\"1125\" srcset=\"https:\/\/iglesiatijuana.org\/web\/wp-content\/uploads\/2022\/08\/triptico-soy-semilla-2022_page-0001.jpg 1500w, https:\/\/iglesiatijuana.org\/web\/wp-content\/uploads\/2022\/08\/triptico-soy-semilla-2022_page-0001-300x225.jpg 300w, https:\/\/iglesiatijuana.org\/web\/wp-content\/uploads\/2022\/08\/triptico-soy-semilla-2022_page-0001-1024x768.jpg 1024w, https:\/\/iglesiatijuana.org\/web\/wp-content\/uploads\/2022\/08\/triptico-soy-semilla-2022_page-0001-768x576.jpg 768w\" sizes=\"auto, (max-width: 1500px) 100vw, 1500px\" \/><\/a><\/p>\n<p><a href=\"https:\/\/iglesiatijuana.org\/web\/wp-content\/uploads\/2022\/08\/triptico-soy-semilla-2022_page-0002.jpg\" data-rel=\"lightbox-image-1\" data-rl_title=\"\" data-rl_caption=\"\" title=\"\"><img loading=\"lazy\" decoding=\"async\" class=\"alignnone size-full wp-image-13867\" src=\"https:\/\/iglesiatijuana.org\/web\/wp-content\/uploads\/2022\/08\/triptico-soy-semilla-2022_page-0002.jpg\" alt=\"\" width=\"1500\" height=\"1125\" srcset=\"https:\/\/iglesiatijuana.org\/web\/wp-content\/uploads\/2022\/08\/triptico-soy-semilla-2022_page-0002.jpg 1500w, https:\/\/iglesiatijuana.org\/web\/wp-content\/uploads\/2022\/08\/triptico-soy-semilla-2022_page-0002-300x225.jpg 300w, https:\/\/iglesiatijuana.org\/web\/wp-content\/uploads\/2022\/08\/triptico-soy-semilla-2022_page-0002-1024x768.jpg 1024w, https:\/\/iglesiatijuana.org\/web\/wp-content\/uploads\/2022\/08\/triptico-soy-semilla-2022_page-0002-768x576.jpg 768w\" sizes=\"auto, (max-width: 1500px) 100vw, 1500px\" \/><\/a><\/p>\n","protected":false},"excerpt":{"rendered":"<p>\ud83d\udc4b \ud835\uddd8\ud835\udde6\ud835\udde7\ud835\uddd4 \ud835\udddc\ud835\udde1\ud835\uddd9\ud835\udde2\ud835\udde5\ud835\udde0\ud835\uddd4\ud835\uddd6\ud835\udddc\u00d3\ud835\udde1 \ud835\uddd8\ud835\udde6 \ud835\udde3\ud835\uddd4\ud835\udde5\ud835\uddd4 \ud835\udde7\ud835\udddc \ud83d\udcdd \ud83d\ude4fEres catequista \ud83d\ude4b\ud83c\udffb\u200d\u2642\ufe0fTienes inquietudes de ser catequista \ud83d\udca1Buscas alternativas de formaci\u00f3n La Dimensi\u00f3n Diocesana de Catequesis ofrece el \u201c\ud835\udde7\ud835\uddee\ud835\uddf9\ud835\uddf9\ud835\uddf2\ud835\uddff \ud835\uddd4\ud835\uddff\ud835\uddfe\ud835\ude02\ud835\uddf6\ud835\uddf1\ud835\uddf6\ud835\uddfc\ud835\uddf0\ud835\uddf2\ud835\ude00\ud835\uddee\ud835\uddfb\ud835\uddfc \ud835\uddf1\ud835\uddf2 \ud835\uddd9\ud835\uddfc\ud835\uddff\ud835\uddfa\ud835\uddee\ud835\uddf0\ud835\uddf6\u00f3\ud835\uddfb \ud835\uddd6\ud835\uddee\ud835\ude01\ud835\uddf2\ud835\uddfe\ud835\ude02\u00e9\ud835\ude01\ud835\uddf6\ud835\uddf0\ud835\uddee\u201d para animar, acompa\u00f1ar y&#46;&#46;&#46;<\/p>\n","protected":false},"author":101012,"featured_media":13868,"comment_status":"closed","ping_status":"closed","sticky":false,"template":"","format":"standard","meta":{"_exactmetrics_skip_tracking":false,"_exactmetrics_sitenote_active":false,"_exactmetrics_sitenote_note":"","_exactmetrics_sitenote_category":0,"footnotes":""},"categories":[20,14],"tags":[],"class_list":["post-13865","post","type-post","status-publish","format-standard","has-post-thumbnail","hentry","category-evangelio-del-dia","category-ultimas-noticias"],"_links":{"self":[{"href":"https:\/\/iglesiatijuana.org\/web\/wp-json\/wp\/v2\/posts\/13865","targetHints":{"allow":["GET"]}}],"collection":[{"href":"https:\/\/iglesiatijuana.org\/web\/wp-json\/wp\/v2\/posts"}],"about":[{"href":"https:\/\/iglesiatijuana.org\/web\/wp-json\/wp\/v2\/types\/post"}],"author":[{"embeddable":true,"href":"https:\/\/iglesiatijuana.org\/web\/wp-json\/wp\/v2\/users\/101012"}],"replies":[{"embeddable":true,"href":"https:\/\/iglesiatijuana.org\/web\/wp-json\/wp\/v2\/comments?post=13865"}],"version-history":[{"count":1,"href":"https:\/\/iglesiatijuana.org\/web\/wp-json\/wp\/v2\/posts\/13865\/revisions"}],"predecessor-version":[{"id":13869,"href":"https:\/\/iglesiatijuana.org\/web\/wp-json\/wp\/v2\/posts\/13865\/revisions\/13869"}],"wp:featuredmedia":[{"embeddable":true,"href":"https:\/\/iglesiatijuana.org\/web\/wp-json\/wp\/v2\/media\/13868"}],"wp:attachment":[{"href":"https:\/\/iglesiatijuana.org\/web\/wp-json\/wp\/v2\/media?parent=13865"}],"wp:term":[{"taxonomy":"category","embeddable":true,"href":"https:\/\/iglesiatijuana.org\/web\/wp-json\/wp\/v2\/categories?post=13865"},{"taxonomy":"post_tag","embeddable":true,"href":"https:\/\/iglesiatijuana.org\/web\/wp-json\/wp\/v2\/tags?post=13865"}],"curies":[{"name":"wp","href":"https:\/\/api.w.org\/{rel}","templated":true}]}}