{"id":14269,"date":"2023-06-09T13:34:58","date_gmt":"2023-06-09T20:34:58","guid":{"rendered":"https:\/\/iglesiatijuana.org\/web\/?p=14269"},"modified":"2023-06-09T13:34:58","modified_gmt":"2023-06-09T20:34:58","slug":"dimension-vida-arquidiocesis-de-tijuana-de-complices-a-heroes-espacio-de-dialogo-y-reflexion-para-jovenes","status":"publish","type":"post","link":"https:\/\/iglesiatijuana.org\/web\/dimension-vida-arquidiocesis-de-tijuana-de-complices-a-heroes-espacio-de-dialogo-y-reflexion-para-jovenes\/","title":{"rendered":"Dimensi\u00f3n Vida-Arquidi\u00f3cesis de Tijuana: \u201cDe c\u00f3mplices a h\u00e9roes\u201d espacio de di\u00e1logo y reflexi\u00f3n para j\u00f3venes"},"content":{"rendered":"<p style=\"text-align: justify;\"><em>\u201cDe c\u00f3mplices a h\u00e9roes\u201d busca ser un espacio de encuentro y reflexi\u00f3n, donde los j\u00f3venes puedan enriquecer su conocimiento y fortalecer su identidad. La organizaci\u00f3n Dimensi\u00f3n Vida de la Arquidi\u00f3cesis de Tijuana invita a todos los j\u00f3venes a participar en este evento y aprovechar esta invaluable oportunidad de crecimiento personal y espiritual\u201d<\/em><\/p>\n<p style=\"text-align: justify;\">Pastoral para la Comunicaci\u00f3n. &#8211; Con informaci\u00f3n de Dimensi\u00f3n Vida de la Arquidi\u00f3cesis de Tijuana se ha anunciado encuentro de adolescentes y j\u00f3venes bajo el t\u00edtulo de <em>\u201cDe c\u00f3mplices a h\u00e9roes\u201d<\/em>, realiz\u00e1ndose el domingo 11 de junio de 2023 de 11:00 am a 5:00 pm en el Centro Diocesano de Pastoral, Fracc. Los \u00c1lamos en la Parroquia Cristo Rey, Tijuana.<\/p>\n<p style=\"text-align: justify;\">Dicho evento tiene como objetivo brindar a los j\u00f3venes la oportunidad de encontrarse y dialogar mediante exposiciones, mesas de di\u00e1logo, conferencias con la finalidad de que los j\u00f3venes puedan hacer preguntas y aclarar dudas respecto a los temas planteados. Las conferencias estar\u00e1n a cargo de reconocidas personalidades, como Mayra Rodr\u00edguez, Christian Cortez \u201cEl h\u00e9roe de Ensenada\u201d y el Padre Enrique Villalobos ramos.<\/p>\n<p style=\"text-align: justify;\">El prop\u00f3sito fundamental del encuentro es impulsar la formaci\u00f3n y el intercambio de reflexiones entre los j\u00f3venes, brind\u00e1ndoles la oportunidad de ampliar su perspectiva sobre la fe y la creencia, y permiti\u00e9ndoles tomar decisiones informadas acerca de sus propios pensamientos y convicciones.<\/p>\n<p style=\"text-align: justify;\">Abiertos a toda persona de buena voluntad y a la comunidad social para fortalecer una cultura del encuentro y el di\u00e1logo para sumar los valores que nos fortalecen como sociedad, explicaron los organizadores.<\/p>\n<p><a href=\"https:\/\/iglesiatijuana.org\/web\/wp-content\/uploads\/2023\/06\/Imagen-de-WhatsApp-2023-06-09-a-las-09.24.38.jpg\" data-rel=\"lightbox-image-0\" data-rl_title=\"\" data-rl_caption=\"\" title=\"\"><img loading=\"lazy\" decoding=\"async\" class=\"alignnone size-full wp-image-14270\" src=\"https:\/\/iglesiatijuana.org\/web\/wp-content\/uploads\/2023\/06\/Imagen-de-WhatsApp-2023-06-09-a-las-09.24.38.jpg\" alt=\"\" width=\"626\" height=\"352\" srcset=\"https:\/\/iglesiatijuana.org\/web\/wp-content\/uploads\/2023\/06\/Imagen-de-WhatsApp-2023-06-09-a-las-09.24.38.jpg 626w, https:\/\/iglesiatijuana.org\/web\/wp-content\/uploads\/2023\/06\/Imagen-de-WhatsApp-2023-06-09-a-las-09.24.38-300x169.jpg 300w\" sizes=\"auto, (max-width: 626px) 100vw, 626px\" \/><\/a><\/p>\n","protected":false},"excerpt":{"rendered":"<p>\u201cDe c\u00f3mplices a h\u00e9roes\u201d busca ser un espacio de encuentro y reflexi\u00f3n, donde los j\u00f3venes puedan enriquecer su conocimiento y fortalecer su identidad. La organizaci\u00f3n Dimensi\u00f3n Vida de la Arquidi\u00f3cesis de Tijuana invita a&#46;&#46;&#46;<\/p>\n","protected":false},"author":101012,"featured_media":14270,"comment_status":"closed","ping_status":"closed","sticky":false,"template":"","format":"standard","meta":{"_exactmetrics_skip_tracking":false,"_exactmetrics_sitenote_active":false,"_exactmetrics_sitenote_note":"","_exactmetrics_sitenote_category":0,"footnotes":""},"categories":[20,14],"tags":[],"class_list":["post-14269","post","type-post","status-publish","format-standard","has-post-thumbnail","hentry","category-evangelio-del-dia","category-ultimas-noticias"],"_links":{"self":[{"href":"https:\/\/iglesiatijuana.org\/web\/wp-json\/wp\/v2\/posts\/14269","targetHints":{"allow":["GET"]}}],"collection":[{"href":"https:\/\/iglesiatijuana.org\/web\/wp-json\/wp\/v2\/posts"}],"about":[{"href":"https:\/\/iglesiatijuana.org\/web\/wp-json\/wp\/v2\/types\/post"}],"author":[{"embeddable":true,"href":"https:\/\/iglesiatijuana.org\/web\/wp-json\/wp\/v2\/users\/101012"}],"replies":[{"embeddable":true,"href":"https:\/\/iglesiatijuana.org\/web\/wp-json\/wp\/v2\/comments?post=14269"}],"version-history":[{"count":1,"href":"https:\/\/iglesiatijuana.org\/web\/wp-json\/wp\/v2\/posts\/14269\/revisions"}],"predecessor-version":[{"id":14271,"href":"https:\/\/iglesiatijuana.org\/web\/wp-json\/wp\/v2\/posts\/14269\/revisions\/14271"}],"wp:featuredmedia":[{"embeddable":true,"href":"https:\/\/iglesiatijuana.org\/web\/wp-json\/wp\/v2\/media\/14270"}],"wp:attachment":[{"href":"https:\/\/iglesiatijuana.org\/web\/wp-json\/wp\/v2\/media?parent=14269"}],"wp:term":[{"taxonomy":"category","embeddable":true,"href":"https:\/\/iglesiatijuana.org\/web\/wp-json\/wp\/v2\/categories?post=14269"},{"taxonomy":"post_tag","embeddable":true,"href":"https:\/\/iglesiatijuana.org\/web\/wp-json\/wp\/v2\/tags?post=14269"}],"curies":[{"name":"wp","href":"https:\/\/api.w.org\/{rel}","templated":true}]}}