{"id":14789,"date":"2024-03-06T15:27:55","date_gmt":"2024-03-06T23:27:55","guid":{"rendered":"https:\/\/iglesiatijuana.org\/web\/?p=14789"},"modified":"2024-03-06T15:27:55","modified_gmt":"2024-03-06T23:27:55","slug":"24-anos-caminando-juntos-por-la-vida-la-paz-y-la-familia","status":"publish","type":"post","link":"https:\/\/iglesiatijuana.org\/web\/24-anos-caminando-juntos-por-la-vida-la-paz-y-la-familia\/","title":{"rendered":"24 A\u00d1OS CAMINANDO JUNTOS POR LA VIDA, LA PAZ Y LA FAMILIA"},"content":{"rendered":"<p style=\"text-align: justify;\"><em>\u201cTodos anhelamos la paz, vivir en paz, estamos rodeados de violencia contra las personas, contra sus bienes\u2026es necesario unir esfuerzos y caminar juntos para alcanzar esos valores que enaltecen a nuestra sociedad: Porque cuando se destruye la familia, destruimos a la sociedad\u201d.<\/em><\/p>\n<p style=\"text-align: justify;\">Pastoral para la Comunicaci\u00f3n. <em>\u2013<\/em>El Arzobispo Metropolitano de Tijuana nos invita a participar en la Marcha-Peregrinaci\u00f3n Diocesana 2024: \u201cSin paz autentica, no hay progreso en las comunidades y los pueblos. Hago un llamado a toda la comunidad a participar de esta Marcha-Peregrinaci\u00f3n, con alegr\u00eda y gozo, para contribuir a edificar una mejor sociedad. Dicho evento est\u00e1 abierto a todos los que quieran participar\u201d.<\/p>\n<p style=\"text-align: justify;\">La XXIV Marcha Peregrinaci\u00f3n Diocesana por la Paz, la Vida, Familia, se realiza en la Arquidi\u00f3cesis de Tijuana a\u00f1o con a\u00f1o. Esta edici\u00f3n 2024 es el s\u00e1bado 09 de marzo del presente. Inspirados en el texto b\u00edblico <em>\u00a1La paz est\u00e9 con Ustedes! Jn 20, 21<\/em> y con el lema<em>: \u201cLa Paz: Camino para la Vida, la Familia y la Salud\u201d<\/em>.<\/p>\n<p style=\"text-align: justify;\">En este sentido, el Arzobispo Francisco Moreno Barr\u00f3n \u201cinvita a la comunidad de Baja California y Tijuana a la <em>XXIV Marcha por la Vida, la Paz, Familia y Salud.<\/em> Estos veinte cuatro a\u00f1os de caminar juntos nos siguen animando a ser constructores y testigos de la paz en nuestra sociedad. \u201cEsta Marcha-Peregrinaci\u00f3n 2024 es una proclamaci\u00f3n de la vida, la vida de toda la creaci\u00f3n que es obra de Dios y en particular la vida humana, porque Dios puso en el centro de la obra creadora al hombre y a la mujer, diferentes para complementarse y seguir construyendo, embelleciendo y dirigiendo esta obra de la creaci\u00f3n\u201d. Ha compartido nuestro Arzobispo Francisco Moreno Barr\u00f3n.<\/p>\n<p style=\"text-align: justify;\">\u201cLa exhortaci\u00f3n a unirnos a este evento de la Arquidi\u00f3cesis de Tijuana es a partir de la convicci\u00f3n, testimonio y acci\u00f3n a favor de nuestra sociedad y de las familias, con la certeza que cada a\u00f1o da frutos en la vida de la comunidad social y eclesial.\u00a0 Es importante darle el lugar que le corresponde a la familia para que siga dando su aportaci\u00f3n en la construcci\u00f3n de la sociedad, especialmente la llamada de la paz que custodia la vida y no olvida a los enfermos\u201d. \u00a0En este contexto, <em>\u201cno se trata de una expresi\u00f3n de confrontaci\u00f3n ni de una protesta, sino de un signo visible que proclama los valores que edifican la sociedad que anhelamos\u201d.<\/em><\/p>\n<p style=\"text-align: justify;\">Por su parte el Coordinador Eclesial de la Dimensi\u00f3n para la Pastoral Educativa y Cultura el Pbro. Benigno Medrano Flores, ha compartido que esta Marcha-Peregrinaci\u00f3n tiene momentos importantes; como la oraci\u00f3n a Jes\u00fas presente en la Eucarist\u00eda por la paz, en nuestro pa\u00eds, nuestro estado y principalmente en nuestras ciudades. Peregrinar con sentido positivo, propositivo y alegre por algunas calles y avenidas de la Ciudad y la Celebraci\u00f3n Eucar\u00edstica celebrada por el Arzobispo Mons. Francisco Moreno Barr\u00f3n en la catedral Metropolitana de Tijuana dedicada a Santa Mar\u00eda de Guadalupe\u201d Zona R\u00edo.<\/p>\n<p style=\"text-align: justify;\">\ud835\uddd9\ud835\uddd8\ud835\uddd6\ud835\udddb\ud835\uddd4: s\u00e1bado 09 de marzo de 2024<\/p>\n<p style=\"text-align: justify;\">\ud835\udddb\ud835\udde2\ud835\udde5\ud835\uddd4: 8:30 a.m.<\/p>\n<p style=\"text-align: justify;\">\ud835\udde3\ud835\udde8\ud835\udde1\ud835\udde7\ud835\udde2 \ud835\uddd7\ud835\uddd8 \ud835\uddd8\ud835\udde1\ud835\uddd6\ud835\udde8\ud835\uddd8\ud835\udde1\ud835\udde7\ud835\udde5\ud835\udde2: Calle Santa Mar\u00eda, junto al Ex-Toreo de Tijuana, sobre Blvd. Agua Caliente.<\/p>\n<p style=\"text-align: justify;\">\ud835\udde6\ud835\uddd4\ud835\udde1\ud835\udde7\ud835\uddd4 \ud835\udde0\ud835\udddc\ud835\udde6\ud835\uddd4: En la Catedral Tijuana dedicada a Santa Mar\u00eda de Guadalupe, Zona R\u00edo.<\/p>\n<p style=\"text-align: justify;\">*\ud835\udde5\ud835\uddd8\ud835\uddd6\ud835\udde8\ud835\uddd8\ud835\udde5\ud835\uddd7\ud835\uddd4: Portar vestimenta de color blanco y llevar signos alusivos a la familia, la vida y la paz.<\/p>\n<p><a href=\"https:\/\/iglesiatijuana.org\/web\/wp-content\/uploads\/2024\/03\/Imagen-de-WhatsApp-2024-03-06-a-las-08.30.00_8c7ad012.jpg\" data-rel=\"lightbox-image-0\" data-rl_title=\"\" data-rl_caption=\"\" title=\"\"><img loading=\"lazy\" decoding=\"async\" class=\"alignnone size-full wp-image-14790\" src=\"https:\/\/iglesiatijuana.org\/web\/wp-content\/uploads\/2024\/03\/Imagen-de-WhatsApp-2024-03-06-a-las-08.30.00_8c7ad012.jpg\" alt=\"\" width=\"1290\" height=\"568\" srcset=\"https:\/\/iglesiatijuana.org\/web\/wp-content\/uploads\/2024\/03\/Imagen-de-WhatsApp-2024-03-06-a-las-08.30.00_8c7ad012.jpg 1290w, https:\/\/iglesiatijuana.org\/web\/wp-content\/uploads\/2024\/03\/Imagen-de-WhatsApp-2024-03-06-a-las-08.30.00_8c7ad012-300x132.jpg 300w, https:\/\/iglesiatijuana.org\/web\/wp-content\/uploads\/2024\/03\/Imagen-de-WhatsApp-2024-03-06-a-las-08.30.00_8c7ad012-1024x451.jpg 1024w, https:\/\/iglesiatijuana.org\/web\/wp-content\/uploads\/2024\/03\/Imagen-de-WhatsApp-2024-03-06-a-las-08.30.00_8c7ad012-768x338.jpg 768w\" sizes=\"auto, (max-width: 1290px) 100vw, 1290px\" \/><\/a><\/p>\n","protected":false},"excerpt":{"rendered":"<p>\u201cTodos anhelamos la paz, vivir en paz, estamos rodeados de violencia contra las personas, contra sus bienes\u2026es necesario unir esfuerzos y caminar juntos para alcanzar esos valores que enaltecen a nuestra sociedad: Porque cuando&#46;&#46;&#46;<\/p>\n","protected":false},"author":101012,"featured_media":14790,"comment_status":"closed","ping_status":"closed","sticky":false,"template":"","format":"standard","meta":{"_exactmetrics_skip_tracking":false,"_exactmetrics_sitenote_active":false,"_exactmetrics_sitenote_note":"","_exactmetrics_sitenote_category":0,"footnotes":""},"categories":[20,14],"tags":[],"class_list":["post-14789","post","type-post","status-publish","format-standard","has-post-thumbnail","hentry","category-evangelio-del-dia","category-ultimas-noticias"],"_links":{"self":[{"href":"https:\/\/iglesiatijuana.org\/web\/wp-json\/wp\/v2\/posts\/14789","targetHints":{"allow":["GET"]}}],"collection":[{"href":"https:\/\/iglesiatijuana.org\/web\/wp-json\/wp\/v2\/posts"}],"about":[{"href":"https:\/\/iglesiatijuana.org\/web\/wp-json\/wp\/v2\/types\/post"}],"author":[{"embeddable":true,"href":"https:\/\/iglesiatijuana.org\/web\/wp-json\/wp\/v2\/users\/101012"}],"replies":[{"embeddable":true,"href":"https:\/\/iglesiatijuana.org\/web\/wp-json\/wp\/v2\/comments?post=14789"}],"version-history":[{"count":1,"href":"https:\/\/iglesiatijuana.org\/web\/wp-json\/wp\/v2\/posts\/14789\/revisions"}],"predecessor-version":[{"id":14791,"href":"https:\/\/iglesiatijuana.org\/web\/wp-json\/wp\/v2\/posts\/14789\/revisions\/14791"}],"wp:featuredmedia":[{"embeddable":true,"href":"https:\/\/iglesiatijuana.org\/web\/wp-json\/wp\/v2\/media\/14790"}],"wp:attachment":[{"href":"https:\/\/iglesiatijuana.org\/web\/wp-json\/wp\/v2\/media?parent=14789"}],"wp:term":[{"taxonomy":"category","embeddable":true,"href":"https:\/\/iglesiatijuana.org\/web\/wp-json\/wp\/v2\/categories?post=14789"},{"taxonomy":"post_tag","embeddable":true,"href":"https:\/\/iglesiatijuana.org\/web\/wp-json\/wp\/v2\/tags?post=14789"}],"curies":[{"name":"wp","href":"https:\/\/api.w.org\/{rel}","templated":true}]}}