{"id":14818,"date":"2024-03-31T16:09:30","date_gmt":"2024-03-31T23:09:30","guid":{"rendered":"https:\/\/iglesiatijuana.org\/web\/?p=14818"},"modified":"2024-03-31T16:09:30","modified_gmt":"2024-03-31T23:09:30","slug":"por-la-unificacion-nacional-de-familias-buscadoras","status":"publish","type":"post","link":"https:\/\/iglesiatijuana.org\/web\/por-la-unificacion-nacional-de-familias-buscadoras\/","title":{"rendered":"Por la Unificaci\u00f3n Nacional de Familias Buscadoras"},"content":{"rendered":"<p>La <a class=\"x1i10hfl xjbqb8w x1ejq31n xd10rxx x1sy0etr x17r0tee x972fbf xcfux6l x1qhh985 xm0m39n x9f619 x1ypdohk xt0psk2 xe8uvvx xdj266r x11i5rnm xat24cr x1mh8g0r xexx8yu x4uap5 x18d9i69 xkhd6sd x16tdsg8 x1hl2dhg xggy1nq x1a2a7pz xt0b8zv x1fey0fg xo1l8bm\" tabindex=\"0\" role=\"link\" href=\"https:\/\/www.facebook.com\/IglesiaTJ?__cft__[0]=AZVoMfWB_WMu9qpBvgWxA17ZbTbwc-rjjCV-XsC0OAGj0o8fHsVvipOdeJLeYcsVJUgzkoZzLIZVr2eZXeKW5S_qh1HGpV6cTAqo1lKG9frXg4iqEHLQFUhwf_AXFlB4lp8&amp;__tn__=-]K-R\"><span class=\"xt0psk2\">Arquidi\u00f3cesis de Tijuana<\/span><\/a> y su Arzobispo <a class=\"x1i10hfl xjbqb8w x1ejq31n xd10rxx x1sy0etr x17r0tee x972fbf xcfux6l x1qhh985 xm0m39n x9f619 x1ypdohk xt0psk2 xe8uvvx xdj266r x11i5rnm xat24cr x1mh8g0r xexx8yu x4uap5 x18d9i69 xkhd6sd x16tdsg8 x1hl2dhg xggy1nq x1a2a7pz xt0b8zv x1fey0fg xo1l8bm\" tabindex=\"0\" role=\"link\" href=\"https:\/\/www.facebook.com\/MonsFranciscoMB?__cft__[0]=AZVoMfWB_WMu9qpBvgWxA17ZbTbwc-rjjCV-XsC0OAGj0o8fHsVvipOdeJLeYcsVJUgzkoZzLIZVr2eZXeKW5S_qh1HGpV6cTAqo1lKG9frXg4iqEHLQFUhwf_AXFlB4lp8&amp;__tn__=-]K-R\"><span class=\"xt0psk2\">Mons. Francisco Moreno Barr\u00f3n<\/span><\/a>, en comuni\u00f3n con los Obispos de M\u00e9xico, se une y acompa\u00f1a a las Familias Buscadoras, en la b\u00fasqueda de la paz en nuestra Naci\u00f3n.<\/p>\n<p><a href=\"https:\/\/iglesiatijuana.org\/web\/wp-content\/uploads\/2024\/03\/0001-scaled.jpg\" data-rel=\"lightbox-image-0\" data-rl_title=\"\" data-rl_caption=\"\" title=\"\"><img loading=\"lazy\" decoding=\"async\" class=\"alignnone size-full wp-image-14819\" src=\"https:\/\/iglesiatijuana.org\/web\/wp-content\/uploads\/2024\/03\/0001-scaled.jpg\" alt=\"\" width=\"1811\" height=\"2560\" srcset=\"https:\/\/iglesiatijuana.org\/web\/wp-content\/uploads\/2024\/03\/0001-scaled.jpg 1811w, https:\/\/iglesiatijuana.org\/web\/wp-content\/uploads\/2024\/03\/0001-212x300.jpg 212w, https:\/\/iglesiatijuana.org\/web\/wp-content\/uploads\/2024\/03\/0001-725x1024.jpg 725w, https:\/\/iglesiatijuana.org\/web\/wp-content\/uploads\/2024\/03\/0001-768x1085.jpg 768w, https:\/\/iglesiatijuana.org\/web\/wp-content\/uploads\/2024\/03\/0001-1087x1536.jpg 1087w, https:\/\/iglesiatijuana.org\/web\/wp-content\/uploads\/2024\/03\/0001-1449x2048.jpg 1449w\" sizes=\"auto, (max-width: 1811px) 100vw, 1811px\" \/><\/a> <a href=\"https:\/\/iglesiatijuana.org\/web\/wp-content\/uploads\/2024\/03\/0002-scaled.jpg\" data-rel=\"lightbox-image-1\" data-rl_title=\"\" data-rl_caption=\"\" title=\"\"><img loading=\"lazy\" decoding=\"async\" class=\"alignnone size-full wp-image-14820\" src=\"https:\/\/iglesiatijuana.org\/web\/wp-content\/uploads\/2024\/03\/0002-scaled.jpg\" alt=\"\" width=\"1811\" height=\"2560\" srcset=\"https:\/\/iglesiatijuana.org\/web\/wp-content\/uploads\/2024\/03\/0002-scaled.jpg 1811w, https:\/\/iglesiatijuana.org\/web\/wp-content\/uploads\/2024\/03\/0002-212x300.jpg 212w, https:\/\/iglesiatijuana.org\/web\/wp-content\/uploads\/2024\/03\/0002-725x1024.jpg 725w, https:\/\/iglesiatijuana.org\/web\/wp-content\/uploads\/2024\/03\/0002-768x1085.jpg 768w, https:\/\/iglesiatijuana.org\/web\/wp-content\/uploads\/2024\/03\/0002-1087x1536.jpg 1087w, https:\/\/iglesiatijuana.org\/web\/wp-content\/uploads\/2024\/03\/0002-1449x2048.jpg 1449w\" sizes=\"auto, (max-width: 1811px) 100vw, 1811px\" \/><\/a><\/p>\n","protected":false},"excerpt":{"rendered":"<p>La Arquidi\u00f3cesis de Tijuana y su Arzobispo Mons. Francisco Moreno Barr\u00f3n, en comuni\u00f3n con los Obispos de M\u00e9xico, se une y acompa\u00f1a a las Familias Buscadoras, en la b\u00fasqueda de la paz en nuestra&#46;&#46;&#46;<\/p>\n","protected":false},"author":101012,"featured_media":14821,"comment_status":"closed","ping_status":"closed","sticky":false,"template":"","format":"standard","meta":{"_exactmetrics_skip_tracking":false,"_exactmetrics_sitenote_active":false,"_exactmetrics_sitenote_note":"","_exactmetrics_sitenote_category":0,"footnotes":""},"categories":[20,14],"tags":[],"class_list":["post-14818","post","type-post","status-publish","format-standard","has-post-thumbnail","hentry","category-evangelio-del-dia","category-ultimas-noticias"],"_links":{"self":[{"href":"https:\/\/iglesiatijuana.org\/web\/wp-json\/wp\/v2\/posts\/14818","targetHints":{"allow":["GET"]}}],"collection":[{"href":"https:\/\/iglesiatijuana.org\/web\/wp-json\/wp\/v2\/posts"}],"about":[{"href":"https:\/\/iglesiatijuana.org\/web\/wp-json\/wp\/v2\/types\/post"}],"author":[{"embeddable":true,"href":"https:\/\/iglesiatijuana.org\/web\/wp-json\/wp\/v2\/users\/101012"}],"replies":[{"embeddable":true,"href":"https:\/\/iglesiatijuana.org\/web\/wp-json\/wp\/v2\/comments?post=14818"}],"version-history":[{"count":1,"href":"https:\/\/iglesiatijuana.org\/web\/wp-json\/wp\/v2\/posts\/14818\/revisions"}],"predecessor-version":[{"id":14822,"href":"https:\/\/iglesiatijuana.org\/web\/wp-json\/wp\/v2\/posts\/14818\/revisions\/14822"}],"wp:featuredmedia":[{"embeddable":true,"href":"https:\/\/iglesiatijuana.org\/web\/wp-json\/wp\/v2\/media\/14821"}],"wp:attachment":[{"href":"https:\/\/iglesiatijuana.org\/web\/wp-json\/wp\/v2\/media?parent=14818"}],"wp:term":[{"taxonomy":"category","embeddable":true,"href":"https:\/\/iglesiatijuana.org\/web\/wp-json\/wp\/v2\/categories?post=14818"},{"taxonomy":"post_tag","embeddable":true,"href":"https:\/\/iglesiatijuana.org\/web\/wp-json\/wp\/v2\/tags?post=14818"}],"curies":[{"name":"wp","href":"https:\/\/api.w.org\/{rel}","templated":true}]}}