{"id":2425,"date":"2013-04-24T15:23:19","date_gmt":"2013-04-24T22:23:19","guid":{"rendered":"http:\/\/iglesiatijuana.org\/web\/liturgica\/"},"modified":"2013-04-24T15:23:19","modified_gmt":"2013-04-24T22:23:19","slug":"liturgica","status":"publish","type":"post","link":"https:\/\/iglesiatijuana.org\/web\/liturgica\/","title":{"rendered":"Sacrosanctum Concilium: 50 a\u00f1os de Renovaci\u00f3n Lit\u00fargica"},"content":{"rendered":"<p><!--[if gte mso 9]><xml>  <w:WordDocument>   <w:View>Normal<\/w:View>   <w:Zoom>0<\/w:Zoom>   <w:HyphenationZone>21<\/w:HyphenationZone>   <w:PunctuationKerning\/>   <w:ValidateAgainstSchemas\/>   <w:SaveIfXMLInvalid>false<\/w:SaveIfXMLInvalid>   <w:IgnoreMixedContent>false<\/w:IgnoreMixedContent>   <w:AlwaysShowPlaceholderText>false<\/w:AlwaysShowPlaceholderText>   <w:Compatibility>    <w:BreakWrappedTables\/>    <w:SnapToGridInCell\/>    <w:WrapTextWithPunct\/>    <w:UseAsianBreakRules\/>    <w:DontGrowAutofit\/>   <\/w:Compatibility>   <w:BrowserLevel>MicrosoftInternetExplorer4<\/w:BrowserLevel>  <\/w:WordDocument> <\/xml><![endif]-->  <\/p>\n<p style=\"text-align: justify\" class=\"MsoNormal\">&nbsp;<img loading=\"lazy\" decoding=\"async\" class=\" size-full wp-image-2424\" src=\"http:\/\/iglesiatijuana.org\/web\/wp-content\/uploads\/2013\/04\/p.franciscomontes.jpg\" alt=\"\" width=\"275\" height=\"448\" srcset=\"https:\/\/iglesiatijuana.org\/web\/wp-content\/uploads\/2013\/04\/p.franciscomontes.jpg 275w, https:\/\/iglesiatijuana.org\/web\/wp-content\/uploads\/2013\/04\/p.franciscomontes-184x300.jpg 184w\" sizes=\"auto, (max-width: 275px) 100vw, 275px\" \/><\/p>\n<p style=\"text-align: justify\" class=\"MsoNormal\"><span style=\"font-family: Arial\">&nbsp;&nbsp;&nbsp;&nbsp;&nbsp;&nbsp;&nbsp;&nbsp;&nbsp;&nbsp;&nbsp;&nbsp;&nbsp;&nbsp; Tijuana, B. C.- La Arquidi&oacute;cesis de Tijuana, a trav&eacute;s de la Pastoral Lit&uacute;rgica que coordina el Presb&iacute;tero Francisco Javier Montes Ram&iacute;rez, llev&oacute; a cabo la conferencia Sacrosanctum Concilium, en este A&ntilde;o Jubilar de la  Arquidi&oacute;cesis de Tijuana y A&ntilde;o de la Fe, cuyo objetivo es impulsar la formaci&oacute;n y profundizaci&oacute;n de los laicos con una serie de conferencias donde se abordar&aacute;n diversos documentos del Magisterio de la Iglesia. <\/span><\/p>\n<p style=\"text-align: justify\" class=\"MsoNormal\"><span style=\"font-family: Arial\"><span>&nbsp;&nbsp;&nbsp;&nbsp;&nbsp;&nbsp;&nbsp;&nbsp;&nbsp;&nbsp;&nbsp; <\/span>&ldquo;En si es la carta magna de la reforma, m&aacute;s que reforma renovaci&oacute;n lit&uacute;rgica que es la participaci&oacute;n en los sacramentos y los sacramentales de la jerarqu&iacute;a y del pueblo de Dios. Cada uno cumple un oficio y un ministerio y esta renovaci&oacute;n lleva entonces a abrir m&aacute;s opciones. No innovaciones, sino todo basado en la tradici&oacute;n, en las fuentes hist&oacute;ricas, en las patr&iacute;sticas, y m&aacute;s que nada tambi&eacute;n porque ya basado en una ciencia lit&uacute;rgica se hace este documento para que la Iglesia renov&aacute;ndose pueda acercar m&aacute;s el mensaje de Cristo&rdquo;, dijo el Padre Montes.<\/span><\/p>\n<p style=\"text-align: justify\" class=\"MsoNormal\"><span style=\"font-family: Arial\"><span>&nbsp;&nbsp;&nbsp;&nbsp;&nbsp;&nbsp;&nbsp;&nbsp;&nbsp;&nbsp;&nbsp; <\/span>7 cap&iacute;tulos integran este documento que abordan sobre la fe, la m&uacute;sica, los ministerios, el uso fundamental y conocimiento de la palabra de Dios.<\/span><\/p>\n<p style=\"text-align: justify\" class=\"MsoNormal\"><span style=\"font-family: Arial\"><span>&nbsp;&nbsp;&nbsp;&nbsp;&nbsp;&nbsp;&nbsp;&nbsp;&nbsp;&nbsp;&nbsp; <\/span>La primera conferencia se llev&oacute; a cabo el viernes 19 de abril en la Parroquia Nuestra Se&ntilde;ora del Carmen, a las 7:00 de la tarde.<\/span><\/p>\n<p style=\"text-align: justify\" class=\"MsoNormal\"><span style=\"font-family: Arial\">&nbsp;<\/span><\/p>\n<p style=\"text-align: justify\" class=\"MsoNormal\"><span style=\"font-family: Arial\">Pr&oacute;ximas actividades para el mes de mayo:<\/span><\/p>\n<p style=\"text-align: justify\" class=\"MsoNormal\"><span style=\"font-family: Arial\">S&aacute;bado 18:<span>&nbsp;&nbsp; <\/span>Campamento de Oraci&oacute;n de Pentecost&eacute;s. Lugar P. Mar&iacute;a Madre de la Iglesia (El Rub&iacute;). Concierto de Alabanza de 7:00 p.m. a 9:00 p.m.: grupo Talit&aacute; Kum! Adoraci&oacute;n nocturna ante el Sant&iacute;simo Sacramento de 10:00 p.m. a 6:00 a.m. Traer Sleeping Bag o cobijas (y si tienes, trae tu tienda de campa&ntilde;a).<\/span><\/p>\n<p style=\"text-align: justify\" class=\"MsoNormal\"><span style=\"font-family: Arial\">&nbsp;<\/span><\/p>\n<p style=\"text-align: justify\" class=\"MsoNormal\"><span style=\"font-family: Arial\">Viernes<span>&nbsp;&nbsp;&nbsp;&nbsp;&nbsp;&nbsp;&nbsp;&nbsp;&nbsp; <\/span>24:<span>&nbsp;&nbsp;&nbsp;&nbsp;&nbsp; <\/span>Conferencia: &ldquo;Las Reformas Lit&uacute;rgicas del Concilio Vaticano II&rdquo;. Lugar: P. Nuestra Se&ntilde;ora del Carmen. Horario: 7:00 p.m.<\/span><\/p>\n<p style=\"text-align: justify\" class=\"MsoNormal\"><span style=\"font-family: Arial\">&nbsp;<\/span><\/p>\n<p style=\"text-align: justify\" class=\"MsoNormal\"><span style=\"font-family: Arial\">Cursos de Somelit<\/span><\/p>\n<p style=\"text-align: justify\" class=\"MsoNormal\"><span style=\"font-family: Arial\">Del lunes 27 al Viernes 31<\/span><\/p>\n<p style=\"text-align: justify\" class=\"MsoNormal\"><span style=\"font-family: Arial\">Lugar: P. Mar&iacute;a Madre de la Iglesia (El Rub&iacute;)<\/span><\/p>\n<p style=\"text-align: justify\" class=\"MsoNormal\"><span style=\"font-family: Arial\">Horario: de 4:00 p.m. a 8:00 p.m.<\/span><\/p>\n<p style=\"text-align: justify\" class=\"MsoNormal\"><span style=\"font-family: Arial\">&nbsp;<\/span><\/p>\n<p style=\"text-align: justify\" class=\"MsoNormal\"><span style=\"font-family: Arial\">&nbsp;<\/span><\/p>\n<p>  <!--[if gte mso 9]><xml>  <w:LatentStyles DefLockedState=\"false\" LatentStyleCount=\"156\">  <\/w:LatentStyles> <\/xml><![endif]--><!--[if !mso]><object  classid=\"clsid:38481807-CA0E-42D2-BF39-B33AF135CC4D\" id=ieooui><\/object> \n\n<style> st1\\:*{behavior:url(#ieooui) } <\/style>\n\n <![endif]--><!--[if gte mso 10]> \n\n<style>  \/* Style Definitions *\/  table.MsoNormalTable \t{mso-style-name:\"Tabla normal\"; \tmso-tstyle-rowband-size:0; \tmso-tstyle-colband-size:0; \tmso-style-noshow:yes; \tmso-style-parent:\"\"; \tmso-padding-alt:0cm 5.4pt 0cm 5.4pt; \tmso-para-margin:0cm; \tmso-para-margin-bottom:.0001pt; \tmso-pagination:widow-orphan; \tfont-size:10.0pt; \tfont-family:\"Times New Roman\"; \tmso-ansi-language:#0400; \tmso-fareast-language:#0400; \tmso-bidi-language:#0400;} <\/style>\n\n <![endif]--><\/p>\n","protected":false},"excerpt":{"rendered":"<p>&nbsp; &nbsp;&nbsp;&nbsp;&nbsp;&nbsp;&nbsp;&nbsp;&nbsp;&nbsp;&nbsp;&nbsp;&nbsp;&nbsp;&nbsp; Tijuana, B. C.- La Arquidi&oacute;cesis de Tijuana, a trav&eacute;s de la Pastoral Lit&uacute;rgica que coordina el Presb&iacute;tero Francisco Javier Montes Ram&iacute;rez, llev&oacute; a cabo la conferencia Sacrosanctum Concilium, en este A&ntilde;o Jubilar&#46;&#46;&#46;<\/p>\n","protected":false},"author":5,"featured_media":2424,"comment_status":"closed","ping_status":"open","sticky":false,"template":"","format":"standard","meta":{"_exactmetrics_skip_tracking":false,"_exactmetrics_sitenote_active":false,"_exactmetrics_sitenote_note":"","_exactmetrics_sitenote_category":0,"footnotes":""},"categories":[14],"tags":[],"class_list":["post-2425","post","type-post","status-publish","format-standard","has-post-thumbnail","hentry","category-ultimas-noticias"],"_links":{"self":[{"href":"https:\/\/iglesiatijuana.org\/web\/wp-json\/wp\/v2\/posts\/2425","targetHints":{"allow":["GET"]}}],"collection":[{"href":"https:\/\/iglesiatijuana.org\/web\/wp-json\/wp\/v2\/posts"}],"about":[{"href":"https:\/\/iglesiatijuana.org\/web\/wp-json\/wp\/v2\/types\/post"}],"author":[{"embeddable":true,"href":"https:\/\/iglesiatijuana.org\/web\/wp-json\/wp\/v2\/users\/5"}],"replies":[{"embeddable":true,"href":"https:\/\/iglesiatijuana.org\/web\/wp-json\/wp\/v2\/comments?post=2425"}],"version-history":[{"count":0,"href":"https:\/\/iglesiatijuana.org\/web\/wp-json\/wp\/v2\/posts\/2425\/revisions"}],"wp:featuredmedia":[{"embeddable":true,"href":"https:\/\/iglesiatijuana.org\/web\/wp-json\/wp\/v2\/media\/2424"}],"wp:attachment":[{"href":"https:\/\/iglesiatijuana.org\/web\/wp-json\/wp\/v2\/media?parent=2425"}],"wp:term":[{"taxonomy":"category","embeddable":true,"href":"https:\/\/iglesiatijuana.org\/web\/wp-json\/wp\/v2\/categories?post=2425"},{"taxonomy":"post_tag","embeddable":true,"href":"https:\/\/iglesiatijuana.org\/web\/wp-json\/wp\/v2\/tags?post=2425"}],"curies":[{"name":"wp","href":"https:\/\/api.w.org\/{rel}","templated":true}]}}