{"id":2526,"date":"2013-06-06T12:36:37","date_gmt":"2013-06-06T19:36:37","guid":{"rendered":"http:\/\/iglesiatijuana.org\/web\/alma-6\/"},"modified":"2013-06-06T12:36:37","modified_gmt":"2013-06-06T19:36:37","slug":"alma-6","status":"publish","type":"post","link":"https:\/\/iglesiatijuana.org\/web\/alma-6\/","title":{"rendered":"Amar\u00e1s al Se\u00f1or tu Dios con todo tu coraz\u00f3n, con toda tu alma, con toda tu mente&#8230;"},"content":{"rendered":"<p><!--[if gte mso 9]><xml>  <w:WordDocument>   <w:View>Normal<\/w:View>   <w:Zoom>0<\/w:Zoom>   <w:HyphenationZone>21<\/w:HyphenationZone>   <w:PunctuationKerning\/>   <w:ValidateAgainstSchemas\/>   <w:SaveIfXMLInvalid>false<\/w:SaveIfXMLInvalid>   <w:IgnoreMixedContent>false<\/w:IgnoreMixedContent>   <w:AlwaysShowPlaceholderText>false<\/w:AlwaysShowPlaceholderText>   <w:Compatibility>    <w:BreakWrappedTables\/>    <w:SnapToGridInCell\/>    <w:WrapTextWithPunct\/>    <w:UseAsianBreakRules\/>    <w:DontGrowAutofit\/>   <\/w:Compatibility>   <w:BrowserLevel>MicrosoftInternetExplorer4<\/w:BrowserLevel>  <\/w:WordDocument> <\/xml><![endif]-->  <\/p>\n<p style=\"text-align: justify\" class=\"MsoNormal\"><strong><span style=\"font-family: Arial\">Jueves:<\/span><\/strong><\/p>\n<p style=\"text-align: justify\" class=\"MsoNormal\"><strong><span style=\"font-family: Arial\">Evangelio: Marcos 12,28-34<\/span><\/strong><\/p>\n<p style=\"text-align: justify\" class=\"MsoNormal\"><span style=\"font-family: Arial; letter-spacing: -0.15pt\">En aquel tiempo, un maestro de la Ley que hab&iacute;a o&iacute;do la discusi&oacute;n y hab&iacute;a observado lo bien que les hab&iacute;a respondido se acerc&oacute; y le pregunt&oacute;: -&iquest;Cu&aacute;l es el mandamiento m&aacute;s importante? Jes&uacute;s contest&oacute;: -El m&aacute;s importante es &eacute;ste: Escucha, Israel, el Se&ntilde;or nuestro Dios es el &uacute;nico Se&ntilde;or. Amar&aacute;s al Se&ntilde;or tu Dios con todo tu coraz&oacute;n, con toda tu alma, con toda tu mente y con todas tus fuerzas. El segundo es &eacute;ste: Amar&aacute;s a tu pr&oacute;jimo como a ti mismo. No hay otro mandamiento m&aacute;s importante que &eacute;stos. El maestro de la Ley le dijo: -Muy bien, Maestro. Tienes raz&oacute;n al afirmar que Dios es &uacute;nico y que no hay otro fuera de &eacute;l; y que amarlo con todo el coraz&oacute;n, con todo el entendimiento y con todas las fuerzas, y amar al pr&oacute;jimo como a uno mismo vale m&aacute;s que todos los holocaustos y sacrificios. Jes&uacute;s, viendo que hab&iacute;a hablado con sensatez, le dijo: -No est&aacute;s lejos del Reino de Dios. Y nadie se atrev&iacute;a ya a seguir pregunt&aacute;ndole. <\/span><\/p>\n<p style=\"text-align: justify\" class=\"MsoNormal\"><span style=\"font-family: Arial\">&nbsp;<\/span><\/p>\n<p style=\"text-align: justify\" class=\"MsoNormal\"><strong><span style=\"font-family: Arial\">ORATIO<\/span><\/strong><\/p>\n<p style=\"text-align: justify\" class=\"MsoNormal\"><span style=\"font-family: Arial; letter-spacing: -0.15pt\">Dios del amor, t&uacute; eres el Se&ntilde;or y el Maestro, s&oacute;lo t&uacute; tienes las palabras de la vida y puedes revelar al hombre su verdad y su dignidad. Todos quisi&eacute;ramos saber qu&eacute; es importante en la vida, para no correr en vano; y si te preguntamos es porque t&uacute; eres amor y s&oacute;lo el amor conoce la verdad y no se la guarda para s&iacute;. Conc&eacute;denos comprender tambi&eacute;n que la grandeza del hombre est&aacute; en el amor: en la certeza de ser amado desde siempre por el Se&ntilde;or del cielo y de la tierra y en la certeza de poder amar al mismo Creador junto con sus criaturas. En esto consiste la grandeza humana, y es humana y di-vina a la vez; es mandamiento, pero antes es don; es re-poso y felicidad para el alma, pero tambi&eacute;n lucha contra el ego&iacute;smo y la desesperaci&oacute;n; es la verdad de donde nace la libertad, la libertad de depender en todo de aqu&eacute;l a quien amamos y a quien estamos llamados a amar; por consiguiente, de ti, que eres el amor. Conc&eacute;deme, Padre, esta libertad: la libertad de entregarte mi vida, para que t&uacute; la conviertas en un evangelio, historia y providencia de amor para muchos hermanos; la libertad de amarte a ti y a todos con el coraz&oacute;n del Hijo, hasta la cruz.<\/span><\/p>\n<p style=\"text-align: justify\" class=\"MsoNormal\"><span style=\"font-family: Arial\">&nbsp;<\/span><\/p>\n<p style=\"text-align: justify\" class=\"MsoNormal\"><strong><span style=\"font-family: Arial\">Mons. Salvador Cisneros<\/span><\/strong><\/p>\n<p style=\"text-align: justify\" class=\"MsoNormal\"><strong><span style=\"font-family: Arial\">Parroquia Santa Teresa de &Aacute;vila<\/span><\/strong><\/p>\n<p style=\"text-align: justify\" class=\"MsoNormal\"><span style=\"font-family: Arial\">&nbsp;<\/span><\/p>\n<p>  <!--[if gte mso 9]><xml>  <w:LatentStyles DefLockedState=\"false\" LatentStyleCount=\"156\">  <\/w:LatentStyles> <\/xml><![endif]--><!--[if !mso]><object  classid=\"clsid:38481807-CA0E-42D2-BF39-B33AF135CC4D\" id=ieooui><\/object> \n\n<style> st1\\:*{behavior:url(#ieooui) } <\/style>\n\n <![endif]--><!--[if gte mso 10]> \n\n<style>  \/* Style Definitions *\/  table.MsoNormalTable \t{mso-style-name:\"Tabla normal\"; \tmso-tstyle-rowband-size:0; \tmso-tstyle-colband-size:0; \tmso-style-noshow:yes; \tmso-style-parent:\"\"; \tmso-padding-alt:0cm 5.4pt 0cm 5.4pt; \tmso-para-margin:0cm; \tmso-para-margin-bottom:.0001pt; \tmso-pagination:widow-orphan; \tfont-size:10.0pt; \tfont-family:\"Times New Roman\"; \tmso-ansi-language:#0400; \tmso-fareast-language:#0400; \tmso-bidi-language:#0400;} <\/style>\n\n <![endif]--><\/p>\n","protected":false},"excerpt":{"rendered":"<p>Jueves: Evangelio: Marcos 12,28-34 En aquel tiempo, un maestro de la Ley que hab&iacute;a o&iacute;do la discusi&oacute;n y hab&iacute;a observado lo bien que les hab&iacute;a respondido se acerc&oacute; y le pregunt&oacute;: -&iquest;Cu&aacute;l es el&#46;&#46;&#46;<\/p>\n","protected":false},"author":5,"featured_media":0,"comment_status":"closed","ping_status":"open","sticky":false,"template":"","format":"standard","meta":{"_exactmetrics_skip_tracking":false,"_exactmetrics_sitenote_active":false,"_exactmetrics_sitenote_note":"","_exactmetrics_sitenote_category":0,"footnotes":""},"categories":[20],"tags":[],"class_list":["post-2526","post","type-post","status-publish","format-standard","hentry","category-evangelio-del-dia"],"_links":{"self":[{"href":"https:\/\/iglesiatijuana.org\/web\/wp-json\/wp\/v2\/posts\/2526","targetHints":{"allow":["GET"]}}],"collection":[{"href":"https:\/\/iglesiatijuana.org\/web\/wp-json\/wp\/v2\/posts"}],"about":[{"href":"https:\/\/iglesiatijuana.org\/web\/wp-json\/wp\/v2\/types\/post"}],"author":[{"embeddable":true,"href":"https:\/\/iglesiatijuana.org\/web\/wp-json\/wp\/v2\/users\/5"}],"replies":[{"embeddable":true,"href":"https:\/\/iglesiatijuana.org\/web\/wp-json\/wp\/v2\/comments?post=2526"}],"version-history":[{"count":0,"href":"https:\/\/iglesiatijuana.org\/web\/wp-json\/wp\/v2\/posts\/2526\/revisions"}],"wp:attachment":[{"href":"https:\/\/iglesiatijuana.org\/web\/wp-json\/wp\/v2\/media?parent=2526"}],"wp:term":[{"taxonomy":"category","embeddable":true,"href":"https:\/\/iglesiatijuana.org\/web\/wp-json\/wp\/v2\/categories?post=2526"},{"taxonomy":"post_tag","embeddable":true,"href":"https:\/\/iglesiatijuana.org\/web\/wp-json\/wp\/v2\/tags?post=2526"}],"curies":[{"name":"wp","href":"https:\/\/api.w.org\/{rel}","templated":true}]}}