{"id":2544,"date":"2013-06-21T12:25:06","date_gmt":"2013-06-21T19:25:06","guid":{"rendered":"http:\/\/iglesiatijuana.org\/web\/tesoro-2\/"},"modified":"2013-06-21T12:25:06","modified_gmt":"2013-06-21T19:25:06","slug":"tesoro-2","status":"publish","type":"post","link":"https:\/\/iglesiatijuana.org\/web\/tesoro-2\/","title":{"rendered":"Porque donde est\u00e1 tu tesoro, all\u00ed est\u00e1 tambi\u00e9n tu coraz\u00f3n"},"content":{"rendered":"<p><!--[if gte mso 9]><xml>  <w:WordDocument>   <w:View>Normal<\/w:View>   <w:Zoom>0<\/w:Zoom>   <w:HyphenationZone>21<\/w:HyphenationZone>   <w:PunctuationKerning\/>   <w:ValidateAgainstSchemas\/>   <w:SaveIfXMLInvalid>false<\/w:SaveIfXMLInvalid>   <w:IgnoreMixedContent>false<\/w:IgnoreMixedContent>   <w:AlwaysShowPlaceholderText>false<\/w:AlwaysShowPlaceholderText>   <w:Compatibility>    <w:BreakWrappedTables\/>    <w:SnapToGridInCell\/>    <w:WrapTextWithPunct\/>    <w:UseAsianBreakRules\/>    <w:DontGrowAutofit\/>   <\/w:Compatibility>   <w:BrowserLevel>MicrosoftInternetExplorer4<\/w:BrowserLevel>  <\/w:WordDocument> <\/xml><![endif]-->  <\/p>\n<p style=\"text-align: justify\" class=\"MsoNormal\"><strong><span style=\"font-family: Arial\">Viernes de la 11a. Semana del tiempo ordinario<\/span><\/strong><\/p>\n<p style=\"text-align: justify\" class=\"MsoNormal\"><strong><span style=\"font-family: Arial\">LECTIO<\/span><\/strong><\/p>\n<p style=\"text-align: justify\" class=\"MsoNormal\"><strong><span style=\"font-family: Arial\">Evangelio: Mateo 6,19-23<\/span><\/strong><\/p>\n<p style=\"text-align: justify\" class=\"MsoNormal\"><span style=\"font-family: Arial\">&nbsp;<\/span><\/p>\n<p style=\"text-align: justify\" class=\"MsoNormal\"><span style=\"font-family: Arial\">En aquel tiempo, dijo Jes&uacute;s a sus disc&iacute;pulos: No acumul&eacute;is tesoros en esta tierra, donde la polilla y la carcoma echan a perder las cosas y donde los ladrones socavan y roban. Acumulad mejor tesoros en el cielo, donde ni la polilla ni la carcoma echan a perder las cosas y donde los ladrones no socavan ni roban. Porque donde est&aacute; tu tesoro, all&iacute; est&aacute; tambi&eacute;n tu coraz&oacute;n.<\/span><\/p>\n<p style=\"text-align: justify\" class=\"MsoNormal\"><span style=\"font-family: Arial\">El ojo es la l&aacute;mpara del cuerpo. Si tu ojo est&aacute; sano, todo tu cuerpo est&aacute; iluminado; pero si tu ojo est&aacute; enfermo, todo tu cuerpo est&aacute; en tinieblas. Y si la luz que hay en ti es tiniebla, &iexcl;qu&eacute; grande ser&aacute; la oscuridad!<\/span><\/p>\n<p style=\"text-align: justify\" class=\"MsoNormal\"><span style=\"font-family: Arial\">&nbsp;<\/span><\/p>\n<p style=\"text-align: justify\" class=\"MsoNormal\"><strong><span style=\"font-family: Arial\">ORATIO<\/span><\/strong><\/p>\n<p style=\"text-align: justify\" class=\"MsoNormal\"><span style=\"font-family: Arial\">Se&ntilde;or, dame un coraz&oacute;n sencillo que sepa discernir el verdadero bien y no se deje sugestionar por los bienes aparentes, ilusorios y pasajeros.<\/span><\/p>\n<p style=\"text-align: justify\" class=\"MsoNormal\"><span style=\"font-family: Arial\">Dame, Se&ntilde;or, un coraz&oacute;n unificado que no alimente odios, que no se pliegue al mal, que no est&eacute; sometido a la sensualidad y al capricho. Hazme comprender que s&oacute;lo t&uacute; eres el tesoro de mi coraz&oacute;n. Conc&eacute;deme esta experiencia viva cuando te recibo en la eucarist&iacute;a.<\/span><\/p>\n<p style=\"text-align: justify\" class=\"MsoNormal\"><span style=\"font-family: Arial\">&nbsp;<\/span><\/p>\n<p style=\"text-align: justify\" class=\"MsoNormal\"><strong><span style=\"font-family: Arial\">Mons. Salvador Cisneros<\/span><\/strong><\/p>\n<p style=\"text-align: justify\" class=\"MsoNormal\"><strong><span style=\"font-family: Arial\">Parroquia Santa Teresa de &Aacute;vila<\/span><\/strong><\/p>\n<p style=\"text-align: justify\" class=\"MsoNormal\"><span style=\"font-family: Arial\">&nbsp;<\/span><\/p>\n<p>  <!--[if gte mso 9]><xml>  <w:LatentStyles DefLockedState=\"false\" LatentStyleCount=\"156\">  <\/w:LatentStyles> <\/xml><![endif]--><!--[if gte mso 10]> \n\n<style>  \/* Style Definitions *\/  table.MsoNormalTable \t{mso-style-name:\"Tabla normal\"; \tmso-tstyle-rowband-size:0; \tmso-tstyle-colband-size:0; \tmso-style-noshow:yes; \tmso-style-parent:\"\"; \tmso-padding-alt:0cm 5.4pt 0cm 5.4pt; \tmso-para-margin:0cm; \tmso-para-margin-bottom:.0001pt; \tmso-pagination:widow-orphan; \tfont-size:10.0pt; \tfont-family:\"Times New Roman\"; \tmso-ansi-language:#0400; \tmso-fareast-language:#0400; \tmso-bidi-language:#0400;} <\/style>\n\n <![endif]--><!--[if gte mso 9]><xml>  <w:LatentStyles DefLockedState=\"false\" LatentStyleCount=\"156\">  <\/w:LatentStyles> <\/xml><![endif]--><!--[if gte mso 10]> \n\n<style>  \/* Style Definitions *\/  table.MsoNormalTable \t{mso-style-name:\"Tabla normal\"; \tmso-tstyle-rowband-size:0; \tmso-tstyle-colband-size:0; \tmso-style-noshow:yes; \tmso-style-parent:\"\"; \tmso-padding-alt:0cm 5.4pt 0cm 5.4pt; \tmso-para-margin:0cm; \tmso-para-margin-bottom:.0001pt; \tmso-pagination:widow-orphan; \tfont-size:10.0pt; \tfont-family:\"Times New Roman\"; \tmso-ansi-language:#0400; \tmso-fareast-language:#0400; \tmso-bidi-language:#0400;} <\/style>\n\n <![endif]--><\/p>\n","protected":false},"excerpt":{"rendered":"<p>Viernes de la 11a. Semana del tiempo ordinario LECTIO Evangelio: Mateo 6,19-23 &nbsp; En aquel tiempo, dijo Jes&uacute;s a sus disc&iacute;pulos: No acumul&eacute;is tesoros en esta tierra, donde la polilla y la carcoma echan&#46;&#46;&#46;<\/p>\n","protected":false},"author":5,"featured_media":0,"comment_status":"closed","ping_status":"open","sticky":false,"template":"","format":"standard","meta":{"_exactmetrics_skip_tracking":false,"_exactmetrics_sitenote_active":false,"_exactmetrics_sitenote_note":"","_exactmetrics_sitenote_category":0,"footnotes":""},"categories":[20],"tags":[],"class_list":["post-2544","post","type-post","status-publish","format-standard","hentry","category-evangelio-del-dia"],"_links":{"self":[{"href":"https:\/\/iglesiatijuana.org\/web\/wp-json\/wp\/v2\/posts\/2544","targetHints":{"allow":["GET"]}}],"collection":[{"href":"https:\/\/iglesiatijuana.org\/web\/wp-json\/wp\/v2\/posts"}],"about":[{"href":"https:\/\/iglesiatijuana.org\/web\/wp-json\/wp\/v2\/types\/post"}],"author":[{"embeddable":true,"href":"https:\/\/iglesiatijuana.org\/web\/wp-json\/wp\/v2\/users\/5"}],"replies":[{"embeddable":true,"href":"https:\/\/iglesiatijuana.org\/web\/wp-json\/wp\/v2\/comments?post=2544"}],"version-history":[{"count":0,"href":"https:\/\/iglesiatijuana.org\/web\/wp-json\/wp\/v2\/posts\/2544\/revisions"}],"wp:attachment":[{"href":"https:\/\/iglesiatijuana.org\/web\/wp-json\/wp\/v2\/media?parent=2544"}],"wp:term":[{"taxonomy":"category","embeddable":true,"href":"https:\/\/iglesiatijuana.org\/web\/wp-json\/wp\/v2\/categories?post=2544"},{"taxonomy":"post_tag","embeddable":true,"href":"https:\/\/iglesiatijuana.org\/web\/wp-json\/wp\/v2\/tags?post=2544"}],"curies":[{"name":"wp","href":"https:\/\/api.w.org\/{rel}","templated":true}]}}