{"id":2777,"date":"2013-10-03T18:56:24","date_gmt":"2013-10-04T01:56:24","guid":{"rendered":"http:\/\/iglesiatijuana.org\/web\/bendijo-4\/"},"modified":"2013-10-03T18:56:24","modified_gmt":"2013-10-04T01:56:24","slug":"bendijo-4","status":"publish","type":"post","link":"https:\/\/iglesiatijuana.org\/web\/bendijo-4\/","title":{"rendered":"El Arzobispo bendijo e inaugur\u00f3 la Unidad de Hemodi\u00e1lisis San Jos\u00e9 Moscati"},"content":{"rendered":"<p><!--[if gte mso 9]><xml>  <w:WordDocument>   <w:View>Normal<\/w:View>   <w:Zoom>0<\/w:Zoom>   <w:HyphenationZone>21<\/w:HyphenationZone>   <w:PunctuationKerning\/>   <w:ValidateAgainstSchemas\/>   <w:SaveIfXMLInvalid>false<\/w:SaveIfXMLInvalid>   <w:IgnoreMixedContent>false<\/w:IgnoreMixedContent>   <w:AlwaysShowPlaceholderText>false<\/w:AlwaysShowPlaceholderText>   <w:Compatibility>    <w:BreakWrappedTables\/>    <w:SnapToGridInCell\/>    <w:WrapTextWithPunct\/>    <w:UseAsianBreakRules\/>    <w:DontGrowAutofit\/>   <\/w:Compatibility>   <w:BrowserLevel>MicrosoftInternetExplorer4<\/w:BrowserLevel>  <\/w:WordDocument> <\/xml><![endif]-->  <\/p>\n<p style=\"text-align: justify\" class=\"MsoNormal\">&nbsp;<img loading=\"lazy\" decoding=\"async\" class=\" size-full wp-image-2776\" src=\"http:\/\/iglesiatijuana.org\/web\/wp-content\/uploads\/2013\/10\/unidadhemodialisissanjosemoscatibendicion.jpg\" alt=\"\" width=\"448\" height=\"298\" srcset=\"https:\/\/iglesiatijuana.org\/web\/wp-content\/uploads\/2013\/10\/unidadhemodialisissanjosemoscatibendicion.jpg 448w, https:\/\/iglesiatijuana.org\/web\/wp-content\/uploads\/2013\/10\/unidadhemodialisissanjosemoscatibendicion-300x200.jpg 300w\" sizes=\"auto, (max-width: 448px) 100vw, 448px\" \/><\/p>\n<p style=\"text-align: justify\" class=\"MsoNormal\"><span style=\"font-family: Arial\">&nbsp;&nbsp;&nbsp;&nbsp;&nbsp;&nbsp;&nbsp;&nbsp;&nbsp; Tijuana, B. C.- La Unidad de Hemodi&aacute;lisis San Jos&eacute; Moscati de la Cl&iacute;nica Buen Pastor, a cargo de la  Pastoral de la  Salud, fue bendecida e inaugurada por el Arzobispo Metropolitano, Monse&ntilde;or Rafael Romo Mu&ntilde;oz, acompa&ntilde;ado por el Secretario de Desarrollo Social, Pablo Alejo N&uacute;&ntilde;ez; y el Jefe Eclesial de la pastoral, Presb&iacute;tero Jos&eacute; Rodr&iacute;guez De Anda, entre otras personalidades.<\/span><\/p>\n<p style=\"text-align: justify; text-indent: 35.4pt\" class=\"MsoNormal\"><span style=\"font-family: Arial\">&ldquo;Me siento satisfecho y orgulloso por dos razones: una es una obra de la Iglesia. La Iglesia se est&aacute; siendo presente con los pacientes que est&aacute;n sufriendo. Es mi mayor orgullo que la Iglesia est&aacute; siendo algo as&iacute;. Me siento orgulloso porque el se&ntilde;or Arzobispo haya venido a inaugurar estas instalaciones, que es una obra diocesana. Yo como miembro de la Arquidi&oacute;cesis me siento orgulloso que seamos la primera instituci&oacute;n a nivel nacional que cuente con esos recursos en cuesti&oacute;n social&rdquo;, dijo el padre Jos&eacute; Luis.<\/span><\/p>\n<p style=\"text-align: justify; text-indent: 35.4pt\" class=\"MsoNormal\"><span style=\"font-family: Arial\">Este servicio m&eacute;dico tiene el objetivo de ayudar a enfermos de escasos recursos econ&oacute;mico.<\/span><\/p>\n<p style=\"text-align: justify; text-indent: 35.4pt\" class=\"MsoNormal\"><span style=\"font-family: Arial\">La   Cl&iacute;nica<\/span><span style=\"font-family: Arial\"> Buen<\/span><span style=\"font-family: Arial\"> Pastor tambi&eacute;n ofrece atenci&oacute;n en medicina general, dental, psicolog&iacute;a y farmacia.<\/span><\/p>\n<p style=\"text-align: justify; text-indent: 35.4pt\" class=\"MsoNormal\"><span style=\"font-family: Arial\">Para mayor informaci&oacute;n pueden comunicarse al tel&eacute;fono 6315671. <\/span><\/p>\n<p style=\"text-align: justify; text-indent: 35.4pt\" class=\"MsoNormal\"><span style=\"font-family: Arial\">El horario de la cl&iacute;nica es de las 7:00 de la ma&ntilde;ana a las 7:00 de la noche de lunes a s&aacute;bado. Est&aacute; ubicada en la Calle  Ram&oacute;n Pereda No. 3670, Colonia Miramar.<\/span><\/p>\n<p style=\"text-align: justify; text-indent: 35.4pt\" class=\"MsoNormal\"><span style=\"font-family: Arial\">El evento se llev&oacute; a cabo el mi&eacute;rcoles 2 de octubre a las 11:00 de la ma&ntilde;ana.<\/span><\/p>\n<p style=\"text-align: justify; text-indent: 35.4pt\" class=\"MsoNormal\"><span style=\"font-family: Arial\">&nbsp;<\/span><\/p>\n<p style=\"text-align: justify\" class=\"MsoNormal\"><span style=\"font-family: Arial\">&nbsp;<\/span><\/p>\n<p>  <!--[if gte mso 9]><xml>  <w:LatentStyles DefLockedState=\"false\" LatentStyleCount=\"156\">  <\/w:LatentStyles> <\/xml><![endif]--><!--[if !mso]><object  classid=\"clsid:38481807-CA0E-42D2-BF39-B33AF135CC4D\" id=ieooui><\/object> \n\n<style> st1\\:*{behavior:url(#ieooui) } <\/style>\n\n <![endif]--><!--[if gte mso 10]> \n\n<style>  \/* Style Definitions *\/  table.MsoNormalTable \t{mso-style-name:\"Tabla normal\"; \tmso-tstyle-rowband-size:0; \tmso-tstyle-colband-size:0; \tmso-style-noshow:yes; \tmso-style-parent:\"\"; \tmso-padding-alt:0cm 5.4pt 0cm 5.4pt; \tmso-para-margin:0cm; \tmso-para-margin-bottom:.0001pt; \tmso-pagination:widow-orphan; \tfont-size:10.0pt; \tfont-family:\"Times New Roman\"; \tmso-ansi-language:#0400; \tmso-fareast-language:#0400; \tmso-bidi-language:#0400;} <\/style>\n\n <![endif]--><\/p>\n","protected":false},"excerpt":{"rendered":"<p>&nbsp; &nbsp;&nbsp;&nbsp;&nbsp;&nbsp;&nbsp;&nbsp;&nbsp;&nbsp; Tijuana, B. C.- La Unidad de Hemodi&aacute;lisis San Jos&eacute; Moscati de la Cl&iacute;nica Buen Pastor, a cargo de la Pastoral de la Salud, fue bendecida e inaugurada por el Arzobispo Metropolitano, Monse&ntilde;or&#46;&#46;&#46;<\/p>\n","protected":false},"author":5,"featured_media":2776,"comment_status":"closed","ping_status":"open","sticky":false,"template":"","format":"standard","meta":{"_exactmetrics_skip_tracking":false,"_exactmetrics_sitenote_active":false,"_exactmetrics_sitenote_note":"","_exactmetrics_sitenote_category":0,"footnotes":""},"categories":[14],"tags":[],"class_list":["post-2777","post","type-post","status-publish","format-standard","has-post-thumbnail","hentry","category-ultimas-noticias"],"_links":{"self":[{"href":"https:\/\/iglesiatijuana.org\/web\/wp-json\/wp\/v2\/posts\/2777","targetHints":{"allow":["GET"]}}],"collection":[{"href":"https:\/\/iglesiatijuana.org\/web\/wp-json\/wp\/v2\/posts"}],"about":[{"href":"https:\/\/iglesiatijuana.org\/web\/wp-json\/wp\/v2\/types\/post"}],"author":[{"embeddable":true,"href":"https:\/\/iglesiatijuana.org\/web\/wp-json\/wp\/v2\/users\/5"}],"replies":[{"embeddable":true,"href":"https:\/\/iglesiatijuana.org\/web\/wp-json\/wp\/v2\/comments?post=2777"}],"version-history":[{"count":0,"href":"https:\/\/iglesiatijuana.org\/web\/wp-json\/wp\/v2\/posts\/2777\/revisions"}],"wp:featuredmedia":[{"embeddable":true,"href":"https:\/\/iglesiatijuana.org\/web\/wp-json\/wp\/v2\/media\/2776"}],"wp:attachment":[{"href":"https:\/\/iglesiatijuana.org\/web\/wp-json\/wp\/v2\/media?parent=2777"}],"wp:term":[{"taxonomy":"category","embeddable":true,"href":"https:\/\/iglesiatijuana.org\/web\/wp-json\/wp\/v2\/categories?post=2777"},{"taxonomy":"post_tag","embeddable":true,"href":"https:\/\/iglesiatijuana.org\/web\/wp-json\/wp\/v2\/tags?post=2777"}],"curies":[{"name":"wp","href":"https:\/\/api.w.org\/{rel}","templated":true}]}}