{"id":319,"date":"2010-02-18T16:49:41","date_gmt":"2010-02-19T00:49:41","guid":{"rendered":"http:\/\/iglesiatijuana.org\/web\/clinica\/"},"modified":"2010-02-18T16:49:41","modified_gmt":"2010-02-19T00:49:41","slug":"clinica","status":"publish","type":"post","link":"https:\/\/iglesiatijuana.org\/web\/clinica\/","title":{"rendered":"Con los Madrugadores present\u00f3 el Di\u00e1cono Rodr\u00edguez el apostolado de la Cl\u00ednica San Luis Obispo"},"content":{"rendered":"<p style=\"margin: 0cm 0cm 0pt\" class=\"MsoNormal\"><span><font size=\"3\"><font color=\"#000000\"><font face=\"Times New Roman\">&nbsp;<img loading=\"lazy\" decoding=\"async\" class=\" size-full wp-image-318\" src=\"http:\/\/iglesiatijuana.org\/web\/wp-content\/uploads\/2010\/02\/clinica.jpg\" alt=\"\" width=\"500\" height=\"375\" srcset=\"https:\/\/iglesiatijuana.org\/web\/wp-content\/uploads\/2010\/02\/clinica.jpg 500w, https:\/\/iglesiatijuana.org\/web\/wp-content\/uploads\/2010\/02\/clinica-300x225.jpg 300w\" sizes=\"auto, (max-width: 500px) 100vw, 500px\" \/><\/font><\/font><\/font><\/span><\/p>\n<p><span><font size=\"3\"><font color=\"#000000\"><font face=\"Times New Roman\">&nbsp;&nbsp;&nbsp;&nbsp;&nbsp;&nbsp;&nbsp;&nbsp;&nbsp;&nbsp; Tijuana, B. C.- El Di&aacute;cono Jos&eacute; Luis Rodr&iacute;guez De Anda se present&oacute; el jueves 18 de febrero ante el Grupo Madrugadores a las 8:00 de la ma&ntilde;ana, para compartir con ellos el apostolado que realiza la Arquidi&oacute;cesis de Tijuana en la Cl&iacute;nica San Luis Obispo, de la cual es el Administrador.<\/font><\/font><\/font><\/span><span><font size=\"3\"><font color=\"#000000\"><font face=\"Times New Roman\"><span>&nbsp;&nbsp;&nbsp;&nbsp;&nbsp;&nbsp;&nbsp;&nbsp;&nbsp;&nbsp;&nbsp; <\/span><\/font><\/font><\/font><\/span><\/p>\n<p><span><font size=\"3\"><font color=\"#000000\"><font face=\"Times New Roman\"><span>&nbsp;&nbsp;&nbsp;&nbsp;&nbsp;&nbsp;&nbsp;&nbsp;&nbsp; <\/span>En su exposici&oacute;n el di&aacute;cono les comparti&oacute; los servicios que ofrece la cl&iacute;nica, ubicada en la Calle Ram&oacute;n Pereda No. 3670, Colonia Miramar, como son atenci&oacute;n m&eacute;dica, dental y psicol&oacute;gica, y en un futuro tambi&eacute;n la espiritual.<\/font><\/font><\/font><\/span><span><font size=\"3\"><font color=\"#000000\"><font face=\"Times New Roman\"><span>&nbsp;&nbsp;&nbsp;&nbsp;&nbsp;&nbsp;&nbsp;&nbsp;&nbsp;&nbsp;&nbsp; <\/span><\/font><\/font><\/font><\/span><\/p>\n<p><span><font size=\"3\"><font color=\"#000000\"><font face=\"Times New Roman\"><span>&nbsp;&nbsp;&nbsp;&nbsp;&nbsp;&nbsp;&nbsp;&nbsp;&nbsp; <\/span>Resalt&oacute; la necesidad que tiene este apostolado de ser apoyado por profesionales de la medicina: doctores, enfermeros, psic&oacute;logos, dentistas, etc. y la ayuda de la comunidad con medicamento y donativos econ&oacute;micos.<\/font><\/font><\/font><\/span><span><font size=\"3\"><font color=\"#000000\"><font face=\"Times New Roman\"><span>&nbsp;&nbsp;&nbsp;&nbsp;&nbsp;&nbsp;&nbsp;&nbsp;&nbsp;&nbsp;&nbsp; <\/span><\/font><\/font><\/font><\/span><\/p>\n<p><span><font size=\"3\"><font color=\"#000000\"><font face=\"Times New Roman\"><span>&nbsp;&nbsp;&nbsp;&nbsp;&nbsp;&nbsp;&nbsp;&nbsp;&nbsp; <\/span>Los miembros del grupo se mostraron muy interesados en este apostolado y externaron sus preguntas, as&iacute; como algunos periodistas, como en qu&eacute; se invierte el diezmo que capta la Iglesia local anualmente, el por qu&eacute; si la gente que vive a los alrededores de la cl&iacute;nica es de escasos recursos econ&oacute;micos no van muchos a recibir estos servicios que ofrecen, y si es m&aacute;s importante la salud f&iacute;sica o la espiritual, entre otras.<\/font><\/font><\/font><\/span><span><font size=\"3\"><font color=\"#000000\"><font face=\"Times New Roman\"><span>&nbsp;&nbsp;&nbsp;&nbsp;&nbsp;&nbsp;&nbsp;&nbsp;&nbsp;&nbsp;&nbsp; <\/span><\/font><\/font><\/font><\/span><\/p>\n<p><span><font size=\"3\"><font color=\"#000000\"><font face=\"Times New Roman\"><span>&nbsp;&nbsp;&nbsp;&nbsp;&nbsp;&nbsp;&nbsp;&nbsp;&nbsp; <\/span>&ldquo;Las dos de la mano, porque en lo espiritual no solamente nos vamos a ir al &aacute;rea de la relaci&oacute;n con Dios. Y lo humano, si la persona est&aacute; mal, si trae problemas emocionales esta mal con Dios, entonces yo creo que es integral. No podemos disasociar una cosa con la otra, entonces si hay problemas de enfermedades pero tambi&eacute;n lo espiritual no lo podemos desatender&rdquo;, coment&oacute; el Di&aacute;cono Jos&eacute; Luis Rodr&iacute;guez.<\/font><\/font><\/font><\/span><span><font size=\"3\"><font color=\"#000000\"><font face=\"Times New Roman\"><span>&nbsp;&nbsp;&nbsp;&nbsp;&nbsp;&nbsp;&nbsp;&nbsp;&nbsp;&nbsp;&nbsp; <\/span><\/font><\/font><\/font><\/span><\/p>\n<p><span><font size=\"3\"><font color=\"#000000\"><font face=\"Times New Roman\">&nbsp;&nbsp;&nbsp;&nbsp;&nbsp;&nbsp;&nbsp;&nbsp;&nbsp; Finalmente le entregaron un reconocimiento por su participaci&oacute;n. La reuni&oacute;n se llev&oacute; a cabo en el Hotel Marriot.<\/font><\/font><\/font><\/span><\/p>\n","protected":false},"excerpt":{"rendered":"<p>&nbsp; &nbsp;&nbsp;&nbsp;&nbsp;&nbsp;&nbsp;&nbsp;&nbsp;&nbsp;&nbsp; Tijuana, B. C.- El Di&aacute;cono Jos&eacute; Luis Rodr&iacute;guez De Anda se present&oacute; el jueves 18 de febrero ante el Grupo Madrugadores a las 8:00 de la ma&ntilde;ana, para compartir con ellos el&#46;&#46;&#46;<\/p>\n","protected":false},"author":5,"featured_media":318,"comment_status":"closed","ping_status":"open","sticky":false,"template":"","format":"standard","meta":{"_exactmetrics_skip_tracking":false,"_exactmetrics_sitenote_active":false,"_exactmetrics_sitenote_note":"","_exactmetrics_sitenote_category":0,"footnotes":""},"categories":[14],"tags":[],"class_list":["post-319","post","type-post","status-publish","format-standard","has-post-thumbnail","hentry","category-ultimas-noticias"],"_links":{"self":[{"href":"https:\/\/iglesiatijuana.org\/web\/wp-json\/wp\/v2\/posts\/319","targetHints":{"allow":["GET"]}}],"collection":[{"href":"https:\/\/iglesiatijuana.org\/web\/wp-json\/wp\/v2\/posts"}],"about":[{"href":"https:\/\/iglesiatijuana.org\/web\/wp-json\/wp\/v2\/types\/post"}],"author":[{"embeddable":true,"href":"https:\/\/iglesiatijuana.org\/web\/wp-json\/wp\/v2\/users\/5"}],"replies":[{"embeddable":true,"href":"https:\/\/iglesiatijuana.org\/web\/wp-json\/wp\/v2\/comments?post=319"}],"version-history":[{"count":0,"href":"https:\/\/iglesiatijuana.org\/web\/wp-json\/wp\/v2\/posts\/319\/revisions"}],"wp:featuredmedia":[{"embeddable":true,"href":"https:\/\/iglesiatijuana.org\/web\/wp-json\/wp\/v2\/media\/318"}],"wp:attachment":[{"href":"https:\/\/iglesiatijuana.org\/web\/wp-json\/wp\/v2\/media?parent=319"}],"wp:term":[{"taxonomy":"category","embeddable":true,"href":"https:\/\/iglesiatijuana.org\/web\/wp-json\/wp\/v2\/categories?post=319"},{"taxonomy":"post_tag","embeddable":true,"href":"https:\/\/iglesiatijuana.org\/web\/wp-json\/wp\/v2\/tags?post=319"}],"curies":[{"name":"wp","href":"https:\/\/api.w.org\/{rel}","templated":true}]}}