{"id":3568,"date":"2014-11-20T04:00:00","date_gmt":"2014-11-20T12:00:00","guid":{"rendered":"http:\/\/iglesiatijuana.org\/web\/paz-35\/"},"modified":"2014-11-20T04:00:00","modified_gmt":"2014-11-20T12:00:00","slug":"paz-35","status":"publish","type":"post","link":"https:\/\/iglesiatijuana.org\/web\/paz-35\/","title":{"rendered":"\u00a1Si t\u00fa tambi\u00e9n hubieras comprendido en este d\u00eda el mensaje de paz!"},"content":{"rendered":"<p style=\"margin: 6pt 0cm; text-align: justify\" class=\"Style3\"><span class=\"CharacterStyle4\"><strong><span style=\"font-size: 12pt; font-family: Arial, sans-serif; letter-spacing: -0.3pt\">Jueves <\/span><\/strong><\/span><\/p>\n<p style=\"margin: 6pt 0cm; text-align: justify\" class=\"Style3\"><span class=\"CharacterStyle4\"><strong><span style=\"font-size: 12pt; font-family: Arial, sans-serif; letter-spacing: -0.3pt\">Evangelio: Lucas 19,41-44<\/span><\/strong><\/span><\/p>\n<p style=\"margin: 6pt 0cm; text-indent: 0cm\" class=\"Style5\"><span style=\"font-family: Arial, sans-serif; letter-spacing: -0.45pt\">Cuando estuvo cerca y vio la ciudad, Jes&uacute;s se puso a llorar por ella,&nbsp; diciendo: &laquo;&iexcl;Si t&uacute; tambi&eacute;n hubieras comprendido en este d&iacute;a el mensaje de paz! Pero ahora est&aacute; oculto a tus ojos.&nbsp;Vendr&aacute;n d&iacute;as desastrosos para ti, en que tus enemigos te cercar&aacute;n con empalizadas, te sitiar&aacute;n y te atacar&aacute;n por todas partes.&nbsp;Te arrasar&aacute;n junto con tus hijos, que est&aacute;n dentro de ti, y no dejar&aacute;n en ti piedra sobre piedra, porque no has sabido reconocer el tiempo en que fuiste visitada por Dios&raquo;.<\/span><\/p>\n<p class=\"MsoNormal\"><span class=\"apple-style-span\"><span style=\"font-size: 12pt; line-height: 115%; font-family: Verdana, sans-serif; color: black\">&nbsp;<\/span><\/span><\/p>\n<p class=\"MsoNormal\"><span class=\"CharacterStyle4\"><strong><span style=\"font-size: 12pt; line-height: 115%; font-family: Arial, sans-serif\">ORATIO<\/span><\/strong><\/span><\/p>\n<p style=\"margin: 6pt 0cm; text-indent: 0cm\" class=\"Style5\"><em><span style=\"font-family: Arial, sans-serif; letter-spacing: -0.45pt\">&laquo;El camino de la paz&raquo; <\/span><\/em><span style=\"font-family: Arial, sans-serif; letter-spacing: -0.45pt\">es un sue&ntilde;o que ha tenido la his&shy;<\/span><span style=\"font-family: Arial, sans-serif; letter-spacing: -0.4pt\">toria desde siempre, pero Jerusal&eacute;n, escondi&eacute;ndose de&shy;<\/span><span style=\"font-family: Arial, sans-serif; letter-spacing: -0.45pt\">tr&aacute;s de sus muros, rechaza tu paz gritando: &laquo;&iquest;Por qu&eacute;?&raquo;. <\/span><span style=\"font-family: Arial, sans-serif; letter-spacing: -0.3pt\">Oh Se&ntilde;or, calma mis arrebatos de violencia para que, <\/span><span style=\"font-family: Arial, sans-serif; letter-spacing: -0.1pt\">reconociendo tu paz, pueda decir: &laquo;&iquest;Por qu&eacute; no?&raquo;.<\/span><\/p>\n<p style=\"margin: 6pt 0cm; text-indent: 0cm\" class=\"Style5\"><span style=\"font-family: Arial, sans-serif; letter-spacing: -0.25pt\">La paz es un sue&ntilde;o que se va realizando d&iacute;a a d&iacute;a, <\/span><span style=\"font-family: Arial, sans-serif; letter-spacing: -0.55pt\">semana a semana, mes a mes, a trav&eacute;s de acciones con&shy;cretas que modifican nuestros pensamientos, desgastan <\/span><span style=\"font-family: Arial, sans-serif; letter-spacing: -0.4pt\">lentamente los viejos muros y crean en silencio nuevas <\/span><span style=\"font-family: Arial, sans-serif; letter-spacing: -0.55pt\">aperturas. Oh Se&ntilde;or, haz que mis gestos de paz puedan <\/span><span style=\"font-family: Arial, sans-serif; letter-spacing: -0.5pt\">contribuir a un futuro mejor, en el que el mundo pueda <\/span><span style=\"font-family: Arial, sans-serif; letter-spacing: -0.1pt\">esperar y decir: &laquo;&iquest;Por qu&eacute; no?&raquo;.<\/span><\/p>\n<p style=\"margin: 6pt 0cm; text-align: justify\" class=\"Style3\"><span class=\"CharacterStyle4\"><span style=\"font-size: 12pt; font-family: Arial, sans-serif; letter-spacing: -0.4pt\">La paz no es el para&iacute;so de unos pocos, sino un signo <\/span><\/span><span class=\"CharacterStyle4\"><span style=\"font-size: 12pt; font-family: Arial, sans-serif; letter-spacing: -0.15pt\">que abarca a la humanidad. Es una fuerza que, lu&shy;<\/span><\/span><span class=\"CharacterStyle4\"><span style=\"font-size: 12pt; font-family: Arial, sans-serif; letter-spacing: -0.1pt\">chando contra la injusticia, la miseria, la ignorancia, <\/span><\/span><span class=\"CharacterStyle4\"><span style=\"font-size: 12pt; font-family: Arial, sans-serif; letter-spacing: -0.25pt\">la prepotencia, obra en favor del bien de todos sin dis<\/span><\/span><span style=\"font-size: 12pt; font-family: Arial, sans-serif; letter-spacing: -0.3pt\">criminaci&oacute;n. <\/span><\/p>\n<p style=\"margin: 6pt 0cm; text-align: justify\" class=\"Style3\"><span style=\"font-size: 12pt; font-family: Arial, sans-serif; letter-spacing: -0.3pt\">Oh Se&ntilde;or, dame el valor de desafiar la de<\/span><span style=\"font-size: 12pt; font-family: Arial, sans-serif; letter-spacing: -0.35pt\">saprobaci&oacute;n de los poderosos o las cr&iacute;ticas de los pusi&shy;<\/span><span style=\"font-size: 12pt; font-family: Arial, sans-serif; letter-spacing: -0.2pt\">l&aacute;nimes, para que, sin hacer v&iacute;ctimas ni entre los d&eacute;bi&shy;les ni entre los fuertes, pueda ser cre&iacute;ble y, frente a tu <\/span><span style=\"font-size: 12pt; font-family: Arial, sans-serif; letter-spacing: -0.35pt\">paz, puedan gritar todos: &laquo;&iquest;Por qu&eacute; no?&raquo;. Oh Se&ntilde;or, haz <\/span><span style=\"font-size: 12pt; font-family: Arial, sans-serif; letter-spacing: -0.45pt\">que mis gestos de paz puedan contribuir a un futuro me&shy;<\/span><span style=\"font-size: 12pt; font-family: Arial, sans-serif; letter-spacing: -0.15pt\">jor, para que el mundo, esperando, pueda decir: &laquo;&iquest;Por <\/span><span style=\"font-size: 12pt; font-family: Arial, sans-serif\">qu&eacute; no?&raquo;.<\/span><\/p>\n<p style=\"margin: 6pt 0cm; text-align: justify\" class=\"Style3\"><span class=\"CharacterStyle4\"><strong><span style=\"font-size: 12pt; font-family: Arial, sans-serif\">&nbsp;<\/span><\/strong><\/span><\/p>\n<p style=\"margin: 6pt 0cm; text-align: justify\" class=\"Style3\"><span class=\"CharacterStyle4\"><strong><span style=\"font-size: 12pt; font-family: Arial, sans-serif\">CONTEMPLATIO<\/span><\/strong><\/span><\/p>\n<p style=\"margin: 6pt 0cm; text-indent: 0cm\" class=\"Style5\"><span style=\"font-family: Arial, sans-serif; letter-spacing: -0.2pt\">Para realizar una obra tan grande, Cristo est&aacute; siem&shy;<\/span><span style=\"font-family: Arial, sans-serif; letter-spacing: -0.35pt\">pre presente en su Iglesia, sobre todo en la acci&oacute;n lit&uacute;r&shy;gica. Est&aacute; presente en el sacrificio de la misa, sea en la <\/span><span style=\"font-family: Arial, sans-serif; letter-spacing: -0.15pt\">persona del ministro, &laquo;ofreci&eacute;ndose ahora por ministe&shy;<\/span><span style=\"font-family: Arial, sans-serif; letter-spacing: -0.1pt\">rio de los sacerdotes el mismo que entonces se ofreci&oacute; <\/span><span style=\"font-family: Arial, sans-serif; letter-spacing: -0.15pt\">en la cruz&raquo;, sea sobre todo bajo las especies eucar&iacute;sti&shy;<\/span><span style=\"font-family: Arial, sans-serif; letter-spacing: -0.45pt\">cas. Est&aacute; presente con su fuerza en los sacramentos, de <\/span><span style=\"font-family: Arial, sans-serif; letter-spacing: -0.4pt\">modo que, cuando alguien bautiza, es Cristo quien bau&shy;<\/span><span style=\"font-family: Arial, sans-serif; letter-spacing: -0.35pt\">tiza. Est&aacute; presente en su Palabra, pues, cuando se lee en <\/span><span style=\"font-family: Arial, sans-serif; letter-spacing: -0.25pt\">la Iglesia la Sagrada Escritura, es &eacute;l quien habla. Est&aacute; <\/span><span style=\"font-family: Arial, sans-serif; letter-spacing: -0.3pt\">presente, por &uacute;ltimo, cuando la Iglesia suplica y canta <\/span><span style=\"font-family: Arial, sans-serif; letter-spacing: -0.1pt\">salmos, pues &eacute;l mismo prometi&oacute;: &laquo;Donde est&aacute;n dos o tres congregados en mi nombre, all&iacute; estoy yo en medio de ellos&raquo; (Mt 18,20).<\/span><\/p>\n<p style=\"margin: 6pt 0cm; text-indent: 0cm\" class=\"Style5\"><span style=\"font-family: Arial, sans-serif; letter-spacing: -0.55pt\">Realmente, en esta obra tan grande por la que Dios es <\/span><span style=\"font-family: Arial, sans-serif; letter-spacing: -0.2pt\">perfectamente glorificado y los hombres santificados, <\/span><span style=\"font-family: Arial, sans-serif; letter-spacing: -0.1pt\">Cristo asocia siempre consigo a su amad&iacute;sima esposa, <\/span><span style=\"font-family: Arial, sans-serif; letter-spacing: -0.45pt\">la Iglesia, que invoca a su Se&ntilde;or y por &eacute;l tributa culto al <\/span><span style=\"font-family: Arial, sans-serif; letter-spacing: -0.2pt\">Padre Eterno.<\/span><\/p>\n<p style=\"margin: 6pt 0cm; text-indent: 0cm\" class=\"Style5\"><span style=\"font-family: Arial, sans-serif; letter-spacing: -0.35pt\">Con raz&oacute;n, entonces, se considera la liturgia como el <\/span><span style=\"font-family: Arial, sans-serif; letter-spacing: -0.45pt\">ejercicio del sacerdocio de Jesucristo. En ella, los signos <\/span><span style=\"font-family: Arial, sans-serif; letter-spacing: -0.35pt\">sensibles significan y &mdash;cada uno a su manera&mdash; realizan <\/span><span style=\"font-family: Arial, sans-serif; letter-spacing: -0.25pt\">la santificaci&oacute;n del hombre, y as&iacute; el cuerpo m&iacute;stico de <\/span><span style=\"font-family: Arial, sans-serif; letter-spacing: -0.4pt\">Jesucristo, es decir, la cabeza y sus miembros, ejerce el <\/span><span style=\"font-family: Arial, sans-serif; letter-spacing: 0.05pt\">culto p&uacute;blico &iacute;ntegro <em>(Sacrosanctum concilium 7).<\/em><\/span><\/p>\n<p style=\"margin: 6pt 0cm; text-align: justify\" class=\"Style6\"><span style=\"font-family: Arial, sans-serif; letter-spacing: -0.4pt\">&nbsp;<\/span><\/p>\n<p style=\"margin: 6pt 0cm; text-align: justify\" class=\"Style6\"><strong><span style=\"font-family: Arial, sans-serif; letter-spacing: -0.4pt\">Mons. Salvador Cisneros<\/span><\/strong><\/p>\n<p style=\"margin: 6pt 0cm; text-align: justify\" class=\"Style6\"><strong><span style=\"font-family: Arial, sans-serif; letter-spacing: -0.4pt\">Parroquia Santa Teresa de &Aacute;vila<\/span><\/strong><\/p>\n<p class=\"MsoNormal\"><span style=\"font-size: 12pt; line-height: 115%\">&nbsp;<\/span><\/p>\n","protected":false},"excerpt":{"rendered":"<p>Jueves Evangelio: Lucas 19,41-44 Cuando estuvo cerca y vio la ciudad, Jes&uacute;s se puso a llorar por ella,&nbsp; diciendo: &laquo;&iexcl;Si t&uacute; tambi&eacute;n hubieras comprendido en este d&iacute;a el mensaje de paz! Pero ahora est&aacute;&#46;&#46;&#46;<\/p>\n","protected":false},"author":5,"featured_media":0,"comment_status":"closed","ping_status":"open","sticky":false,"template":"","format":"standard","meta":{"_exactmetrics_skip_tracking":false,"_exactmetrics_sitenote_active":false,"_exactmetrics_sitenote_note":"","_exactmetrics_sitenote_category":0,"footnotes":""},"categories":[20],"tags":[],"class_list":["post-3568","post","type-post","status-publish","format-standard","hentry","category-evangelio-del-dia"],"_links":{"self":[{"href":"https:\/\/iglesiatijuana.org\/web\/wp-json\/wp\/v2\/posts\/3568","targetHints":{"allow":["GET"]}}],"collection":[{"href":"https:\/\/iglesiatijuana.org\/web\/wp-json\/wp\/v2\/posts"}],"about":[{"href":"https:\/\/iglesiatijuana.org\/web\/wp-json\/wp\/v2\/types\/post"}],"author":[{"embeddable":true,"href":"https:\/\/iglesiatijuana.org\/web\/wp-json\/wp\/v2\/users\/5"}],"replies":[{"embeddable":true,"href":"https:\/\/iglesiatijuana.org\/web\/wp-json\/wp\/v2\/comments?post=3568"}],"version-history":[{"count":0,"href":"https:\/\/iglesiatijuana.org\/web\/wp-json\/wp\/v2\/posts\/3568\/revisions"}],"wp:attachment":[{"href":"https:\/\/iglesiatijuana.org\/web\/wp-json\/wp\/v2\/media?parent=3568"}],"wp:term":[{"taxonomy":"category","embeddable":true,"href":"https:\/\/iglesiatijuana.org\/web\/wp-json\/wp\/v2\/categories?post=3568"},{"taxonomy":"post_tag","embeddable":true,"href":"https:\/\/iglesiatijuana.org\/web\/wp-json\/wp\/v2\/tags?post=3568"}],"curies":[{"name":"wp","href":"https:\/\/api.w.org\/{rel}","templated":true}]}}