{"id":383,"date":"2010-03-12T12:38:36","date_gmt":"2010-03-12T20:38:36","guid":{"rendered":"http:\/\/iglesiatijuana.org\/web\/evangelio-60\/"},"modified":"2010-03-12T12:38:36","modified_gmt":"2010-03-12T20:38:36","slug":"evangelio-60","status":"publish","type":"post","link":"https:\/\/iglesiatijuana.org\/web\/evangelio-60\/","title":{"rendered":"Amar\u00e1s al Se\u00f1or tu Dios con todo tu coraz\u00f3n&#8230;"},"content":{"rendered":"<p><span style=\"font-family: Arial\"><font size=\"3\"><font color=\"#000000\">Viernes 12 de marzo<\/font><\/font><\/span> <\/p>\n<p style=\"margin: 0cm 0cm 0pt; text-align: justify\" class=\"MsoNormal\"><span style=\"font-family: Arial\"><font size=\"3\"><font color=\"#000000\">Lectura <\/font><\/font><\/span><\/p>\n<p><span style=\"font-family: Arial\"><font size=\"3\"><\/font><\/span>&nbsp;<span style=\"font-family: Arial\"><font size=\"3\"><font color=\"#000000\">Evangelio seg&uacute;n san Marcos 12, 28-34:<\/font><\/font><\/span><\/p>\n<p><span style=\"font-family: Arial\"><font size=\"3\"><font color=\"#000000\">Un maestro de la ley que hab&iacute;a o&iacute;do la discusi&oacute;n, viendo que les hab&iacute;a contestado bien, se le acerc&oacute;&nbsp;y le pregunt&oacute;:&nbsp;&laquo;&iquest;Cu&aacute;l es el primero de todos los mandamientos?&raquo;. <\/font><\/font><\/span><span style=\"font-family: Arial\"><font size=\"3\"><font color=\"#000000\">Jes&uacute;s respondi&oacute;:&nbsp; &laquo;El primero es: Escucha, Israel: el Se&ntilde;or, Dios nuestro, es el &uacute;nico Se&ntilde;or; y amar&aacute;s al Se&ntilde;or tu Dios con todo tu coraz&oacute;n, con toda tu alma, con toda tu mente y con todas tus fuerzas. El segundo es &eacute;ste: Amar&aacute;s a tu pr&oacute;jimo como a ti mismo. No hay mandamiento mayor que &eacute;stos&raquo;.&nbsp;<\/font><\/font><\/span><span style=\"font-family: Arial\"><font size=\"3\"><font color=\"#000000\">El escriba le dijo: &laquo;Muy bien, maestro; con raz&oacute;n has dicho que &eacute;l es uno solo y que no hay otro fuera de &eacute;l, y amarlo con todo el coraz&oacute;n, con toda la inteligencia y con todas las fuerzas, y amar al pr&oacute;jimo como a s&iacute;&nbsp;mismo vale mucho m&aacute;s que todos los holocaustos y sacrificios&raquo;.&nbsp; Jes&uacute;s, al ver que hab&iacute;a respondido tan sabiamente, le dijo: &laquo;No est&aacute;s lejos del reino de Dios&raquo;. Y ya nadie se atrevi&oacute; a preguntarle m&aacute;s.<\/font><\/font><\/span><span style=\"font-family: Arial\"><font size=\"3\" color=\"#000000\">&nbsp;<\/font><\/span><\/p>\n<p>&nbsp;<\/p>\n<p><span style=\"font-family: Arial\"><font size=\"3\"><font color=\"#000000\">ORATIO<\/font><\/font><\/span><\/p>\n<p><span style=\"font-family: Arial\"><font size=\"3\"><font color=\"#000000\">Oh Padre, t&uacute;&nbsp;eres puro don y de ti viene todo bien: acoge nuestro humilde y fr&aacute;gil deseo de entrar en la regi&oacute;n bienaventurada de tu amor. No somos capaces de nada, pero t&uacute;&nbsp;mismo has querido derramar en nuestros corazones tu Santo Esp&iacute;ritu, fuente de amor. Haz que acojamos con generosidad un don tan grande. Abre de par en par la capacidad de nuestro coraz&oacute;n para que dejemos que t&uacute; mismo, hecho amor en nosotros, llegues a todo hermano que encontremos en el camino. Sabes qu&eacute; necesidad tenemos todos de experimentar un amor santo que, superando cualquier formalismo convencional, todo c&aacute;lculo, se manifieste en gestos verdaderamente evang&eacute;licos, creativos, capaces de novedad y belleza. Pero &iquest;qui&eacute;n sino t&uacute; mismo ha puesto en nosotros esta aspiraci&oacute;n tan noble? Danos lo que nos mandas, lleva a plenitud lo que has comenzado en nosotros.<\/font><\/font><\/span><span style=\"font-family: Arial\"><font size=\"3\" color=\"#000000\">&nbsp;<\/font><\/span><\/p>\n<p>&nbsp;<\/p>\n<p><font size=\"3\"><strong><span style=\"color: #444444; font-family: Arial\">Monse&ntilde;or Salvador Cisneros<\/span><\/strong><\/font><\/p>\n<p><font size=\"3\"><strong><\/strong><\/font><font size=\"3\"><strong><span style=\"color: #444444; font-family: Arial\">Parroquia Santa Teresa de &Aacute;vila<\/span><\/strong><\/font><span style=\"font-family: Arial\"><font size=\"3\" color=\"#000000\">&nbsp;<\/font><\/span><span style=\"font-family: Arial\"><font size=\"3\" color=\"#000000\">&nbsp;<\/font><\/span><\/p>\n","protected":false},"excerpt":{"rendered":"<p>Viernes 12 de marzo Lectura &nbsp;Evangelio seg&uacute;n san Marcos 12, 28-34: Un maestro de la ley que hab&iacute;a o&iacute;do la discusi&oacute;n, viendo que les hab&iacute;a contestado bien, se le acerc&oacute;&nbsp;y le pregunt&oacute;:&nbsp;&laquo;&iquest;Cu&aacute;l es el&#46;&#46;&#46;<\/p>\n","protected":false},"author":5,"featured_media":0,"comment_status":"closed","ping_status":"open","sticky":false,"template":"","format":"standard","meta":{"_exactmetrics_skip_tracking":false,"_exactmetrics_sitenote_active":false,"_exactmetrics_sitenote_note":"","_exactmetrics_sitenote_category":0,"footnotes":""},"categories":[20],"tags":[],"class_list":["post-383","post","type-post","status-publish","format-standard","hentry","category-evangelio-del-dia"],"_links":{"self":[{"href":"https:\/\/iglesiatijuana.org\/web\/wp-json\/wp\/v2\/posts\/383","targetHints":{"allow":["GET"]}}],"collection":[{"href":"https:\/\/iglesiatijuana.org\/web\/wp-json\/wp\/v2\/posts"}],"about":[{"href":"https:\/\/iglesiatijuana.org\/web\/wp-json\/wp\/v2\/types\/post"}],"author":[{"embeddable":true,"href":"https:\/\/iglesiatijuana.org\/web\/wp-json\/wp\/v2\/users\/5"}],"replies":[{"embeddable":true,"href":"https:\/\/iglesiatijuana.org\/web\/wp-json\/wp\/v2\/comments?post=383"}],"version-history":[{"count":0,"href":"https:\/\/iglesiatijuana.org\/web\/wp-json\/wp\/v2\/posts\/383\/revisions"}],"wp:attachment":[{"href":"https:\/\/iglesiatijuana.org\/web\/wp-json\/wp\/v2\/media?parent=383"}],"wp:term":[{"taxonomy":"category","embeddable":true,"href":"https:\/\/iglesiatijuana.org\/web\/wp-json\/wp\/v2\/categories?post=383"},{"taxonomy":"post_tag","embeddable":true,"href":"https:\/\/iglesiatijuana.org\/web\/wp-json\/wp\/v2\/tags?post=383"}],"curies":[{"name":"wp","href":"https:\/\/api.w.org\/{rel}","templated":true}]}}