{"id":4108,"date":"2015-12-09T12:53:10","date_gmt":"2015-12-09T20:53:10","guid":{"rendered":"http:\/\/iglesiatijuana.org\/web\/vengan-13\/"},"modified":"2015-12-09T12:53:10","modified_gmt":"2015-12-09T20:53:10","slug":"vengan-13","status":"publish","type":"post","link":"https:\/\/iglesiatijuana.org\/web\/vengan-13\/","title":{"rendered":"Vengan a m\u00ed todos los que est\u00e1n fatigados y agobiados, y yo los aliviar\u00e9"},"content":{"rendered":"<p style=\"margin-bottom: 0.0001pt; line-height: normal; background-image: initial; background-attachment: initial; background-size: initial; background-origin: initial; background-clip: initial; background-position: initial; background-repeat: initial\" class=\"MsoNormal\"><strong><span style=\"font-size: 12pt; font-family: Arial, sans-serif; color: #222222\">Evangelio: Mateo 11,28&middot;30<\/span><\/strong><span style=\"font-size: 12pt; font-family: &#39;Times New Roman&#39;, serif; color: #222222\"><\/span><\/p>\n<p style=\"margin-bottom: 0.0001pt; line-height: normal; background-image: initial; background-attachment: initial; background-size: initial; background-origin: initial; background-clip: initial; background-position: initial; background-repeat: initial\" class=\"MsoNormal\"><span style=\"font-size: 12pt; font-family: Arial, sans-serif; color: #222222\">&nbsp;<\/span><span style=\"font-size: 12pt; font-family: &#39;Times New Roman&#39;, serif; color: #222222\"><\/span><\/p>\n<p style=\"margin-bottom: 0.0001pt; text-align: justify; line-height: normal; background-image: initial; background-attachment: initial; background-size: initial; background-origin: initial; background-clip: initial; background-position: initial; background-repeat: initial\" class=\"MsoNormal\"><span style=\"font-size: 12pt; font-family: Arial, sans-serif; color: #222222\">En aquel tiempo, exclam&oacute; Jes&uacute;s: Vengan a m&iacute; todos los que est&aacute;n fatigados y agobiados, y yo los aliviar&eacute;. Carguen mi yugo y aprendan de m&iacute;, que soy sencillo y humilde de coraz&oacute;n, y hallar&aacute;n descanso para sus vidas. Porque mi yugo es suave y mi carga ligera.<\/span><span style=\"font-size: 12pt; font-family: &#39;Times New Roman&#39;, serif; color: #222222\"><\/span><\/p>\n<p style=\"margin-bottom: 0.0001pt; text-align: justify; line-height: normal; background-image: initial; background-attachment: initial; background-size: initial; background-origin: initial; background-clip: initial; background-position: initial; background-repeat: initial\" class=\"MsoNormal\"><strong><span style=\"font-size: 12pt; font-family: Arial, sans-serif; color: #222222\">&nbsp;<\/span><\/strong><span style=\"font-size: 12pt; font-family: &#39;Times New Roman&#39;, serif; color: #222222\"><\/span><\/p>\n<p style=\"margin-bottom: 0.0001pt; text-align: justify; line-height: normal; background-image: initial; background-attachment: initial; background-size: initial; background-origin: initial; background-clip: initial; background-position: initial; background-repeat: initial\" class=\"MsoNormal\"><strong><span style=\"font-size: 12pt; font-family: Arial, sans-serif; color: #222222\">ORATIO<\/span><\/strong><span style=\"font-size: 12pt; font-family: &#39;Times New Roman&#39;, serif; color: #222222\"><\/span><\/p>\n<p style=\"margin-bottom: 0.0001pt; text-align: justify; line-height: normal; background-image: initial; background-attachment: initial; background-size: initial; background-origin: initial; background-clip: initial; background-position: initial; background-repeat: initial\" class=\"MsoNormal\"><span style=\"font-size: 12pt; font-family: &#39;Times New Roman&#39;, serif; color: #222222\">&nbsp;<\/span><\/p>\n<p style=\"margin-bottom: 0.0001pt; text-align: justify; line-height: normal; background-image: initial; background-attachment: initial; background-size: initial; background-origin: initial; background-clip: initial; background-position: initial; background-repeat: initial\" class=\"MsoNormal\"><span style=\"font-size: 12pt; font-family: Arial, sans-serif; color: #222222\">Se&ntilde;or Jes&uacute;s, t&uacute; nos invitar a ir a ti. Qu&eacute; hermoso es descubrir que nos quieres cercanos, alumnos de tu escuela, que deseas hacemos part&iacute;cipes del misterio de tu Padre, reconoci&eacute;ndonos amados y hermanos tuyos.&nbsp;<em>&iexcl;Ir a ti!&nbsp;<\/em>Ir a tu escuela exigente y fascinante. Ir a ti para aprender de ti que eres manso y humilde de coraz&oacute;n.&nbsp;<em>&iexcl;Ir a ti!&nbsp;<\/em>No con nuestros m&eacute;ritos sino con nuestros cansancios y opresiones. Ir a ti sin fingimientos, sin ocultar nuestras miserias y debilidades. Ir a ti para poder abrirte nuestro coraz&oacute;n y contarte nuestras fatigas y nuestras culpas.<\/span><span style=\"font-size: 12pt; font-family: &#39;Times New Roman&#39;, serif; color: #222222\"><\/span><\/p>\n<p style=\"margin-bottom: 0.0001pt; text-align: justify; line-height: normal; background-image: initial; background-attachment: initial; background-size: initial; background-origin: initial; background-clip: initial; background-position: initial; background-repeat: initial\" class=\"MsoNormal\"><em><span style=\"font-size: 12pt; font-family: Arial, sans-serif; color: #222222\">&iexcl;Ir a ti!&nbsp;<\/span><\/em><span style=\"font-size: 12pt; font-family: Arial, sans-serif; color: #222222\">Y en ti recobrar las fuerzas y encontrar la paz tan ansiada. Tu querer no nos aplasta porque tu yugo es suave y tu carga ligera. Realmente es espl&eacute;ndida tu promesa, por la que te alabamos y bendecimos.<\/span><\/p>\n<p style=\"margin-bottom: 0.0001pt; line-height: normal; background-image: initial; background-attachment: initial; background-size: initial; background-origin: initial; background-clip: initial; background-position: initial; background-repeat: initial\" class=\"MsoNormal\"><span style=\"font-size: 12pt; font-family: Arial, sans-serif; color: #222222\">&nbsp;<\/span><\/p>\n<p style=\"margin-bottom: 0.0001pt; line-height: normal; background-image: initial; background-attachment: initial; background-size: initial; background-origin: initial; background-clip: initial; background-position: initial; background-repeat: initial\" class=\"MsoNormal\"><strong><span style=\"font-size: 12pt; font-family: Arial, sans-serif; color: #222222\">Mons. Salvador Cisneros<\/span><\/strong><\/p>\n<p style=\"margin-bottom: 0.0001pt; line-height: normal; background-image: initial; background-attachment: initial; background-size: initial; background-origin: initial; background-clip: initial; background-position: initial; background-repeat: initial\" class=\"MsoNormal\"><strong><span style=\"font-size: 12pt; font-family: Arial, sans-serif; color: #222222\">Parroquia Santa Teresa de &Aacute;vila<\/span><\/strong><\/p>\n<p style=\"margin-bottom: 0.0001pt; line-height: normal; background-image: initial; background-attachment: initial; background-size: initial; background-origin: initial; background-clip: initial; background-position: initial; background-repeat: initial\" class=\"MsoNormal\"><span style=\"font-size: 12pt; font-family: Arial, sans-serif; color: #222222\">Visita nuestra p&aacute;gina&nbsp;<a href=\"http:\/\/www.parroquiasantateresadeavila.com.mx\/\" target=\"_blank\"><span style=\"color: #1155cc\">http:\/\/www.parroquiasantateresadeavila.com.mx<\/span><\/a><\/span><\/p>\n<p style=\"margin-bottom: 0.0001pt; line-height: normal; background-image: initial; background-attachment: initial; background-size: initial; background-origin: initial; background-clip: initial; background-position: initial; background-repeat: initial\" class=\"MsoNormal\"><span style=\"font-size: 12pt; font-family: &#39;Times New Roman&#39;, serif; color: #222222\">&nbsp;<\/span><\/p>\n<p class=\"MsoNormal\"><span style=\"font-size: 12pt; line-height: 107%\">&nbsp;<\/span><\/p>\n","protected":false},"excerpt":{"rendered":"<p>Evangelio: Mateo 11,28&middot;30 &nbsp; En aquel tiempo, exclam&oacute; Jes&uacute;s: Vengan a m&iacute; todos los que est&aacute;n fatigados y agobiados, y yo los aliviar&eacute;. Carguen mi yugo y aprendan de m&iacute;, que soy sencillo y&#46;&#46;&#46;<\/p>\n","protected":false},"author":5,"featured_media":0,"comment_status":"closed","ping_status":"open","sticky":false,"template":"","format":"standard","meta":{"_exactmetrics_skip_tracking":false,"_exactmetrics_sitenote_active":false,"_exactmetrics_sitenote_note":"","_exactmetrics_sitenote_category":0,"footnotes":""},"categories":[20],"tags":[],"class_list":["post-4108","post","type-post","status-publish","format-standard","hentry","category-evangelio-del-dia"],"_links":{"self":[{"href":"https:\/\/iglesiatijuana.org\/web\/wp-json\/wp\/v2\/posts\/4108","targetHints":{"allow":["GET"]}}],"collection":[{"href":"https:\/\/iglesiatijuana.org\/web\/wp-json\/wp\/v2\/posts"}],"about":[{"href":"https:\/\/iglesiatijuana.org\/web\/wp-json\/wp\/v2\/types\/post"}],"author":[{"embeddable":true,"href":"https:\/\/iglesiatijuana.org\/web\/wp-json\/wp\/v2\/users\/5"}],"replies":[{"embeddable":true,"href":"https:\/\/iglesiatijuana.org\/web\/wp-json\/wp\/v2\/comments?post=4108"}],"version-history":[{"count":0,"href":"https:\/\/iglesiatijuana.org\/web\/wp-json\/wp\/v2\/posts\/4108\/revisions"}],"wp:attachment":[{"href":"https:\/\/iglesiatijuana.org\/web\/wp-json\/wp\/v2\/media?parent=4108"}],"wp:term":[{"taxonomy":"category","embeddable":true,"href":"https:\/\/iglesiatijuana.org\/web\/wp-json\/wp\/v2\/categories?post=4108"},{"taxonomy":"post_tag","embeddable":true,"href":"https:\/\/iglesiatijuana.org\/web\/wp-json\/wp\/v2\/tags?post=4108"}],"curies":[{"name":"wp","href":"https:\/\/api.w.org\/{rel}","templated":true}]}}