{"id":4370,"date":"2016-05-27T12:55:59","date_gmt":"2016-05-27T19:55:59","guid":{"rendered":"http:\/\/iglesiatijuana.org\/web\/fe-48\/"},"modified":"2016-05-27T12:55:59","modified_gmt":"2016-05-27T19:55:59","slug":"fe-48","status":"publish","type":"post","link":"https:\/\/iglesiatijuana.org\/web\/fe-48\/","title":{"rendered":"Todo lo que pid\u00e1is en vuestra oraci\u00f3n, lo obtendr\u00e9is si ten\u00e9is fe en que vais a recibirle"},"content":{"rendered":"<p style=\"margin-bottom: 16.2pt; text-align: justify; line-height: 16pt; background-image: initial; background-attachment: initial; background-size: initial; background-origin: initial; background-clip: initial; background-position: initial; background-repeat: initial\" class=\"MsoNormal\"><strong><span style=\"font-size: 12pt; font-family: Arial, sans-serif; color: black; letter-spacing: -0.25pt\">LECTIO<\/span><\/strong><span style=\"font-size: 12pt; font-family: Arial, sans-serif; color: #444444\"><\/span><\/p>\n<p style=\"margin-bottom: 16.2pt; text-align: justify; line-height: 16pt; background-image: initial; background-attachment: initial; background-size: initial; background-origin: initial; background-clip: initial; background-position: initial; background-repeat: initial\" class=\"MsoNormal\"><strong><span style=\"font-size: 12pt; font-family: Arial, sans-serif; color: black\">Evangelio: Mareos 11,11-26<\/span><\/strong><span style=\"font-size: 12pt; font-family: Arial, sans-serif; color: #444444\"><\/span><\/p>\n<p style=\"margin-bottom: 16.2pt; text-align: justify; line-height: 16pt; background-image: initial; background-attachment: initial; background-size: initial; background-origin: initial; background-clip: initial; background-position: initial; background-repeat: initial\" class=\"MsoNormal\"><span style=\"font-size: 12pt; font-family: Arial, sans-serif; color: black; letter-spacing: -0.5pt\">Despu&eacute;s de que la muchedumbre lo hubo aclamado, entr&oacute;&nbsp;<\/span><span style=\"font-size: 12pt; font-family: Arial, sans-serif; color: black; letter-spacing: -0.25pt\">Jes&uacute;s en Jerusal&eacute;n, fue al templo y observ&oacute; todo a su alrede<\/span><span style=\"font-size: 12pt; font-family: Arial, sans-serif; color: black; letter-spacing: -0.2pt\">dor, pero, como ya era tarde, se fue a Betania con los Doce.&nbsp;<\/span><span style=\"font-size: 12pt; font-family: Arial, sans-serif; color: black; letter-spacing: -0.5pt\">&nbsp;Al d&iacute;a siguiente, cuando salieron de Betania, Jes&uacute;s sinti&oacute;&nbsp;<\/span><span style=\"font-size: 12pt; font-family: Arial, sans-serif; color: black; letter-spacing: -0.2pt\">hambre. Al ver de lejos una higuera con hojas, se acerc&oacute; a&nbsp;<\/span><span style=\"font-size: 12pt; font-family: Arial, sans-serif; color: black\">ver si encontraba algo en ella. Pero no encontr&oacute; m&aacute;s que&nbsp;<span style=\"letter-spacing: -0.3pt\">hojas, pues no era tiempo de higos. Entonces le dijo:&nbsp;<\/span><span style=\"letter-spacing: -0.45pt\">Que nunca jam&aacute;s coma nadie fruto de ti.&nbsp;<\/span><span style=\"letter-spacing: -0.2pt\">Sus disc&iacute;pulos lo oyeron.&nbsp;<\/span><span style=\"letter-spacing: -0.45pt\">Cuando llegaron a Jerusal&eacute;n, Jes&uacute;s entr&oacute; en el templo y&nbsp;<\/span><span style=\"letter-spacing: -0.4pt\">comenz&oacute; a echar a los que vend&iacute;an y compraban en el templo.&nbsp;<\/span><span style=\"letter-spacing: -0.15pt\">Volc&oacute; las mesas de los cambistas y los puestos de los que <\/span><span style=\"letter-spacing: -0.35pt\">vend&iacute;an las palomas, y no consent&iacute;a que nadie pasase por el templo llevando cosas. Luego se puso a ense&ntilde;ar dici&eacute;ndoles:&nbsp;<\/span>&iquest;No est&aacute; escrito:&nbsp;<em>Mi casa ser&aacute; casa de oraci&oacute;n para todos&nbsp;<span style=\"letter-spacing: -0.05pt\">los pueblos?&nbsp;<\/span><\/em><span style=\"letter-spacing: -0.05pt\">Vosotros, sin embargo, la hab&eacute;is convertido en&nbsp;<\/span><em><span style=\"letter-spacing: 0.2pt\">una cueva de ladrones.&nbsp;<\/span><\/em><span style=\"letter-spacing: -0.2pt\">Los jefes de los sacerdotes y los maestros de la Ley se&nbsp;<\/span><span style=\"letter-spacing: -0.1pt\">enteraron y buscaban el modo de acabar con Jes&uacute;s, porque l<\/span>e tem&iacute;an, ya que toda la gente estaba asombrada de su ense&ntilde;anza.<span style=\"letter-spacing: -0.15pt\">&nbsp;Cuando se hizo de noche, salieron de la ciudad.&nbsp;<\/span><span style=\"letter-spacing: -0.2pt\">Cuando a la ma&ntilde;ana siguiente pasaron por all&iacute;, vieron&nbsp;<\/span>que la higuera se hab&iacute;a secado de ra&iacute;z. Pedro se acord&oacute; y&nbsp;<span style=\"letter-spacing: -0.3pt\">dijo a Jes&uacute;s:&nbsp;<\/span><span style=\"letter-spacing: -0.2pt\">Maestro, mira, la higuera que maldijiste se ha secado. Jes&uacute;s les dijo:&nbsp;<\/span><span style=\"letter-spacing: 0.05pt\">Tened fe en Dios. Os aseguro que si uno le dice a&nbsp;<\/span><span style=\"letter-spacing: -0.25pt\">este monte: &laquo;Qu&iacute;tate de ah&iacute; y arr&oacute;jate al mar&raquo;, si lo hace sin&nbsp;<\/span><span style=\"letter-spacing: -0.05pt\">titubeos en su interior y creyendo que va a suceder lo que&nbsp;<\/span><span style=\"letter-spacing: -0.25pt\">dice, lo obtendr&aacute;. Por eso os digo: Todo lo que pid&aacute;is en&nbsp;<\/span><span style=\"letter-spacing: -0.2pt\">vuestra oraci&oacute;n, lo obtendr&eacute;is si ten&eacute;is fe en que vais a recib<\/span><span style=\"letter-spacing: -0.1pt\">irle. Y cuando or&eacute;is, perdonad si ten&eacute;is algo contra al&shy;<\/span><span style=\"letter-spacing: -0.25pt\">guien, para que tambi&eacute;n vuestro Padre celestial os perdone&nbsp;<\/span><span style=\"letter-spacing: -0.2pt\">vuestras culpas.<\/span><\/span><span style=\"font-size: 12pt; font-family: Arial, sans-serif; color: #444444\"><\/span><\/p>\n<p style=\"margin-bottom: 16.2pt; text-align: justify; line-height: 16pt; background-image: initial; background-attachment: initial; background-size: initial; background-origin: initial; background-clip: initial; background-position: initial; background-repeat: initial\" class=\"MsoNormal\"><span style=\"font-size: 12pt; font-family: Arial, sans-serif; color: #444444\">&nbsp;<\/span><\/p>\n<p style=\"margin-bottom: 16.2pt; text-align: justify; line-height: 16pt; background-image: initial; background-attachment: initial; background-size: initial; background-origin: initial; background-clip: initial; background-position: initial; background-repeat: initial\" class=\"MsoNormal\"><strong><span style=\"font-size: 12pt; font-family: Arial, sans-serif; color: black\">ORATIO<\/span><\/strong><span style=\"font-size: 12pt; font-family: Arial, sans-serif; color: #444444\"><\/span><\/p>\n<p style=\"margin-bottom: 16.2pt; text-align: justify; line-height: 16pt; background-image: initial; background-attachment: initial; background-size: initial; background-origin: initial; background-clip: initial; background-position: initial; background-repeat: initial\" class=\"MsoNormal\"><span style=\"font-size: 12pt; font-family: Arial, sans-serif; color: black; letter-spacing: -0.4pt\">Me parece, Se&ntilde;or, que no tengo alternativa. Si dejo de&nbsp;<\/span><span style=\"font-size: 12pt; font-family: Arial, sans-serif; color: black; letter-spacing: -0.25pt\">ser templo de oraci&oacute;n, me convierto en cueva de ladro<\/span><span style=\"font-size: 12pt; font-family: Arial, sans-serif; color: black; letter-spacing: -0.2pt\">nes. Si no administro contigo los talentos que me has&nbsp;<\/span><span style=\"font-size: 12pt; font-family: Arial, sans-serif; color: black; letter-spacing: -0.25pt\">dado para ser hospitalario, dispensador de tu multifor<\/span><span style=\"font-size: 12pt; font-family: Arial, sans-serif; color: black; letter-spacing: -0.4pt\">me gracia, me encuentro malvendi&eacute;ndolos, aunque sea&nbsp;<\/span><span style=\"font-size: 12pt; font-family: Arial, sans-serif; color: black; letter-spacing: -0.3pt\">para satisfacer la necesidad cultual de tus fieles. Si no&nbsp;<\/span><span style=\"font-size: 12pt; font-family: Arial, sans-serif; color: black; letter-spacing: -0.1pt\">trabajo para que en todo sea glorificado el Padre por&nbsp;<\/span><span style=\"font-size: 12pt; font-family: Arial, sans-serif; color: black; letter-spacing: -0.05pt\">medio de ti, busco mi gloria, mi honor, mi poder. Si&nbsp;<\/span><span style=\"font-size: 12pt; font-family: Arial, sans-serif; color: black; letter-spacing: -0.35pt\">vivimos en ti no podemos escoger entre t&uacute; y la humani<\/span><span style=\"font-size: 12pt; font-family: Arial, sans-serif; color: black; letter-spacing: -0.2pt\">dad; debemos permanecer con los dos.<\/span><span style=\"font-size: 12pt; font-family: Arial, sans-serif; color: #444444\"><\/span><\/p>\n<p style=\"margin-bottom: 16.2pt; text-align: justify; line-height: 16pt; background-image: initial; background-attachment: initial; background-size: initial; background-origin: initial; background-clip: initial; background-position: initial; background-repeat: initial\" class=\"MsoNormal\"><span style=\"font-size: 12pt; font-family: Arial, sans-serif; color: black\">Para trabajar por mi bien, debo ocuparme contigo&nbsp;<span style=\"letter-spacing: -0.4pt\">de las cosas del Padre, caminar por tus caminos. Es &eacute;ste&nbsp;<\/span><span style=\"letter-spacing: -0.3pt\">un aspecto de la luminosa verdad que el Esp&iacute;ritu hace&nbsp;<\/span><span style=\"letter-spacing: -0.4pt\">resplandecer cada vez con mayor claridad en tu Iglesia:&nbsp;<\/span><span style=\"letter-spacing: -0.15pt\">revelar al Padre es revelar la humanidad a s&iacute; misma;&nbsp;<\/span><span style=\"letter-spacing: -0.2pt\">cooperar en favor del Reino es trabajar de verdad por&nbsp;<\/span><span style=\"letter-spacing: -0.05pt\">nosotros mismos. T&uacute; y nosotros formamos una sola <\/span><span style=\"letter-spacing: -0.3pt\">persona m&iacute;stica.<\/span><\/span><span style=\"font-size: 12pt; font-family: Arial, sans-serif; color: #444444\"><\/span><\/p>\n<p style=\"margin-bottom: 16.2pt; text-align: justify; line-height: 16pt; background-image: initial; background-attachment: initial; background-size: initial; background-origin: initial; background-clip: initial; background-position: initial; background-repeat: initial\" class=\"MsoNormal\"><span style=\"font-size: 12pt; font-family: Arial, sans-serif; color: black; letter-spacing: -0.15pt\">Conc&eacute;denos aprender a hablarnos a nosotros mismos y a los dem&aacute;s con las palabras de Dios para llevar&nbsp;<\/span><span style=\"font-size: 12pt; font-family: Arial, sans-serif; color: black; letter-spacing: 0.15pt\">a cabo el ministerio que nos conf&iacute;as con la energ&iacute;a&nbsp;<\/span><span style=\"font-size: 12pt; font-family: Arial, sans-serif; color: black; letter-spacing: -0.15pt\">que procede de ti, para que sea glorificado en todo el&nbsp;<\/span><span style=\"font-size: 12pt; font-family: Arial, sans-serif; color: black; letter-spacing: -0.25pt\">Padre por medio de tu humanidad, que es tambi&eacute;n la&nbsp;<\/span><span style=\"font-size: 12pt; font-family: Arial, sans-serif; color: black\">nuestra.<\/span><span style=\"font-size: 12pt; font-family: Arial, sans-serif; color: #444444\"><\/span><\/p>\n<p style=\"margin-bottom: 16.2pt; text-align: justify; line-height: 16pt; background-image: initial; background-attachment: initial; background-size: initial; background-origin: initial; background-clip: initial; background-position: initial; background-repeat: initial\" class=\"MsoNormal\"><span style=\"font-size: 12pt; font-family: Arial, sans-serif; color: #444444\">&nbsp;<\/span><\/p>\n<p style=\"margin-bottom: 16.2pt; text-align: justify; line-height: 16pt; background-image: initial; background-attachment: initial; background-size: initial; background-origin: initial; background-clip: initial; background-position: initial; background-repeat: initial\" class=\"MsoNormal\"><strong><span style=\"font-size: 12pt; font-family: Arial, sans-serif; color: black\">CONTEMPLATIO<\/span><\/strong><span style=\"font-size: 12pt; font-family: Arial, sans-serif; color: #444444\"><\/span><\/p>\n<p style=\"margin-bottom: 16.2pt; text-align: justify; line-height: 16pt; background-image: initial; background-attachment: initial; background-size: initial; background-origin: initial; background-clip: initial; background-position: initial; background-repeat: initial\" class=\"MsoNormal\"><span style=\"font-size: 12pt; font-family: Arial, sans-serif; color: black; letter-spacing: -0.3pt\">Los cristianos no se distinguen de los dem&aacute;s hombres&nbsp;<\/span><span style=\"font-size: 12pt; font-family: Arial, sans-serif; color: black; letter-spacing: -0.1pt\">ni por el lugar en que viven, ni por su lenguaje, ni por&nbsp;<\/span><span style=\"font-size: 12pt; font-family: Arial, sans-serif; color: black; letter-spacing: -0.2pt\">su modo de vida. Ellos, en efecto, no tienen ciudades propias, ni utilizan un hablar ins&oacute;lito, ni llevan un g&eacute;<\/span><span style=\"font-size: 12pt; font-family: Arial, sans-serif; color: black; letter-spacing: -0.25pt\">nero de vida distinto. Su sistema doctrinal no ha sido&nbsp;<\/span><span style=\"font-size: 12pt; font-family: Arial, sans-serif; color: black; letter-spacing: -0.45pt\">inventado gracias al talento y la especulaci&oacute;n de hombres&nbsp;<\/span><span style=\"font-size: 12pt; font-family: Arial, sans-serif; color: black; letter-spacing: -0.15pt\">estudiosos, ni profesan, como otros, una ense&ntilde;anza&nbsp;<\/span><span style=\"font-size: 12pt; font-family: Arial, sans-serif; color: black; letter-spacing: -0.3pt\">basada en autoridad de hombres.<\/span><span style=\"font-size: 12pt; font-family: Arial, sans-serif; color: #444444\"><\/span><\/p>\n<p style=\"margin-bottom: 16.2pt; text-align: justify; line-height: 16pt; background-image: initial; background-attachment: initial; background-size: initial; background-origin: initial; background-clip: initial; background-position: initial; background-repeat: initial\" class=\"MsoNormal\"><span style=\"font-size: 12pt; font-family: Arial, sans-serif; color: black; letter-spacing: -0.35pt\">Viven en ciudades griegas y b&aacute;rbaras seg&uacute;n les cupo&nbsp;<\/span><span style=\"font-size: 12pt; font-family: Arial, sans-serif; color: black; letter-spacing: -0.3pt\">en suerte; siguen las costumbres de los habitantes del&nbsp;<\/span><span style=\"font-size: 12pt; font-family: Arial, sans-serif; color: black; letter-spacing: -0.1pt\">pa&iacute;s tanto en el vestir como en todo su estilo de vida;&nbsp;<\/span><span style=\"font-size: 12pt; font-family: Arial, sans-serif; color: black; letter-spacing: -0.3pt\">sin embargo, dan muestras de un tenor de vida admi<\/span><span style=\"font-size: 12pt; font-family: Arial, sans-serif; color: black; letter-spacing: -0.25pt\">rable y, a juicio de todos, incre&iacute;ble. Habitan en su propia patria, pero como forasteros; toman parte en todo&nbsp;<\/span><span style=\"font-size: 12pt; font-family: Arial, sans-serif; color: black; letter-spacing: -0.35pt\">como ciudadanos, pero lo soportan todo como extran<\/span><span style=\"font-size: 12pt; font-family: Arial, sans-serif; color: black\">jeros; toda tierra extra&ntilde;a es patria para ellos, pero&nbsp;<span style=\"letter-spacing: -0.35pt\">est&aacute;n en toda patria como en tierra extra&ntilde;a. Igual que&nbsp;<\/span><span style=\"letter-spacing: -0.3pt\">todos, se casan y engendran hijos, pero no se deshacen&nbsp;<\/span><span style=\"letter-spacing: -0.2pt\">de los hijos que conciben. Tienen la mesa en com&uacute;n,&nbsp;<\/span>pero no el lecho.<\/span><span style=\"font-size: 12pt; font-family: Arial, sans-serif; color: #444444\"><\/span><\/p>\n<p style=\"margin-bottom: 16.2pt; text-align: justify; line-height: 16pt; background-image: initial; background-attachment: initial; background-size: initial; background-origin: initial; background-clip: initial; background-position: initial; background-repeat: initial\" class=\"MsoNormal\"><span style=\"font-size: 12pt; font-family: Arial, sans-serif; color: black; letter-spacing: -0.15pt\">Viven en la carne, pero no seg&uacute;n la carne. Viven en&nbsp;<\/span><span style=\"font-size: 12pt; font-family: Arial, sans-serif; color: black; letter-spacing: -0.25pt\">la tierra, pero su ciudadan&iacute;a est&aacute; en el cielo. Obedecen&nbsp;<\/span><span style=\"font-size: 12pt; font-family: Arial, sans-serif; color: black; letter-spacing: -0.4pt\">las leyes establecidas y, con su modo de vivir, superan estas leyes. Aman a todos y todos los persiguen. Se les condena sin conocerlos. Se les da muerte y con ello re<\/span><span style=\"font-size: 12pt; font-family: Arial, sans-serif; color: black; letter-spacing: -0.25pt\">ciben la vida. Son pobres y enriquecen a muchos; ca<\/span><span style=\"font-size: 12pt; font-family: Arial, sans-serif; color: black; letter-spacing: -0.05pt\">recen de todo y abundan en todo. Sufren la deshonra&nbsp;<\/span><span style=\"font-size: 12pt; font-family: Arial, sans-serif; color: black; letter-spacing: -0.2pt\">y esto les sirve de gloria; sufren detrimento en su fama&nbsp;<\/span><span style=\"font-size: 12pt; font-family: Arial, sans-serif; color: black; letter-spacing: -0.15pt\">y esto atestigua su justicia. Son maldecidos y bendi<\/span><span style=\"font-size: 12pt; font-family: Arial, sans-serif; color: black; letter-spacing: -0.3pt\">cen; son tratados con ignominia y ellos, a cambio, de<\/span><span style=\"font-size: 12pt; font-family: Arial, sans-serif; color: black; letter-spacing: -0.15pt\">vuelven honor. Hacen el bien y son castigados como&nbsp;<\/span><span style=\"font-size: 12pt; font-family: Arial, sans-serif; color: black; letter-spacing: -0.35pt\">malhechores; y, al ser castigados a muerte, se alegran&nbsp;<\/span><span style=\"font-size: 12pt; font-family: Arial, sans-serif; color: black; letter-spacing: -0.15pt\">como si se les diera la vida. Los jud&iacute;os los combaten&nbsp;<\/span><span style=\"font-size: 12pt; font-family: Arial, sans-serif; color: black; letter-spacing: -0.25pt\">como a extra&ntilde;os y los gentiles los persiguen; sin em<\/span><span style=\"font-size: 12pt; font-family: Arial, sans-serif; color: black; letter-spacing: -0.2pt\">bargo, los mismos que los aborrecen no saben explicar&nbsp;<\/span><span style=\"font-size: 12pt; font-family: Arial, sans-serif; color: black; letter-spacing: -0.1pt\">el motivo de su enemistad.<\/span><span style=\"font-size: 12pt; font-family: Arial, sans-serif; color: #444444\"><\/span><\/p>\n<p style=\"margin-bottom: 16.2pt; text-align: justify; line-height: 16pt; background-image: initial; background-attachment: initial; background-size: initial; background-origin: initial; background-clip: initial; background-position: initial; background-repeat: initial\" class=\"MsoNormal\"><span style=\"font-size: 12pt; font-family: Arial, sans-serif; color: black; letter-spacing: -0.65pt\">Para decirlo en pocas palabras: los cristianos son en el&nbsp;<\/span><span style=\"font-size: 12pt; font-family: Arial, sans-serif; color: black; letter-spacing: -0.35pt\">mundo lo que el alma es en el cuerpo&nbsp;<em>(Carta a Diogneto,&nbsp;<\/em><\/span><span style=\"font-size: 12pt; font-family: Arial, sans-serif; color: black; letter-spacing: -0.4pt\">caps. 5-6; tomado de la<em>Liturgia de las horas,&nbsp;<\/em>volumen II,&nbsp;<\/span><span style=\"font-size: 12pt; font-family: Arial, sans-serif; color: black; letter-spacing: -0.35pt\">Coeditores Lit&uacute;rgicos, Madrid 1993, pp. 715-716).<\/span><span style=\"font-size: 12pt; font-family: Arial, sans-serif; color: #444444\"><\/span><\/p>\n<p style=\"margin-bottom: 0.0001pt; line-height: 16pt; background-image: initial; background-attachment: initial; background-size: initial; background-origin: initial; background-clip: initial; background-position: initial; background-repeat: initial\" class=\"MsoNormal\"><strong><span style=\"font-size: 12pt; font-family: Arial, sans-serif\">Mons. Salvador Cisneros<\/span><\/strong><\/p>\n<p style=\"margin-bottom: 0.0001pt; line-height: 16pt; background-image: initial; background-attachment: initial; background-size: initial; background-origin: initial; background-clip: initial; background-position: initial; background-repeat: initial\" class=\"MsoNormal\"><strong><span style=\"font-size: 12pt; font-family: Arial, sans-serif\">Parroquia Santa Teresa de &Aacute;vila<\/span><\/strong><\/p>\n<p style=\"margin-bottom: 0.0001pt; line-height: 16pt; background-image: initial; background-attachment: initial; background-size: initial; background-origin: initial; background-clip: initial; background-position: initial; background-repeat: initial\" class=\"MsoNormal\"><span style=\"font-size: 12pt; font-family: Arial, sans-serif; color: #444444\">&nbsp;<\/span><\/p>\n<p class=\"MsoNormal\"><span style=\"font-size: 12pt; line-height: 107%; font-family: Arial, sans-serif\">&nbsp;<\/span><\/p>\n","protected":false},"excerpt":{"rendered":"<p>LECTIO Evangelio: Mareos 11,11-26 Despu&eacute;s de que la muchedumbre lo hubo aclamado, entr&oacute;&nbsp;Jes&uacute;s en Jerusal&eacute;n, fue al templo y observ&oacute; todo a su alrededor, pero, como ya era tarde, se fue a Betania con&#46;&#46;&#46;<\/p>\n","protected":false},"author":5,"featured_media":0,"comment_status":"closed","ping_status":"closed","sticky":false,"template":"","format":"standard","meta":{"_exactmetrics_skip_tracking":false,"_exactmetrics_sitenote_active":false,"_exactmetrics_sitenote_note":"","_exactmetrics_sitenote_category":0,"footnotes":""},"categories":[20],"tags":[],"class_list":["post-4370","post","type-post","status-publish","format-standard","hentry","category-evangelio-del-dia"],"_links":{"self":[{"href":"https:\/\/iglesiatijuana.org\/web\/wp-json\/wp\/v2\/posts\/4370","targetHints":{"allow":["GET"]}}],"collection":[{"href":"https:\/\/iglesiatijuana.org\/web\/wp-json\/wp\/v2\/posts"}],"about":[{"href":"https:\/\/iglesiatijuana.org\/web\/wp-json\/wp\/v2\/types\/post"}],"author":[{"embeddable":true,"href":"https:\/\/iglesiatijuana.org\/web\/wp-json\/wp\/v2\/users\/5"}],"replies":[{"embeddable":true,"href":"https:\/\/iglesiatijuana.org\/web\/wp-json\/wp\/v2\/comments?post=4370"}],"version-history":[{"count":0,"href":"https:\/\/iglesiatijuana.org\/web\/wp-json\/wp\/v2\/posts\/4370\/revisions"}],"wp:attachment":[{"href":"https:\/\/iglesiatijuana.org\/web\/wp-json\/wp\/v2\/media?parent=4370"}],"wp:term":[{"taxonomy":"category","embeddable":true,"href":"https:\/\/iglesiatijuana.org\/web\/wp-json\/wp\/v2\/categories?post=4370"},{"taxonomy":"post_tag","embeddable":true,"href":"https:\/\/iglesiatijuana.org\/web\/wp-json\/wp\/v2\/tags?post=4370"}],"curies":[{"name":"wp","href":"https:\/\/api.w.org\/{rel}","templated":true}]}}