{"id":4448,"date":"2016-07-28T12:42:14","date_gmt":"2016-07-28T19:42:14","guid":{"rendered":"http:\/\/iglesiatijuana.org\/web\/malos\/"},"modified":"2016-07-28T12:42:14","modified_gmt":"2016-07-28T19:42:14","slug":"malos","status":"publish","type":"post","link":"https:\/\/iglesiatijuana.org\/web\/malos\/","title":{"rendered":"Saldr\u00e1n los \u00e1ngeles a separar a los malos de los buenos y los echar\u00e1n al horno de fuego"},"content":{"rendered":"<p style=\"text-align: justify; background-image: initial; background-attachment: initial; background-size: initial; background-origin: initial; background-clip: initial; background-position: initial; background-repeat: initial\" class=\"xmsonormal\"><strong><span style=\"font-family: Arial, sans-serif; color: #212121\">LECTIO<\/span><\/strong><span style=\"font-family: &quot;Segoe UI&quot;, sans-serif; color: #212121\"><\/span><\/p>\n<p style=\"background-image: initial; background-attachment: initial; background-size: initial; background-origin: initial; background-clip: initial; background-position: initial; background-repeat: initial\" class=\"xmsonormal\"><strong><span style=\"font-family: Arial, sans-serif; color: #212121\">&nbsp;<\/span><\/strong><span style=\"font-family: &quot;Segoe UI&quot;, sans-serif; color: #212121\"><\/span><\/p>\n<p style=\"background-image: initial; background-attachment: initial; background-size: initial; background-origin: initial; background-clip: initial; background-position: initial; background-repeat: initial\" class=\"xmsonormal\"><strong><span style=\"font-family: Arial, sans-serif; color: #212121\">Evangelio: Mateo 13,47-53<\/span><\/strong><span style=\"font-family: &quot;Segoe UI&quot;, sans-serif; color: #212121\"><\/span><\/p>\n<p style=\"background-image: initial; background-attachment: initial; background-size: initial; background-origin: initial; background-clip: initial; background-position: initial; background-repeat: initial\" class=\"xmsonormal\"><span style=\"font-family: &quot;Segoe UI&quot;, sans-serif; color: #212121\">&nbsp;<\/span><\/p>\n<p style=\"background-image: initial; background-attachment: initial; background-size: initial; background-origin: initial; background-clip: initial; background-position: initial; background-repeat: initial\" class=\"xmsonormal\"><span style=\"font-family: Arial, sans-serif; color: #212121\">En aquel tiempo, dijo Jes&uacute;s a la muchedumbre: Tambi&eacute;n sucede con el Reino de los Cielos lo que con una red que echan al mar y recoge toda clase de peces; una vez llena, los pescadores la sacan a la playa, se sientan, seleccionan los buenos en cestos y tiran los malos.<\/span><span style=\"font-family: &quot;Segoe UI&quot;, sans-serif; color: #212121\"><\/span><\/p>\n<p style=\"background-image: initial; background-attachment: initial; background-size: initial; background-origin: initial; background-clip: initial; background-position: initial; background-repeat: initial\" class=\"xmsonormal\"><span style=\"font-family: Arial, sans-serif; color: #212121\">As&iacute; ser&aacute; el Saldr&aacute;n los &aacute;ngeles a separar a los malos de los buenos y los echar&aacute;n al horno de fuego fin del mundo.; all&iacute; llorar&aacute;n y les rechinar&aacute;n los dientes.<\/span><span style=\"font-family: &quot;Segoe UI&quot;, sans-serif; color: #212121\"><\/span><\/p>\n<p style=\"background-image: initial; background-attachment: initial; background-size: initial; background-origin: initial; background-clip: initial; background-position: initial; background-repeat: initial\" class=\"xmsonormal\"><span style=\"font-family: Arial, sans-serif; color: #212121\">Jes&uacute;s pregunt&oacute; a sus disc&iacute;pulos: -Hab&eacute;is entendido todo esto?<\/span><span style=\"font-family: &quot;Segoe UI&quot;, sans-serif; color: #212121\"><\/span><\/p>\n<p style=\"background-image: initial; background-attachment: initial; background-size: initial; background-origin: initial; background-clip: initial; background-position: initial; background-repeat: initial\" class=\"xmsonormal\"><span style=\"font-family: Arial, sans-serif; color: #212121\">Ellos le contestaron: -S&iacute;.<\/span><span style=\"font-family: &quot;Segoe UI&quot;, sans-serif; color: #212121\"><\/span><\/p>\n<p style=\"background-image: initial; background-attachment: initial; background-size: initial; background-origin: initial; background-clip: initial; background-position: initial; background-repeat: initial\" class=\"xmsonormal\"><span style=\"font-family: Arial, sans-serif; color: #212121\">Y Jes&uacute;s les dijo: -Todo maestro de la Ley que se ha hecho disc&iacute;pulo del Reino de los Cielos es como un padre de familia que saca de su tesoro cosas nuevas y viejas. Cuando Jes&uacute;s acab&oacute; de contar estas par&aacute;bolas, se march&oacute; de all&iacute;.<\/span><span style=\"font-family: &quot;Segoe UI&quot;, sans-serif; color: #212121\"><\/span><\/p>\n<p style=\"background-image: initial; background-attachment: initial; background-size: initial; background-origin: initial; background-clip: initial; background-position: initial; background-repeat: initial\" class=\"xmsonormal\"><span style=\"font-family: Arial, sans-serif; color: #212121\">&nbsp;<\/span><span style=\"font-family: &quot;Segoe UI&quot;, sans-serif; color: #212121\"><\/span><\/p>\n<p style=\"background-image: initial; background-attachment: initial; background-size: initial; background-origin: initial; background-clip: initial; background-position: initial; background-repeat: initial\" class=\"xmsonormal\"><strong><span style=\"font-family: Arial, sans-serif; color: #212121\">ORATIO<\/span><\/strong><span style=\"font-family: &quot;Segoe UI&quot;, sans-serif; color: #212121\"><\/span><\/p>\n<p style=\"background-image: initial; background-attachment: initial; background-size: initial; background-origin: initial; background-clip: initial; background-position: initial; background-repeat: initial\" class=\"xmsonormal\"><span style=\"font-family: Arial, sans-serif; color: #212121\">&nbsp;<\/span><span style=\"font-family: &quot;Segoe UI&quot;, sans-serif; color: #212121\"><\/span><\/p>\n<p style=\"background-image: initial; background-attachment: initial; background-size: initial; background-origin: initial; background-clip: initial; background-position: initial; background-repeat: initial\" class=\"xmsonormal\"><span style=\"font-family: Arial, sans-serif; color: #212121\">Oh Padre, nosotros quisi&eacute;ramos glorificarte como t&uacute; deseas y mereces. Por eso, quisi&eacute;ramos darte culto no tanto a trav&eacute;s de la materialidad de los actos rituales como a trav&eacute;s de nuestra vida diaria vivida &ldquo;en esp&iacute;ritu y en verdad&rdquo;.<\/span><span style=\"font-family: &quot;Segoe UI&quot;, sans-serif; color: #212121\"><\/span><\/p>\n<p style=\"background-image: initial; background-attachment: initial; background-size: initial; background-origin: initial; background-clip: initial; background-position: initial; background-repeat: initial\" class=\"xmsonormal\"><span style=\"font-family: Arial, sans-serif; color: #212121\">Sabemos que t&uacute; moras particularmente en los hermanos y en las hermanas necesitados, en los que tienen hambre y sed, en quienes est&aacute;n solos y tristes, en quienes est&aacute;n enfermos y privados de lo necesario, y en ellos esperas tu glorificaci&oacute;n. Ellos son, de un modo absolutamente particular, la morada que te has elegido para ser honrado y glorificado. Nos lo dijo tu Hijo, Jes&uacute;s, que fue el primero en darte gloria entregando la vida por todos nosotros, sus hermanos.<\/span><span style=\"font-family: &quot;Segoe UI&quot;, sans-serif; color: #212121\"><\/span><\/p>\n<p style=\"background-image: initial; background-attachment: initial; background-size: initial; background-origin: initial; background-clip: initial; background-position: initial; background-repeat: initial\" class=\"xmsonormal\"><span style=\"font-family: Arial, sans-serif; color: #212121\">T&uacute; sabes lo d&eacute;biles que somos y cu&aacute;nto nos cuesta, en ocasiones, darte el culto que t&uacute; esperas de nosotros. Nos resulta m&aacute;s f&aacute;cil repetir ritos, incluso bellamente ejecutados y perfectos, que comprometemos en la vida concreta en favor de nuestros hermanos y de nuestras hermanas. S&aacute;lvanos de esta debilidad nuestra. Haz que seamos &laquo;peces buenos&raquo; cogidos por tu red para tu Reino.<\/span><span style=\"font-family: &quot;Segoe UI&quot;, sans-serif; color: #212121\"><\/span><\/p>\n<p style=\"background-image: initial; background-attachment: initial; background-size: initial; background-origin: initial; background-clip: initial; background-position: initial; background-repeat: initial\" class=\"xmsonormal\"><span style=\"font-family: Arial, sans-serif; color: #212121\">Am&eacute;n.<\/span><\/p>\n<p style=\"background-image: initial; background-attachment: initial; background-size: initial; background-origin: initial; background-clip: initial; background-position: initial; background-repeat: initial\" class=\"xmsonormal\">&nbsp;<\/p>\n<p style=\"text-align: justify; background-image: initial; background-attachment: initial; background-size: initial; background-origin: initial; background-clip: initial; background-position: initial; background-repeat: initial\" class=\"xmsonormal\"><span style=\"font-family: Arial, sans-serif; color: #212121\">Mons. Salvador Cisneros<\/span><span style=\"font-family: &quot;Segoe UI&quot;, sans-serif; color: #212121\"><\/span><\/p>\n<p style=\"background-image: initial; background-attachment: initial; background-size: initial; background-origin: initial; background-clip: initial; background-position: initial; background-repeat: initial\" class=\"xmsonormal\"><span style=\"font-family: Arial, sans-serif; color: #212121\">Parroquia Santa Teresa de &Aacute;vila<\/span><span style=\"font-family: &quot;Segoe UI&quot;, sans-serif; color: #212121\"><\/span><\/p>\n<p class=\"MsoNormal\"><span style=\"font-size: 12pt; line-height: 107%\">&nbsp;<\/span><\/p>\n","protected":false},"excerpt":{"rendered":"<p>LECTIO &nbsp; Evangelio: Mateo 13,47-53 &nbsp; En aquel tiempo, dijo Jes&uacute;s a la muchedumbre: Tambi&eacute;n sucede con el Reino de los Cielos lo que con una red que echan al mar y recoge toda&#46;&#46;&#46;<\/p>\n","protected":false},"author":5,"featured_media":0,"comment_status":"closed","ping_status":"closed","sticky":false,"template":"","format":"standard","meta":{"_exactmetrics_skip_tracking":false,"_exactmetrics_sitenote_active":false,"_exactmetrics_sitenote_note":"","_exactmetrics_sitenote_category":0,"footnotes":""},"categories":[20],"tags":[],"class_list":["post-4448","post","type-post","status-publish","format-standard","hentry","category-evangelio-del-dia"],"_links":{"self":[{"href":"https:\/\/iglesiatijuana.org\/web\/wp-json\/wp\/v2\/posts\/4448","targetHints":{"allow":["GET"]}}],"collection":[{"href":"https:\/\/iglesiatijuana.org\/web\/wp-json\/wp\/v2\/posts"}],"about":[{"href":"https:\/\/iglesiatijuana.org\/web\/wp-json\/wp\/v2\/types\/post"}],"author":[{"embeddable":true,"href":"https:\/\/iglesiatijuana.org\/web\/wp-json\/wp\/v2\/users\/5"}],"replies":[{"embeddable":true,"href":"https:\/\/iglesiatijuana.org\/web\/wp-json\/wp\/v2\/comments?post=4448"}],"version-history":[{"count":0,"href":"https:\/\/iglesiatijuana.org\/web\/wp-json\/wp\/v2\/posts\/4448\/revisions"}],"wp:attachment":[{"href":"https:\/\/iglesiatijuana.org\/web\/wp-json\/wp\/v2\/media?parent=4448"}],"wp:term":[{"taxonomy":"category","embeddable":true,"href":"https:\/\/iglesiatijuana.org\/web\/wp-json\/wp\/v2\/categories?post=4448"},{"taxonomy":"post_tag","embeddable":true,"href":"https:\/\/iglesiatijuana.org\/web\/wp-json\/wp\/v2\/tags?post=4448"}],"curies":[{"name":"wp","href":"https:\/\/api.w.org\/{rel}","templated":true}]}}