{"id":4500,"date":"2016-08-18T18:48:51","date_gmt":"2016-08-19T01:48:51","guid":{"rendered":"http:\/\/iglesiatijuana.org\/web\/invitamos-2\/"},"modified":"2016-10-19T16:28:51","modified_gmt":"2016-10-19T23:28:51","slug":"invitamos-2","status":"publish","type":"post","link":"https:\/\/iglesiatijuana.org\/web\/invitamos-2\/","title":{"rendered":"LOS INVITAMOS A LA MISA Y VERBENA POPULAR CON NUESTRO ARZOBISPO, MONS. FRANCISCO MORENO BARR\u00d3N"},"content":{"rendered":"<p class=\"MsoNormal\" style=\"text-align: justify; text-indent: 35.4pt;\">\u00a0<img loading=\"lazy\" decoding=\"async\" class=\"  wp-image-4499\" src=\"http:\/\/iglesiatijuana.org\/web\/wp-content\/uploads\/2016\/08\/arzofranciscomorenobarron.jpg\" alt=\"\" width=\"88\" height=\"132\" \/><\/p>\n<p class=\"MsoNormal\" style=\"text-align: justify; text-indent: 35.4pt;\">\n<p class=\"MsoNormal\" style=\"text-align: justify; text-indent: 35.4pt;\"><span style=\"font-size: 12pt; line-height: 107%; font-family: Arial, sans-serif; color: #222222; background-image: initial; background-attachment: initial; background-size: initial; background-origin: initial; background-clip: initial; background-position: initial; background-repeat: initial;\">El pr\u00f3ximo domingo 21 de agosto se llevar\u00e1 a cabo una verbena popular como parte de los festejos de bienvenida, por lo cual los invitamos a asistir en un primer momento a la celebraci\u00f3n eucar\u00edstica que presidir\u00e1 nuestro Arzobispo Metropolitano, Mons. Francisco Moreno Barr\u00f3n, a las 12:00 p.m. en el Seminario Menor.<\/span><\/p>\n<p class=\"MsoNormal\" style=\"text-align: justify; text-indent: 35.4pt;\"><span style=\"font-size: 12pt; line-height: 107%; font-family: Arial, sans-serif; color: #222222; background-image: initial; background-attachment: initial; background-size: initial; background-origin: initial; background-clip: initial; background-position: initial; background-repeat: initial;\">Se les pide que lleven lonche para convivir despu\u00e9s de la celebraci\u00f3n eucar\u00edstica.<\/span><\/p>\n<p class=\"MsoNormal\" style=\"text-align: justify; text-indent: 35.4pt;\"><span style=\"font-size: 12pt; line-height: 107%; font-family: Arial, sans-serif; color: #222222; background-image: initial; background-attachment: initial; background-size: initial; background-origin: initial; background-clip: initial; background-position: initial; background-repeat: initial;\">El Seminario Menor est\u00e1 ubicado en la Calle Seminario No. 20, Col. Cerro Colorado.<\/span><\/p>\n","protected":false},"excerpt":{"rendered":"<p>\u00a0 El pr\u00f3ximo domingo 21 de agosto se llevar\u00e1 a cabo una verbena popular como parte de los festejos de bienvenida, por lo cual los invitamos a asistir en un primer momento a la&#46;&#46;&#46;<\/p>\n","protected":false},"author":5,"featured_media":4499,"comment_status":"closed","ping_status":"closed","sticky":false,"template":"","format":"standard","meta":{"_exactmetrics_skip_tracking":false,"_exactmetrics_sitenote_active":false,"_exactmetrics_sitenote_note":"","_exactmetrics_sitenote_category":0,"footnotes":""},"categories":[14],"tags":[],"class_list":["post-4500","post","type-post","status-publish","format-standard","has-post-thumbnail","hentry","category-ultimas-noticias"],"_links":{"self":[{"href":"https:\/\/iglesiatijuana.org\/web\/wp-json\/wp\/v2\/posts\/4500","targetHints":{"allow":["GET"]}}],"collection":[{"href":"https:\/\/iglesiatijuana.org\/web\/wp-json\/wp\/v2\/posts"}],"about":[{"href":"https:\/\/iglesiatijuana.org\/web\/wp-json\/wp\/v2\/types\/post"}],"author":[{"embeddable":true,"href":"https:\/\/iglesiatijuana.org\/web\/wp-json\/wp\/v2\/users\/5"}],"replies":[{"embeddable":true,"href":"https:\/\/iglesiatijuana.org\/web\/wp-json\/wp\/v2\/comments?post=4500"}],"version-history":[{"count":2,"href":"https:\/\/iglesiatijuana.org\/web\/wp-json\/wp\/v2\/posts\/4500\/revisions"}],"predecessor-version":[{"id":4527,"href":"https:\/\/iglesiatijuana.org\/web\/wp-json\/wp\/v2\/posts\/4500\/revisions\/4527"}],"wp:featuredmedia":[{"embeddable":true,"href":"https:\/\/iglesiatijuana.org\/web\/wp-json\/wp\/v2\/media\/4499"}],"wp:attachment":[{"href":"https:\/\/iglesiatijuana.org\/web\/wp-json\/wp\/v2\/media?parent=4500"}],"wp:term":[{"taxonomy":"category","embeddable":true,"href":"https:\/\/iglesiatijuana.org\/web\/wp-json\/wp\/v2\/categories?post=4500"},{"taxonomy":"post_tag","embeddable":true,"href":"https:\/\/iglesiatijuana.org\/web\/wp-json\/wp\/v2\/tags?post=4500"}],"curies":[{"name":"wp","href":"https:\/\/api.w.org\/{rel}","templated":true}]}}