{"id":4637,"date":"2016-10-10T16:20:42","date_gmt":"2016-10-10T23:20:42","guid":{"rendered":"http:\/\/iglesiatijuana.org\/web\/aqui-hay-uno-que-es-mas-importante-que-jonas\/"},"modified":"2016-10-10T16:20:42","modified_gmt":"2016-10-10T23:20:42","slug":"aqui-hay-uno-que-es-mas-importante-que-jonas","status":"publish","type":"post","link":"https:\/\/iglesiatijuana.org\/web\/aqui-hay-uno-que-es-mas-importante-que-jonas\/","title":{"rendered":"Aqu\u00ed hay uno que es m\u00e1s importante que Jon\u00e1s"},"content":{"rendered":"<p style=\"margin-bottom: 0.0001pt; text-align: justify; background-image: initial; background-position: initial; background-size: initial; background-repeat: initial; background-attachment: initial; background-origin: initial; background-clip: initial\" class=\"xmsonormal\"><strong><span style=\"font-family: Arial, sans-serif; color: #212121\">Evangelio: Lucas 11,29-32<\/span><\/strong><span style=\"font-family: Arial, sans-serif; color: #212121\"><\/span><\/p>\n<p style=\"margin-bottom: 0.0001pt; text-align: justify; background-image: initial; background-position: initial; background-size: initial; background-repeat: initial; background-attachment: initial; background-origin: initial; background-clip: initial\" class=\"xmsonormal\"><span style=\"font-family: Arial, sans-serif; color: #212121\">&nbsp;<\/span><\/p>\n<p style=\"margin-bottom: 0.0001pt; text-align: justify; background-image: initial; background-position: initial; background-size: initial; background-repeat: initial; background-attachment: initial; background-origin: initial; background-clip: initial\" class=\"xmsonormal\"><span style=\"font-family: Arial, sans-serif; color: #212121\">En aquel tiempo, la gente se api&ntilde;aba en torno a Jes&uacute;s y &eacute;l se puso a decir: -&Eacute;sta es una generaci&oacute;n malvada; pide una se&ntilde;al, pero no se le dar&aacute; una se&ntilde;al distinta de la de Jon&aacute;s. Pues as&iacute; como Jon&aacute;s fue una se&ntilde;al para los ninivitas, as&iacute; el Hijo del hombre lo ser&aacute; para esta generaci&oacute;n. La reina del sur se levantar&aacute; en el juicio junto con los hombres de esta generaci&oacute;n y los condenar&aacute;, porque ella vino desde el extremo de la tierra a escuchar la sabidur&iacute;a de Salom&oacute;n, y aqu&iacute; hay uno que es m&aacute;s importante que Salom&oacute;n. Los habitantes de N&iacute;nive se levantar&aacute;n el d&iacute;a del juicio contra esta generaci&oacute;n y la condenar&aacute;n, porque ellos hicieron penitencia por la predicaci&oacute;n de Jon&aacute;s, y aqu&iacute; hay uno que es m&aacute;s importante que Jon&aacute;s.<\/span><\/p>\n<p style=\"margin-bottom: 0.0001pt; text-align: justify; background-image: initial; background-position: initial; background-size: initial; background-repeat: initial; background-attachment: initial; background-origin: initial; background-clip: initial\" class=\"xmsonormal\"><span style=\"font-family: Arial, sans-serif; color: #212121\">&nbsp;<\/span><\/p>\n<p style=\"margin-bottom: 0.0001pt; text-align: justify; background-image: initial; background-position: initial; background-size: initial; background-repeat: initial; background-attachment: initial; background-origin: initial; background-clip: initial\" class=\"xmsonormal\"><strong><span style=\"font-family: Arial, sans-serif; color: #212121\">ORATIO<\/span><\/strong><span style=\"font-family: Arial, sans-serif; color: #212121\"><\/span><\/p>\n<p style=\"margin-bottom: 0.0001pt; text-align: justify; background-image: initial; background-position: initial; background-size: initial; background-repeat: initial; background-attachment: initial; background-origin: initial; background-clip: initial\" class=\"xmsonormal\"><span style=\"font-family: Arial, sans-serif; color: #212121\">&nbsp;<\/span><\/p>\n<p style=\"margin-bottom: 0.0001pt; text-align: justify; background-image: initial; background-position: initial; background-size: initial; background-repeat: initial; background-attachment: initial; background-origin: initial; background-clip: initial\" class=\"xmsonormal\"><span style=\"font-family: Arial, sans-serif; color: #212121\">&laquo;Dichosa t&uacute;, que has cre&iacute;do&raquo;, Mar&iacute;a. Primera hija de Abrah&aacute;n no por ascendencia de la sangre, sino por la autenticidad de tu fe. T&uacute; engendraste al verdadero Hijo de la promesa, al Hijo libre que hace libres a los que le siguen y creen en &eacute;l.<\/span><\/p>\n<p style=\"margin-bottom: 0.0001pt; text-align: justify; background-image: initial; background-position: initial; background-size: initial; background-repeat: initial; background-attachment: initial; background-origin: initial; background-clip: initial\" class=\"xmsonormal\"><span style=\"font-family: Arial, sans-serif; color: #212121\">&nbsp;<\/span><\/p>\n<p style=\"margin-bottom: 0.0001pt; text-align: justify; background-image: initial; background-position: initial; background-size: initial; background-repeat: initial; background-attachment: initial; background-origin: initial; background-clip: initial\" class=\"xmsonormal\"><span style=\"font-family: Arial, sans-serif; color: #212121\">Te pido, Mar&iacute;a, que apoyes mi d&eacute;bil fe y, sobre todo, que me ayudes a purificarla de tantas incrustaciones que la mantienen esclava. Ens&eacute;&ntilde;ame a escuchar con sencillez la Palabra del Se&ntilde;or. Ens&eacute;&ntilde;ame a acoger con asombro y entusiasmo la libertad que se me ofrece cuando me adhiero con amor a sus propuestas concretas, sin vanas discusiones ni resistencias. Mar&iacute;a, repite hoy por m&iacute; y conmigo tu maravilloso &laquo;s&iacute;&raquo;.<\/span><\/p>\n<p style=\"margin-bottom: 0.0001pt; text-align: justify; background-image: initial; background-position: initial; background-size: initial; background-repeat: initial; background-attachment: initial; background-origin: initial; background-clip: initial\" class=\"xmsonormal\">&nbsp;<\/p>\n<p style=\"margin-bottom: 0.0001pt; text-align: justify; background-image: initial; background-position: initial; background-size: initial; background-repeat: initial; background-attachment: initial; background-origin: initial; background-clip: initial\" class=\"xmsonormal\">&nbsp;<\/p>\n<p style=\"text-align: justify; background-image: initial; background-position: initial; background-size: initial; background-repeat: initial; background-attachment: initial; background-origin: initial; background-clip: initial\" class=\"xmsonormal\"><strong><span style=\"font-family: Arial, sans-serif; color: #212121\">Mons. Salvador Cisneros<\/span><\/strong><\/p>\n<p style=\"text-align: justify; background-image: initial; background-position: initial; background-size: initial; background-repeat: initial; background-attachment: initial; background-origin: initial; background-clip: initial\" class=\"xmsonormal\"><strong><span style=\"font-family: Arial, sans-serif; color: #212121\">Parroquia Santa Teresa de &Aacute;vila<\/span><\/strong><\/p>\n<p style=\"text-align: justify\" class=\"MsoNormal\"><span style=\"font-size: 12pt; line-height: 107%; font-family: Arial, sans-serif\">&nbsp;<\/span><\/p>\n","protected":false},"excerpt":{"rendered":"<p>Evangelio: Lucas 11,29-32 &nbsp; En aquel tiempo, la gente se api&ntilde;aba en torno a Jes&uacute;s y &eacute;l se puso a decir: -&Eacute;sta es una generaci&oacute;n malvada; pide una se&ntilde;al, pero no se le dar&aacute;&#46;&#46;&#46;<\/p>\n","protected":false},"author":5,"featured_media":0,"comment_status":"closed","ping_status":"closed","sticky":false,"template":"","format":"standard","meta":{"_exactmetrics_skip_tracking":false,"_exactmetrics_sitenote_active":false,"_exactmetrics_sitenote_note":"","_exactmetrics_sitenote_category":0,"footnotes":""},"categories":[20],"tags":[],"class_list":["post-4637","post","type-post","status-publish","format-standard","hentry","category-evangelio-del-dia"],"_links":{"self":[{"href":"https:\/\/iglesiatijuana.org\/web\/wp-json\/wp\/v2\/posts\/4637","targetHints":{"allow":["GET"]}}],"collection":[{"href":"https:\/\/iglesiatijuana.org\/web\/wp-json\/wp\/v2\/posts"}],"about":[{"href":"https:\/\/iglesiatijuana.org\/web\/wp-json\/wp\/v2\/types\/post"}],"author":[{"embeddable":true,"href":"https:\/\/iglesiatijuana.org\/web\/wp-json\/wp\/v2\/users\/5"}],"replies":[{"embeddable":true,"href":"https:\/\/iglesiatijuana.org\/web\/wp-json\/wp\/v2\/comments?post=4637"}],"version-history":[{"count":0,"href":"https:\/\/iglesiatijuana.org\/web\/wp-json\/wp\/v2\/posts\/4637\/revisions"}],"wp:attachment":[{"href":"https:\/\/iglesiatijuana.org\/web\/wp-json\/wp\/v2\/media?parent=4637"}],"wp:term":[{"taxonomy":"category","embeddable":true,"href":"https:\/\/iglesiatijuana.org\/web\/wp-json\/wp\/v2\/categories?post=4637"},{"taxonomy":"post_tag","embeddable":true,"href":"https:\/\/iglesiatijuana.org\/web\/wp-json\/wp\/v2\/tags?post=4637"}],"curies":[{"name":"wp","href":"https:\/\/api.w.org\/{rel}","templated":true}]}}