{"id":4647,"date":"2016-10-11T18:07:27","date_gmt":"2016-10-12T01:07:27","guid":{"rendered":"http:\/\/iglesiatijuana.org\/web\/arzobispo-7\/"},"modified":"2016-10-11T18:07:27","modified_gmt":"2016-10-12T01:07:27","slug":"arzobispo-7","status":"publish","type":"post","link":"https:\/\/iglesiatijuana.org\/web\/arzobispo-7\/","title":{"rendered":"El Arzobispo invit\u00f3 a los ni\u00f1os a ser los discipulitos y misioneros de Jes\u00fas"},"content":{"rendered":"<p style=\"text-align: justify\" class=\"MsoNormal\">&nbsp;<img loading=\"lazy\" decoding=\"async\" class=\" size-full wp-image-4645\" src=\"http:\/\/iglesiatijuana.org\/web\/wp-content\/uploads\/2016\/10\/arzovisitapastoraldecanatovii%20%282%29.jpg\" alt=\"\" width=\"266\" height=\"448\" \/><\/p>\n<p style=\"text-align: justify\" class=\"MsoNormal\"><span style=\"font-size: 12pt; line-height: 107%; font-family: Arial, sans-serif\">&nbsp; &nbsp; &nbsp; &nbsp; Tijuana, B.C.- El Decanato VII &ldquo;Se&ntilde;or de la Misericordia&rdquo; fue visitado por nuestro Arzobispo, Mons. Francisco Moreno Barr&oacute;n, en su visita pastoral a cada parroquia por decanato. Este decanato cuenta con ocho parroquias, por ello dividi&oacute; su visita a cuatro el viernes 7 y las otras cuatro el s&aacute;bado 8 de octubre.<\/span><\/p>\n<p style=\"text-align: justify\" class=\"MsoNormal\"><span style=\"font-size: 12pt; line-height: 107%; font-family: Arial, sans-serif\">&nbsp;&nbsp;&nbsp;&nbsp;&nbsp;&nbsp;&nbsp;&nbsp;&nbsp; Con la oraci&oacute;n ante el Sant&iacute;simo Sacramento inici&oacute; en cada una de las parroquias, y posteriormente despu&eacute;s de darles un peque&ntilde;o mensaje escuch&oacute; la realidad pastoral, as&iacute; como las sugerencias, inquietudes y solicitudes de los feligreses.<\/span><\/p>\n<p style=\"text-align: justify\" class=\"MsoNormal\"><span style=\"font-size: 12pt; line-height: 107%; font-family: Arial, sans-serif\">&nbsp;&nbsp;&nbsp;&nbsp;&nbsp;&nbsp;&nbsp;&nbsp;&nbsp; Los laicos le manifestaron su deseo por mayor espacio de formaci&oacute;n, su preocupaci&oacute;n por la proliferaci&oacute;n de las sectas, la posibilidad de comulgar de rodillas, que no les cambien frecuentemente a sus sacerdotes, su amor y agradecimiento por el gran trabajo pastoral de sus sacerdotes y que si existe la posibilidad de enviarles otro sacerdote o di&aacute;cono que les ayuden en dicho trabajo pastoral.<\/span><\/p>\n<p style=\"text-align: justify\" class=\"MsoNormal\"><span style=\"font-size: 12pt; line-height: 107%; font-family: Arial, sans-serif\">&nbsp;&nbsp;&nbsp;&nbsp;&nbsp;&nbsp;&nbsp;&nbsp;&nbsp; Tambi&eacute;n los j&oacute;venes le hicieron saber su preocupaci&oacute;n por la necesidad de evangelizaci&oacute;n de los mismos j&oacute;venes porque muchos andan perdidos en las adicciones y otras distracciones y no se acercan a la Iglesia, la necesidad de que los padres de familia se preocupen por la formaci&oacute;n espiritual de sus hijos, la necesidad de proteger a las familias ante el ataque que est&aacute; sufriendo en la actualidad, la importancia de ganar la indulgencia plenaria en este A&ntilde;o de la Misericordia, y lo invitaron a celebrar una Eucarist&iacute;a en la P. Se&ntilde;or de la Misericordia por este a&ntilde;o extraordinario. Y les explic&oacute; el significado del escudo episcopal.<\/span><\/p>\n<p style=\"text-align: justify\" class=\"MsoNormal\"><span style=\"font-size: 12pt; line-height: 107%; font-family: Arial, sans-serif\">&nbsp;&nbsp;&nbsp;&nbsp;&nbsp;&nbsp;&nbsp;&nbsp;&nbsp; Por su parte Mons. Moreno Barr&oacute;n les dijo que va a impulsar la formaci&oacute;n en toda la Arquidi&oacute;cesis de Tijuana y los invit&oacute; a tomar el lugar que les corresponde en la Iglesia, ayudando a sus sacerdotes en la evangelizaci&oacute;n de los m&aacute;s alejados. Y les aclar&oacute; que no importa tanto la postura externa, sino la interna para recibir la comuni&oacute;n, los invit&oacute; a amar su parroquia, y a los ni&ntilde;os a ser los &ldquo;discipulitos y misioneros de Jes&uacute;s&rdquo;.<\/span><\/p>\n<p style=\"text-align: justify\" class=\"MsoNormal\"><span style=\"font-size: 12pt; line-height: 107%; font-family: Arial, sans-serif\">&nbsp;&nbsp;&nbsp;&nbsp;&nbsp;&nbsp;&nbsp;&nbsp;&nbsp; Sobre el no cambiarles a los sacerdotes frecuentemente les aclar&oacute; que los sacerdotes son cambiados de acuerdo a las necesidades que tiene la Arquidi&oacute;cesis, y los invit&oacute; a seguir a Nuestro Se&ntilde;or; adem&aacute;s los invit&oacute; a orar por las vocaciones consagradas para que podamos tener m&aacute;s sacerdotes en nuestras parroquias.<\/span><\/p>\n<p style=\"text-align: justify\" class=\"MsoNormal\"><span style=\"font-size: 12pt; line-height: 107%; font-family: Arial, sans-serif\">&nbsp;&nbsp;&nbsp;&nbsp;&nbsp;&nbsp;&nbsp;&nbsp;&nbsp; A los j&oacute;venes les dijo que es importante que ellos evangelicen a los mismos j&oacute;venes para que conozcan a Jes&uacute;s y lo tengan en su vida, y a los padres de familia los exhorta a ser los primeros formadores de sus hijos y a proteger a sus familias.<\/span><\/p>\n<p style=\"text-align: justify\" class=\"MsoNormal\"><span style=\"font-size: 12pt; line-height: 107%; font-family: Arial, sans-serif\">&nbsp;&nbsp;&nbsp;&nbsp;&nbsp;&nbsp;&nbsp;&nbsp;&nbsp; Finalmente los confirm&oacute; en la fe e invit&oacute; a vivir y morir siendo cat&oacute;licos.<\/span><\/p>\n<p style=\"text-align: justify\" class=\"MsoNormal\"><span style=\"font-size: 12pt; line-height: 107%; font-family: Arial, sans-serif\">&nbsp;&nbsp;&nbsp;&nbsp;&nbsp;&nbsp;&nbsp;&nbsp;&nbsp; Las parroquias que forman este decanato son: Mar&iacute;a madre de la Iglesia, San Bernab&eacute; Ap&oacute;stol, San Luis Rey de Francia, Santa Rosa de Lima, Nuestra Se&ntilde;ora de F&aacute;tima, Cristo Resucitado, San Judas Tadeo y Se&ntilde;or de la Misericordia.<\/span><\/p>\n<p style=\"text-align: justify\" class=\"MsoNormal\">&nbsp;<img loading=\"lazy\" decoding=\"async\" class=\" size-full wp-image-4646\" src=\"http:\/\/iglesiatijuana.org\/web\/wp-content\/uploads\/2016\/10\/arzovisitapastoraldecanatovii.jpg\" alt=\"\" width=\"448\" height=\"288\" srcset=\"https:\/\/iglesiatijuana.org\/web\/wp-content\/uploads\/2016\/10\/arzovisitapastoraldecanatovii.jpg 448w, https:\/\/iglesiatijuana.org\/web\/wp-content\/uploads\/2016\/10\/arzovisitapastoraldecanatovii-300x193.jpg 300w\" sizes=\"auto, (max-width: 448px) 100vw, 448px\" \/><\/p>\n<p style=\"text-align: justify\" class=\"MsoNormal\"><span style=\"font-size: 12pt; line-height: 107%; font-family: Arial, sans-serif\">&nbsp; &nbsp; &nbsp; &nbsp; &nbsp;&nbsp;<\/span><\/p>\n","protected":false},"excerpt":{"rendered":"<p>&nbsp; &nbsp; &nbsp; &nbsp; &nbsp; Tijuana, B.C.- El Decanato VII &ldquo;Se&ntilde;or de la Misericordia&rdquo; fue visitado por nuestro Arzobispo, Mons. Francisco Moreno Barr&oacute;n, en su visita pastoral a cada parroquia por decanato. Este decanato&#46;&#46;&#46;<\/p>\n","protected":false},"author":5,"featured_media":4645,"comment_status":"closed","ping_status":"closed","sticky":false,"template":"","format":"standard","meta":{"_exactmetrics_skip_tracking":false,"_exactmetrics_sitenote_active":false,"_exactmetrics_sitenote_note":"","_exactmetrics_sitenote_category":0,"footnotes":""},"categories":[14],"tags":[],"class_list":["post-4647","post","type-post","status-publish","format-standard","has-post-thumbnail","hentry","category-ultimas-noticias"],"_links":{"self":[{"href":"https:\/\/iglesiatijuana.org\/web\/wp-json\/wp\/v2\/posts\/4647","targetHints":{"allow":["GET"]}}],"collection":[{"href":"https:\/\/iglesiatijuana.org\/web\/wp-json\/wp\/v2\/posts"}],"about":[{"href":"https:\/\/iglesiatijuana.org\/web\/wp-json\/wp\/v2\/types\/post"}],"author":[{"embeddable":true,"href":"https:\/\/iglesiatijuana.org\/web\/wp-json\/wp\/v2\/users\/5"}],"replies":[{"embeddable":true,"href":"https:\/\/iglesiatijuana.org\/web\/wp-json\/wp\/v2\/comments?post=4647"}],"version-history":[{"count":0,"href":"https:\/\/iglesiatijuana.org\/web\/wp-json\/wp\/v2\/posts\/4647\/revisions"}],"wp:featuredmedia":[{"embeddable":true,"href":"https:\/\/iglesiatijuana.org\/web\/wp-json\/wp\/v2\/media\/4645"}],"wp:attachment":[{"href":"https:\/\/iglesiatijuana.org\/web\/wp-json\/wp\/v2\/media?parent=4647"}],"wp:term":[{"taxonomy":"category","embeddable":true,"href":"https:\/\/iglesiatijuana.org\/web\/wp-json\/wp\/v2\/categories?post=4647"},{"taxonomy":"post_tag","embeddable":true,"href":"https:\/\/iglesiatijuana.org\/web\/wp-json\/wp\/v2\/tags?post=4647"}],"curies":[{"name":"wp","href":"https:\/\/api.w.org\/{rel}","templated":true}]}}