{"id":4842,"date":"2016-11-11T10:00:18","date_gmt":"2016-11-11T18:00:18","guid":{"rendered":"http:\/\/iglesiatijuana.org\/web\/?p=4842"},"modified":"2016-11-11T10:05:00","modified_gmt":"2016-11-11T18:05:00","slug":"el-que-intente-salvar-su-vida-la-perdera-pero-el-que-la-pierda-la-recobrara","status":"publish","type":"post","link":"https:\/\/iglesiatijuana.org\/web\/el-que-intente-salvar-su-vida-la-perdera-pero-el-que-la-pierda-la-recobrara\/","title":{"rendered":"El que intente salvar su vida la perder\u00e1, pero el que la pierda la recobrar\u00e1"},"content":{"rendered":"<p><a href=\"http:\/\/iglesiatijuana.org\/web\/wp-content\/uploads\/2016\/11\/cristorey.jpg\" data-rel=\"lightbox-image-0\" data-rl_title=\"\" data-rl_caption=\"\" title=\"\"><img loading=\"lazy\" decoding=\"async\" class=\"alignnone size-medium wp-image-4843\" src=\"http:\/\/iglesiatijuana.org\/web\/wp-content\/uploads\/2016\/11\/cristorey-300x204.jpg\" alt=\"cristorey\" width=\"300\" height=\"204\" srcset=\"https:\/\/iglesiatijuana.org\/web\/wp-content\/uploads\/2016\/11\/cristorey-300x204.jpg 300w, https:\/\/iglesiatijuana.org\/web\/wp-content\/uploads\/2016\/11\/cristorey.jpg 500w\" sizes=\"auto, (max-width: 300px) 100vw, 300px\" \/><\/a><\/p>\n<p><strong>Evangelio: Lucas 17,26-37<\/strong><\/p>\n<p>&nbsp;<\/p>\n<p>En aquel tiempo, dijo Jes\u00fas a sus disc\u00edpulos: Cuando ven\u00adga el Hijo del hombre suceder\u00e1 lo mismo que en tiempos de\u00a0No\u00e9.\u00a0 Hasta que No\u00e9 entr\u00f3 en el arca, la gente com\u00eda, beb\u00eda\u00a0y se casaba. Pero vino el diluvio y acab\u00f3 con todos.\u00a0 Lo mis\u00admo sucedi\u00f3 en los tiempos de Lot: com\u00edan, beb\u00edan, compraban, vend\u00edan, plantaban y edificaban. Pero el d\u00eda en que Lot\u00a0sali\u00f3 de Sodoma, llovi\u00f3 del cielo fuego y azufre y acab\u00f3 con todos.\u00a0 As\u00ed ser\u00e1 el d\u00eda en que se manifieste el Hijo del hom\u00adbre. Ese d\u00eda, el que est\u00e9 en la azotea y tenga en casa sus\u00a0enseres que no baje a tomarlos; igualmente, el que est\u00e9 en\u00a0el campo que no vuelva atr\u00e1s. Acordaos de la mujer de Lot.<\/p>\n<p>El que intente salvar su vida la perder\u00e1, pero el que la pier\u00adda la recobrar\u00e1. Os aseguro que esa noche estar\u00e1n dos jun\u00adtos en la misma cama: a uno se lo llevar\u00e1n y a otro lo dejar\u00e1n.\u00a0\u00a0Estar\u00e1n dos moliendo juntas: a una se la llevar\u00e1n y a otra la\u00a0dejar\u00e1n.<\/p>\n<p>Ellos le preguntaron:\u00a0\u00bfD\u00f3nde, Se\u00f1or?\u00a0Y les contest\u00f3:\u00a0Donde est\u00e9 el cad\u00e1ver, all\u00ed se reunir\u00e1n los buitres.<\/p>\n<p>&nbsp;<\/p>\n<p><strong>ORATIO<\/strong><\/p>\n<p>&nbsp;<\/p>\n<p>Se\u00f1or, t\u00fa eres el camino, la verdad y la vida. Pero\u00a0\u00a1cu\u00e1ntos sem\u00e1foros en rojo encuentro en mi camino! Por\u00a0eso me aferro a los amigos corno ancla de salvaci\u00f3n; me\u00a0entierro en mis seguridades personales; me vendo a mi\u00a0trabajo; me quedo encantado con lo que brilla; me consagro a mi bienestar; me alineo con la supercher\u00eda de\u00a0los intolerantes; me distraigo con el estruendo de tantas\u00a0mentiras; sigo el traj\u00edn de una vida sin sentido, dictada\u00a0por los que me rodean.<\/p>\n<p>Pero t\u00fa me avisas: reconoce a Dios como origen com\u00fan y como creador para recuperar el sentido de lo sagrado. Reconoce a todo hombre para recuperar tu humanidad, con sus valores de fraternidad, de justicia, de\u00a0libertad. Reconoce la naturaleza como fuerza que hemos\u00a0de respetar sin intentar someterla, explotarla, poseerla o reproducirla en copias cada vez m\u00e1s deste\u00f1idas. S\u00f3lo as\u00ed\u00a0caminar\u00e1s conmigo, y mi llegada te encontrar\u00e1 preparado. S\u00f3lo en sinton\u00eda con los valores del Esp\u00edritu te salvar\u00e1s y la muerte te encontrar\u00e1 preparado.<\/p>\n<p><strong>Mons. Salvador Cisneros<\/strong><\/p>\n<p><strong>Parroquia Santa Teresa de \u00c1vila<\/strong><\/p>\n<p><strong>\u00a0<\/strong><\/p>\n","protected":false},"excerpt":{"rendered":"<p>Evangelio: Lucas 17,26-37 &nbsp; En aquel tiempo, dijo Jes\u00fas a sus disc\u00edpulos: Cuando ven\u00adga el Hijo del hombre suceder\u00e1 lo mismo que en tiempos de\u00a0No\u00e9.\u00a0 Hasta que No\u00e9 entr\u00f3 en el arca, la gente&#46;&#46;&#46;<\/p>\n","protected":false},"author":5,"featured_media":4843,"comment_status":"closed","ping_status":"closed","sticky":false,"template":"","format":"standard","meta":{"_exactmetrics_skip_tracking":false,"_exactmetrics_sitenote_active":false,"_exactmetrics_sitenote_note":"","_exactmetrics_sitenote_category":0,"footnotes":""},"categories":[20],"tags":[63],"class_list":["post-4842","post","type-post","status-publish","format-standard","has-post-thumbnail","hentry","category-evangelio-del-dia","tag-evangelio"],"_links":{"self":[{"href":"https:\/\/iglesiatijuana.org\/web\/wp-json\/wp\/v2\/posts\/4842","targetHints":{"allow":["GET"]}}],"collection":[{"href":"https:\/\/iglesiatijuana.org\/web\/wp-json\/wp\/v2\/posts"}],"about":[{"href":"https:\/\/iglesiatijuana.org\/web\/wp-json\/wp\/v2\/types\/post"}],"author":[{"embeddable":true,"href":"https:\/\/iglesiatijuana.org\/web\/wp-json\/wp\/v2\/users\/5"}],"replies":[{"embeddable":true,"href":"https:\/\/iglesiatijuana.org\/web\/wp-json\/wp\/v2\/comments?post=4842"}],"version-history":[{"count":1,"href":"https:\/\/iglesiatijuana.org\/web\/wp-json\/wp\/v2\/posts\/4842\/revisions"}],"predecessor-version":[{"id":4844,"href":"https:\/\/iglesiatijuana.org\/web\/wp-json\/wp\/v2\/posts\/4842\/revisions\/4844"}],"wp:featuredmedia":[{"embeddable":true,"href":"https:\/\/iglesiatijuana.org\/web\/wp-json\/wp\/v2\/media\/4843"}],"wp:attachment":[{"href":"https:\/\/iglesiatijuana.org\/web\/wp-json\/wp\/v2\/media?parent=4842"}],"wp:term":[{"taxonomy":"category","embeddable":true,"href":"https:\/\/iglesiatijuana.org\/web\/wp-json\/wp\/v2\/categories?post=4842"},{"taxonomy":"post_tag","embeddable":true,"href":"https:\/\/iglesiatijuana.org\/web\/wp-json\/wp\/v2\/tags?post=4842"}],"curies":[{"name":"wp","href":"https:\/\/api.w.org\/{rel}","templated":true}]}}