{"id":4864,"date":"2016-11-17T13:20:39","date_gmt":"2016-11-17T21:20:39","guid":{"rendered":"http:\/\/iglesiatijuana.org\/web\/?p=4864"},"modified":"2016-11-17T13:27:13","modified_gmt":"2016-11-17T21:27:13","slug":"papa-francisco-que-los-ninos-sean-siempre-protegidos-y-se-defienda-su-bienestar","status":"publish","type":"post","link":"https:\/\/iglesiatijuana.org\/web\/papa-francisco-que-los-ninos-sean-siempre-protegidos-y-se-defienda-su-bienestar\/","title":{"rendered":"Papa Francisco: \u201cque los ni\u00f1os sean siempre protegidos y se defienda su bienestar\u201d"},"content":{"rendered":"<p style=\"text-align: justify; background: white;\">\n<p style=\"text-align: justify; background: white;\"><a href=\"http:\/\/iglesiatijuana.org\/web\/wp-content\/uploads\/2016\/11\/PapaFranciscoybeb\u00e9.jpg\" data-rel=\"lightbox-image-0\" data-rl_title=\"\" data-rl_caption=\"\" title=\"\"><img loading=\"lazy\" decoding=\"async\" class=\"alignnone size-medium wp-image-4868\" src=\"http:\/\/iglesiatijuana.org\/web\/wp-content\/uploads\/2016\/11\/PapaFranciscoybeb\u00e9-300x167.jpg\" alt=\"papafranciscoybebe\" width=\"300\" height=\"167\" srcset=\"https:\/\/iglesiatijuana.org\/web\/wp-content\/uploads\/2016\/11\/PapaFranciscoybeb\u00e9-300x167.jpg 300w, https:\/\/iglesiatijuana.org\/web\/wp-content\/uploads\/2016\/11\/PapaFranciscoybeb\u00e9.jpg 680w\" sizes=\"auto, (max-width: 300px) 100vw, 300px\" \/><\/a><\/p>\n<p style=\"text-align: justify; background: white;\"><span style=\"font-family: 'Arial','sans-serif'; color: black;\">El pr\u00f3ximo domingo, 20 de noviembre, se celebra el D\u00eda Mundial de los derechos de la infancia y, con ese motivo, el Papa hizo al final de la catequesis de la audiencia general un llamamiento \u201ca la conciencia de todos, instituciones y familias, para que los ni\u00f1os sean siempre protegidos y se defienda su bienestar, para que no caigan jam\u00e1s en formas de esclavitud, \u00a0de reclutamiento en grupos armados y de malos tratos\u201d.<\/span><\/p>\n<p style=\"text-align: justify; background: white; font-variant-ligatures: normal; font-variant-caps: normal; orphans: 2; widows: 2; -webkit-text-stroke-width: 0px; word-spacing: 0px;\"><span style=\"font-family: 'Arial','sans-serif'; color: black;\">\u201cEspero \u2013dijo Francisco- que la Comunidad internacional vele por su vida garantizando a cada ni\u00f1o y a cada ni\u00f1a el derecho a la escuela y a la educaci\u00f3n para que su crecimiento sea sereno y para que miren con confianza al futuro\u201d.<\/span><\/p>\n","protected":false},"excerpt":{"rendered":"<p>El pr\u00f3ximo domingo, 20 de noviembre, se celebra el D\u00eda Mundial de los derechos de la infancia y, con ese motivo, el Papa hizo al final de la catequesis de la audiencia general un&#46;&#46;&#46;<\/p>\n","protected":false},"author":5,"featured_media":4868,"comment_status":"closed","ping_status":"closed","sticky":false,"template":"","format":"standard","meta":{"_exactmetrics_skip_tracking":false,"_exactmetrics_sitenote_active":false,"_exactmetrics_sitenote_note":"","_exactmetrics_sitenote_category":0,"footnotes":""},"categories":[14],"tags":[],"class_list":["post-4864","post","type-post","status-publish","format-standard","has-post-thumbnail","hentry","category-ultimas-noticias"],"_links":{"self":[{"href":"https:\/\/iglesiatijuana.org\/web\/wp-json\/wp\/v2\/posts\/4864","targetHints":{"allow":["GET"]}}],"collection":[{"href":"https:\/\/iglesiatijuana.org\/web\/wp-json\/wp\/v2\/posts"}],"about":[{"href":"https:\/\/iglesiatijuana.org\/web\/wp-json\/wp\/v2\/types\/post"}],"author":[{"embeddable":true,"href":"https:\/\/iglesiatijuana.org\/web\/wp-json\/wp\/v2\/users\/5"}],"replies":[{"embeddable":true,"href":"https:\/\/iglesiatijuana.org\/web\/wp-json\/wp\/v2\/comments?post=4864"}],"version-history":[{"count":3,"href":"https:\/\/iglesiatijuana.org\/web\/wp-json\/wp\/v2\/posts\/4864\/revisions"}],"predecessor-version":[{"id":4869,"href":"https:\/\/iglesiatijuana.org\/web\/wp-json\/wp\/v2\/posts\/4864\/revisions\/4869"}],"wp:featuredmedia":[{"embeddable":true,"href":"https:\/\/iglesiatijuana.org\/web\/wp-json\/wp\/v2\/media\/4868"}],"wp:attachment":[{"href":"https:\/\/iglesiatijuana.org\/web\/wp-json\/wp\/v2\/media?parent=4864"}],"wp:term":[{"taxonomy":"category","embeddable":true,"href":"https:\/\/iglesiatijuana.org\/web\/wp-json\/wp\/v2\/categories?post=4864"},{"taxonomy":"post_tag","embeddable":true,"href":"https:\/\/iglesiatijuana.org\/web\/wp-json\/wp\/v2\/tags?post=4864"}],"curies":[{"name":"wp","href":"https:\/\/api.w.org\/{rel}","templated":true}]}}