{"id":4902,"date":"2016-11-23T13:17:45","date_gmt":"2016-11-23T21:17:45","guid":{"rendered":"http:\/\/iglesiatijuana.org\/web\/?p=4902"},"modified":"2016-11-23T13:19:11","modified_gmt":"2016-11-23T21:19:11","slug":"primera-visita-pastoral-a-las-parroquias","status":"publish","type":"post","link":"https:\/\/iglesiatijuana.org\/web\/primera-visita-pastoral-a-las-parroquias\/","title":{"rendered":"Primera visita pastoral a las parroquias"},"content":{"rendered":"<p><a href=\"http:\/\/iglesiatijuana.org\/web\/wp-content\/uploads\/2016\/10\/arzovisitapastoraltecate(2).jpg\" data-rel=\"lightbox-image-0\" data-rl_title=\"\" data-rl_caption=\"\" title=\"\"><img loading=\"lazy\" decoding=\"async\" class=\"alignnone size-medium wp-image-4718\" src=\"http:\/\/iglesiatijuana.org\/web\/wp-content\/uploads\/2016\/10\/arzovisitapastoraltecate(2)-300x225.jpg\" alt=\"arzovisitapastoraltecate(2)\" width=\"300\" height=\"225\" srcset=\"https:\/\/iglesiatijuana.org\/web\/wp-content\/uploads\/2016\/10\/arzovisitapastoraltecate(2)-300x225.jpg 300w, https:\/\/iglesiatijuana.org\/web\/wp-content\/uploads\/2016\/10\/arzovisitapastoraltecate(2).jpg 448w\" sizes=\"auto, (max-width: 300px) 100vw, 300px\" \/><\/a><\/p>\n<p>&nbsp;<\/p>\n<p style=\"text-align: justify;\">He concluido las 100 Visitas Pastorales a las Parroquias de nuestra Arquidi\u00f3cesis de Tijuana. Quiero compartirles c\u00f3mo se desarrollaron, hacer una breve valoraci\u00f3n y se\u00f1alar a hacia d\u00f3nde vamos.<\/p>\n<p style=\"text-align: justify;\">Al llegar a cada parroquia, encontr\u00e9 a la comunidad en adoraci\u00f3n frente a Jes\u00fas Sacramentado. Hice con ellos un acto de fe, esperanza y caridad y les di la bendici\u00f3n con el Sant\u00edsimo. De rodillas ante la Hostia Consagrada es la mejor manera de iniciar toda tarea pastoral.<\/p>\n<p style=\"text-align: justify;\">Salud\u00e9 a la comunidad, agradec\u00ed a su p\u00e1rroco que los acompa\u00f1ara pastoralmente en nombre de Cristo Jes\u00fas y de su Obispo, y les expliqu\u00e9 lo que era la Visita Pastoral: el encuentro del obispo diocesano con su pueblo, el encuentro del Buen Pastor con sus ovejas.<\/p>\n<p style=\"text-align: justify;\">Escuch\u00e9 atento el mensaje que cada comunidad prepar\u00f3 y me entreg\u00f3 por escrito e hice un comentario sobre algunos de los puntos que me expusieron. Luego provoqu\u00e9 que participaran espont\u00e1neamente con preguntas, comentarios o sugerencias e hice otra breve reflexi\u00f3n a partir de lo planteado. Al final, les manifest\u00e9 algunas de mis inquietudes pastorales acerca del consejo parroquial de pastoral, el consejo diocesano de laicos, la misi\u00f3n continental permanente, etc.<\/p>\n<p style=\"text-align: justify;\">La Visita Pastoral concluy\u00f3 con la renovaci\u00f3n de las promesas bautismales, ya que mi intenci\u00f3n era confirmarlos en la fe y motivarlos a tomar la decisi\u00f3n de vivir y morir siendo cat\u00f3licos, en esta fe en la que fuimos engendrados por nuestros padres, abuelos y padrinos, que fue la mejor herencia que ellos nos pudieron dejar.<\/p>\n<p style=\"text-align: justify;\">A trav\u00e9s de los presentes, bendije a toda la comunidad parroquial. Al retirarme, salud\u00e9 especialmente a los ni\u00f1os, enfermos y ancianos, mientras abordaba el auto rumbo a la siguiente parroquia. En algunas de ellas me recibieron a las diez de la noche, lo cual me edific\u00f3 grandemente.<\/p>\n<p style=\"text-align: justify;\">Estas Visitas Pastorales me dieron una visi\u00f3n de conjunto de la Di\u00f3cesis. Conoc\u00ed sus templos parroquiales, a donde acuden los fieles a beber como de una fuente, pero sobre todo fui al encuentro de las personas que forman la comunidad parroquial. Todos me recibieron en actitud de fe, reconociendo en la pobreza de mi persona el rostro del Buen Pastor, pues en m\u00ed quer\u00edan ver, o\u00edr y tocar al mismo Cristo.<\/p>\n<p style=\"text-align: justify;\">Tengo en mis manos cada uno de los 100 mensajes que prepar\u00f3 la comunidad parroquial, muchos otros que me entregaron a m\u00ed paso y se tom\u00f3 nota de todas las participaciones espont\u00e1neas en cada parroquia. Adem\u00e1s cuento con las 14 actas de los encuentros decanales con sacerdotes y otros 14 escritos que me presentaron las 1500 catequistas en el Encuentro Diocesano de Catequesis. De todo esto, hice un comentario en su momento, pero ahora retomar\u00e9 esta riqueza de contenidos, de modo que pueda ofrecer un mejor servicio pastoral como su obispo a esta Iglesia particular que me ha sido confiada.<\/p>\n<p style=\"text-align: justify;\">Esta experiencia eclesial fue un tiempo de gracia, en el que pude reconocer la acci\u00f3n del Esp\u00edritu Santo y la respuesta alegre y generosa de sacerdotes, religiosas y laicos. Percibo en todos ellos una gran disposici\u00f3n para caminar juntos como Iglesia, y en esto hay mucha esperanza.<\/p>\n<p>&nbsp;<\/p>\n<p>&nbsp;<\/p>\n<p>+Mons. Francisco Moreno Barr\u00f3n<\/p>\n<p><em>Arzobispo de Tijuana<\/em><\/p>\n<p>&nbsp;<\/p>\n<p>24 de octubre de 2016.<\/p>\n<p><a href=\"http:\/\/iglesiatijuana.org\/web\/wp-content\/uploads\/2016\/09\/visitapastoralcatedral.jpg\" data-rel=\"lightbox-image-1\" data-rl_title=\"\" data-rl_caption=\"\" title=\"\"><img loading=\"lazy\" decoding=\"async\" class=\"alignnone size-medium wp-image-4615\" src=\"http:\/\/iglesiatijuana.org\/web\/wp-content\/uploads\/2016\/09\/visitapastoralcatedral-300x225.jpg\" alt=\"visitapastoralcatedral\" width=\"300\" height=\"225\" srcset=\"https:\/\/iglesiatijuana.org\/web\/wp-content\/uploads\/2016\/09\/visitapastoralcatedral-300x225.jpg 300w, https:\/\/iglesiatijuana.org\/web\/wp-content\/uploads\/2016\/09\/visitapastoralcatedral.jpg 448w\" sizes=\"auto, (max-width: 300px) 100vw, 300px\" \/><\/a><\/p>\n","protected":false},"excerpt":{"rendered":"<p>&nbsp; He concluido las 100 Visitas Pastorales a las Parroquias de nuestra Arquidi\u00f3cesis de Tijuana. Quiero compartirles c\u00f3mo se desarrollaron, hacer una breve valoraci\u00f3n y se\u00f1alar a hacia d\u00f3nde vamos. Al llegar a cada&#46;&#46;&#46;<\/p>\n","protected":false},"author":5,"featured_media":4718,"comment_status":"closed","ping_status":"closed","sticky":false,"template":"","format":"standard","meta":{"_exactmetrics_skip_tracking":false,"_exactmetrics_sitenote_active":false,"_exactmetrics_sitenote_note":"","_exactmetrics_sitenote_category":0,"footnotes":""},"categories":[14],"tags":[],"class_list":["post-4902","post","type-post","status-publish","format-standard","has-post-thumbnail","hentry","category-ultimas-noticias"],"_links":{"self":[{"href":"https:\/\/iglesiatijuana.org\/web\/wp-json\/wp\/v2\/posts\/4902","targetHints":{"allow":["GET"]}}],"collection":[{"href":"https:\/\/iglesiatijuana.org\/web\/wp-json\/wp\/v2\/posts"}],"about":[{"href":"https:\/\/iglesiatijuana.org\/web\/wp-json\/wp\/v2\/types\/post"}],"author":[{"embeddable":true,"href":"https:\/\/iglesiatijuana.org\/web\/wp-json\/wp\/v2\/users\/5"}],"replies":[{"embeddable":true,"href":"https:\/\/iglesiatijuana.org\/web\/wp-json\/wp\/v2\/comments?post=4902"}],"version-history":[{"count":3,"href":"https:\/\/iglesiatijuana.org\/web\/wp-json\/wp\/v2\/posts\/4902\/revisions"}],"predecessor-version":[{"id":4905,"href":"https:\/\/iglesiatijuana.org\/web\/wp-json\/wp\/v2\/posts\/4902\/revisions\/4905"}],"wp:featuredmedia":[{"embeddable":true,"href":"https:\/\/iglesiatijuana.org\/web\/wp-json\/wp\/v2\/media\/4718"}],"wp:attachment":[{"href":"https:\/\/iglesiatijuana.org\/web\/wp-json\/wp\/v2\/media?parent=4902"}],"wp:term":[{"taxonomy":"category","embeddable":true,"href":"https:\/\/iglesiatijuana.org\/web\/wp-json\/wp\/v2\/categories?post=4902"},{"taxonomy":"post_tag","embeddable":true,"href":"https:\/\/iglesiatijuana.org\/web\/wp-json\/wp\/v2\/tags?post=4902"}],"curies":[{"name":"wp","href":"https:\/\/api.w.org\/{rel}","templated":true}]}}