{"id":4951,"date":"2016-11-28T16:08:39","date_gmt":"2016-11-29T00:08:39","guid":{"rendered":"http:\/\/iglesiatijuana.org\/web\/?p=4951"},"modified":"2016-11-28T16:11:23","modified_gmt":"2016-11-29T00:11:23","slug":"el-arzobispo-compartio-con-los-jovenes-en-la-3ra-asamblea-arquidiocesana-de-la-pastoral-juvenil","status":"publish","type":"post","link":"https:\/\/iglesiatijuana.org\/web\/el-arzobispo-compartio-con-los-jovenes-en-la-3ra-asamblea-arquidiocesana-de-la-pastoral-juvenil\/","title":{"rendered":"El Arzobispo comparti\u00f3 con los j\u00f3venes en la 3ra. Asamblea Arquidiocesana de la Pastoral Juvenil"},"content":{"rendered":"<p>&nbsp;<\/p>\n<p style=\"text-align: justify;\">\u00a0 \u00a0<a href=\"http:\/\/iglesiatijuana.org\/web\/wp-content\/uploads\/2016\/11\/IMG_5378.jpg\" data-rel=\"lightbox-image-0\" data-rl_title=\"\" data-rl_caption=\"\" title=\"\"><img loading=\"lazy\" decoding=\"async\" class=\"alignnone size-medium wp-image-4952\" src=\"http:\/\/iglesiatijuana.org\/web\/wp-content\/uploads\/2016\/11\/IMG_5378-300x201.jpg\" alt=\"img_5378\" width=\"300\" height=\"201\" srcset=\"https:\/\/iglesiatijuana.org\/web\/wp-content\/uploads\/2016\/11\/IMG_5378-300x201.jpg 300w, https:\/\/iglesiatijuana.org\/web\/wp-content\/uploads\/2016\/11\/IMG_5378.jpg 448w\" sizes=\"auto, (max-width: 300px) 100vw, 300px\" \/><\/a><\/p>\n<p style=\"text-align: justify;\">Tijuana, B.C.- \u201cEs muy esperanzador que un buen n\u00famero de j\u00f3venes en un encuentro diocesano se entusiasme por vivir su vocaci\u00f3n misionera en la Iglesia, por impulsar una misi\u00f3n joven en nuestra Arquidi\u00f3cesis de Tijuana\u201d, les dijo en la homil\u00eda nuestro Arzobispo, Mons. Francisco Moreno Barr\u00f3n, a los j\u00f3venes que participaron en la 3ra. Asamblea Arquidiocesana de la Pastoral Juvenil.<\/p>\n<p style=\"text-align: justify;\">Tambi\u00e9n mencion\u00f3 que Jesucristo antes de subir al cielo, despu\u00e9s de haber muerto y resucitado, reuni\u00f3 a su peque\u00f1a Iglesia donde se despidi\u00f3 de ellos y les expres\u00f3 lo que m\u00e1s anhelaba su coraz\u00f3n: \u201cvayan por todo el mundo y prediquen el Evangelio\u201d. Y desde entonces la Iglesia es misionera pero que quiz\u00e1 lo hemos descuidado.<\/p>\n<p style=\"text-align: justify;\">\u201cDesde ese d\u00eda de tu bautismo t\u00fa eres un disc\u00edpulo de Jes\u00fas. Vas siguiendo a tu maestro, Se\u00f1or y Salvador Jesucristo\u201d, enfatiz\u00f3 Mons. Moreno Barr\u00f3n.<\/p>\n<p style=\"text-align: justify;\">Destac\u00f3 que por ello nos encontramos continuamente con Jes\u00fas en la eucarist\u00eda, en las Sagradas Escrituras, y as\u00ed como Jesucristo nos conoce as\u00ed nosotros lo queremos conocer cada vez m\u00e1s ya que del conocimiento brota el amor, quien es nuestro modelo perfecto a quien queremos asemejarnos.<\/p>\n<p style=\"text-align: justify;\">Y adem\u00e1s somos misioneros para llevar a Jes\u00fas a los dem\u00e1s, para salir al encuentro de muchos otros porque somos una Arquidi\u00f3cesis misionera. Pero primero teniendo una profunda conversi\u00f3n personal, en nuestros grupos, en nuestra Pastoral Juvenil, etc., y despu\u00e9s llevar a Cristo a los dem\u00e1s primeramente con nuestro testimonio.<\/p>\n<p style=\"text-align: justify;\">\u201cLos j\u00f3venes son los primeros evangelizadores de los otros j\u00f3venes\u2026 La Pastoral Juvenil no puede ser una pastoral light, comodita, mediocre, para pasar el rato\u2026Tu vienes al grupo juvenil a encontrarte con Jes\u00fas en los dem\u00e1s\u201d, mencion\u00f3 el Arzobispo.<\/p>\n<p style=\"text-align: justify;\">Mientras que las aportaciones de los j\u00f3venes fueron que es necesario predicar en las casas, pero como no es f\u00e1cil primero tienen que animar a los j\u00f3venes a ser valientes y vayan a hacer cosas m\u00e1s grandes, a perseverar, a ser felices porque Dios los ama y de esa manera convencer a los dem\u00e1s dando su testimonio.<\/p>\n<p style=\"text-align: justify;\">As\u00ed como escuchando a los dem\u00e1s j\u00f3venes, a organizar un evento multitudinario declarando que aman a Dios y que somos una Iglesia viva, etc.<\/p>\n<p style=\"text-align: justify;\">Y de Tecate les pidieron apoyo porque hay muchos j\u00f3venes que tienen hambre de Dios.<\/p>\n<p><a href=\"http:\/\/iglesiatijuana.org\/web\/wp-content\/uploads\/2016\/11\/IMG_5420.jpg\" data-rel=\"lightbox-image-1\" data-rl_title=\"\" data-rl_caption=\"\" title=\"\"><img loading=\"lazy\" decoding=\"async\" class=\"alignnone size-medium wp-image-4953\" src=\"http:\/\/iglesiatijuana.org\/web\/wp-content\/uploads\/2016\/11\/IMG_5420-300x177.jpg\" alt=\"img_5420\" width=\"300\" height=\"177\" \/><\/a><\/p>\n<p>&nbsp;<\/p>\n<p>&nbsp;<\/p>\n<p>&nbsp;<\/p>\n<p>&nbsp;<\/p>\n<p>&nbsp;<\/p>\n<p>&nbsp;<\/p>\n","protected":false},"excerpt":{"rendered":"<p>&nbsp; \u00a0 \u00a0 Tijuana, B.C.- \u201cEs muy esperanzador que un buen n\u00famero de j\u00f3venes en un encuentro diocesano se entusiasme por vivir su vocaci\u00f3n misionera en la Iglesia, por impulsar una misi\u00f3n joven en&#46;&#46;&#46;<\/p>\n","protected":false},"author":5,"featured_media":4953,"comment_status":"closed","ping_status":"closed","sticky":false,"template":"","format":"standard","meta":{"_exactmetrics_skip_tracking":false,"_exactmetrics_sitenote_active":false,"_exactmetrics_sitenote_note":"","_exactmetrics_sitenote_category":0,"footnotes":""},"categories":[14],"tags":[],"class_list":["post-4951","post","type-post","status-publish","format-standard","has-post-thumbnail","hentry","category-ultimas-noticias"],"_links":{"self":[{"href":"https:\/\/iglesiatijuana.org\/web\/wp-json\/wp\/v2\/posts\/4951","targetHints":{"allow":["GET"]}}],"collection":[{"href":"https:\/\/iglesiatijuana.org\/web\/wp-json\/wp\/v2\/posts"}],"about":[{"href":"https:\/\/iglesiatijuana.org\/web\/wp-json\/wp\/v2\/types\/post"}],"author":[{"embeddable":true,"href":"https:\/\/iglesiatijuana.org\/web\/wp-json\/wp\/v2\/users\/5"}],"replies":[{"embeddable":true,"href":"https:\/\/iglesiatijuana.org\/web\/wp-json\/wp\/v2\/comments?post=4951"}],"version-history":[{"count":2,"href":"https:\/\/iglesiatijuana.org\/web\/wp-json\/wp\/v2\/posts\/4951\/revisions"}],"predecessor-version":[{"id":4955,"href":"https:\/\/iglesiatijuana.org\/web\/wp-json\/wp\/v2\/posts\/4951\/revisions\/4955"}],"wp:featuredmedia":[{"embeddable":true,"href":"https:\/\/iglesiatijuana.org\/web\/wp-json\/wp\/v2\/media\/4953"}],"wp:attachment":[{"href":"https:\/\/iglesiatijuana.org\/web\/wp-json\/wp\/v2\/media?parent=4951"}],"wp:term":[{"taxonomy":"category","embeddable":true,"href":"https:\/\/iglesiatijuana.org\/web\/wp-json\/wp\/v2\/categories?post=4951"},{"taxonomy":"post_tag","embeddable":true,"href":"https:\/\/iglesiatijuana.org\/web\/wp-json\/wp\/v2\/tags?post=4951"}],"curies":[{"name":"wp","href":"https:\/\/api.w.org\/{rel}","templated":true}]}}