{"id":4956,"date":"2016-11-28T16:28:41","date_gmt":"2016-11-29T00:28:41","guid":{"rendered":"http:\/\/iglesiatijuana.org\/web\/?p=4956"},"modified":"2016-11-28T16:29:43","modified_gmt":"2016-11-29T00:29:43","slug":"angelus-adviento-visita-del-senor-a-la-humanidad","status":"publish","type":"post","link":"https:\/\/iglesiatijuana.org\/web\/angelus-adviento-visita-del-senor-a-la-humanidad\/","title":{"rendered":"Angelus: Adviento, visita del Se\u00f1or a la humanidad"},"content":{"rendered":"<p style=\"text-align: justify;\"><a href=\"http:\/\/iglesiatijuana.org\/web\/wp-content\/uploads\/2016\/11\/Francisco-en-Adviento.jpg\" data-rel=\"lightbox-image-0\" data-rl_title=\"\" data-rl_caption=\"\" title=\"\"><img loading=\"lazy\" decoding=\"async\" class=\"alignnone size-medium wp-image-4957\" src=\"http:\/\/iglesiatijuana.org\/web\/wp-content\/uploads\/2016\/11\/Francisco-en-Adviento-300x226.jpg\" alt=\"francisco-en-adviento\" width=\"300\" height=\"226\" \/><\/a><\/p>\n<p style=\"text-align: justify;\">El comienzo del nuevo a\u00f1o lit\u00fargico, es decir el del \u00a0nuevo camino de fe del pueblo de Dios que se abre con el Adviento, fue el tema del \u00e1ngelus dominical del Papa rezado a mediod\u00eda con los miles de fieles presentes en la Plaza de San Pedro.<\/p>\n<p style=\"text-align: justify;\">El Santo Padre record\u00f3 que la p\u00e1gina del evangelio de la liturgia de hoy nos introduce en uno de los temas m\u00e1s sugestivos del tiempo de Adviento: la visita del Se\u00f1or a la humanidad. \u201cComo sabemos, la primera visita \u2013 dijo \u2013 se produjo con la Encarnaci\u00f3n, el nacimiento de Jes\u00fas en la gruta de Bel\u00e9n; la segunda sucede en el presente: el Se\u00f1or nos visita continuamente, cada d\u00eda, camina a nuestro lado y es una presencia de consuelo; al final, llegar\u00e1 la tercera, la \u00faltima visita, que profesamos cada vez que rezamos el Credo: \u201cDe nuevo vendr\u00e1 en la gloria para juzgar a los vivos y a los muertos\u201d. El Se\u00f1or nos habla hoy de esta \u00faltima visita, la que se producir\u00e1 al final de los tiempos, y nos dice d\u00f3nde llegar\u00e1 nuestro camino\u201d.<\/p>\n<p style=\"text-align: justify;\">\u201cLa Palabra de Dios \u2013prosigui\u00f3- pone de relieve el contraste entre el desarrollo normal de las cosas, la rutina cotidiana, y la venida improvisa del Se\u00f1or. Dice Jes\u00fas: \u201cEn los d\u00edas que precedieron al diluvio, la gente com\u00eda, beb\u00eda y se casaba, hasta que No\u00e9 entr\u00f3 en el arca; y no sospechaban nada, hasta que lleg\u00f3 el diluvio y los arrastr\u00f3 a todos\u201d. Nos sorprende siempre pensar en las horas que preceden una gran calamidad: todos est\u00e1n tranquilos, hacen las cosas habituales sin darse cuenta de que su vida est\u00e1 a punto de trastornarse. Ciertamente el Evangelio no quiere atemorizarnos, sino abrir nuestro horizonte a la dimensi\u00f3n ulterior, m\u00e1s grande, que por una parte relativiza las cosas de cada d\u00eda, pero al mismo tiempo las hace preciosas, decisivas. La relaci\u00f3n con el Dios-que-viene-a-visitarnos da a cada gesto, a cada cosa una luz diversa, un espesor, un valor simb\u00f3lico\u201d.<\/p>\n<p style=\"text-align: justify;\">\u201cDesde esta perspectiva llega tambi\u00e9n una invitaci\u00f3n a la sobriedad, a no dejarse dominar por las cosas de este mundo, por las realidades materiales, sino m\u00e1s bien a gobernarlas. Si, por el contrario, nos dejamos condicionar y arrollar por ellas, no podemos percibir que hay algo muy importante: nuestro encuentro final con el Se\u00f1or. Y esto es lo importante. Eso, aquel encuentro. Y las cosas de cada d\u00eda deben tener este horizonte, deben encaminarse hacia ese horizonte. Este encuentro con el Se\u00f1or que viene por nosotros. En aquel momento, como dice el Evangelio, \u201cDe dos hombres que est\u00e9n en el campo, uno ser\u00e1 llevado y el otro dejado\u201d. Es una invitaci\u00f3n a la vigilancia, porque \u00a0como no sabemos cu\u00e1ndo \u00c9l vendr\u00e1, hay que estar siempre listos para partir\u201d.<\/p>\n<p style=\"text-align: justify;\">\u201cEn este tiempo de Adviento, estamos llamados a ensanchar el horizonte de nuestro coraz\u00f3n, a dejarnos sorprender por la vida que se presenta cada d\u00eda con sus novedades. Para ello es necesario aprender a no depender de nuestras seguridades, de nuestros esquemas consolidados, porque el Se\u00f1or viene en la hora en que no lo imaginamos. Viene para introducirnos en una dimensi\u00f3n m\u00e1s bella y m\u00e1s grande\u201d.<\/p>\n<p style=\"text-align: justify;\">\u201c\u00a1Que Nuestra Se\u00f1ora, Virgen del Adviento \u2013termin\u00f3- \u00a0nos ayude a no considerarnos propietarios de nuestra vida, a no oponer resistencia cuando el Se\u00f1or viene para cambiarla, sino a estar preparados para dejarnos visitar por \u00c9l, hu\u00e9sped esperado y grato incluso si trastorna nuestros planes!\u201d.<\/p>\n<p>&nbsp;<\/p>\n","protected":false},"excerpt":{"rendered":"<p>El comienzo del nuevo a\u00f1o lit\u00fargico, es decir el del \u00a0nuevo camino de fe del pueblo de Dios que se abre con el Adviento, fue el tema del \u00e1ngelus dominical del Papa rezado a&#46;&#46;&#46;<\/p>\n","protected":false},"author":5,"featured_media":4957,"comment_status":"closed","ping_status":"closed","sticky":false,"template":"","format":"standard","meta":{"_exactmetrics_skip_tracking":false,"_exactmetrics_sitenote_active":false,"_exactmetrics_sitenote_note":"","_exactmetrics_sitenote_category":0,"footnotes":""},"categories":[14],"tags":[],"class_list":["post-4956","post","type-post","status-publish","format-standard","has-post-thumbnail","hentry","category-ultimas-noticias"],"_links":{"self":[{"href":"https:\/\/iglesiatijuana.org\/web\/wp-json\/wp\/v2\/posts\/4956","targetHints":{"allow":["GET"]}}],"collection":[{"href":"https:\/\/iglesiatijuana.org\/web\/wp-json\/wp\/v2\/posts"}],"about":[{"href":"https:\/\/iglesiatijuana.org\/web\/wp-json\/wp\/v2\/types\/post"}],"author":[{"embeddable":true,"href":"https:\/\/iglesiatijuana.org\/web\/wp-json\/wp\/v2\/users\/5"}],"replies":[{"embeddable":true,"href":"https:\/\/iglesiatijuana.org\/web\/wp-json\/wp\/v2\/comments?post=4956"}],"version-history":[{"count":1,"href":"https:\/\/iglesiatijuana.org\/web\/wp-json\/wp\/v2\/posts\/4956\/revisions"}],"predecessor-version":[{"id":4958,"href":"https:\/\/iglesiatijuana.org\/web\/wp-json\/wp\/v2\/posts\/4956\/revisions\/4958"}],"wp:featuredmedia":[{"embeddable":true,"href":"https:\/\/iglesiatijuana.org\/web\/wp-json\/wp\/v2\/media\/4957"}],"wp:attachment":[{"href":"https:\/\/iglesiatijuana.org\/web\/wp-json\/wp\/v2\/media?parent=4956"}],"wp:term":[{"taxonomy":"category","embeddable":true,"href":"https:\/\/iglesiatijuana.org\/web\/wp-json\/wp\/v2\/categories?post=4956"},{"taxonomy":"post_tag","embeddable":true,"href":"https:\/\/iglesiatijuana.org\/web\/wp-json\/wp\/v2\/tags?post=4956"}],"curies":[{"name":"wp","href":"https:\/\/api.w.org\/{rel}","templated":true}]}}