{"id":4959,"date":"2016-11-29T09:39:36","date_gmt":"2016-11-29T17:39:36","guid":{"rendered":"http:\/\/iglesiatijuana.org\/web\/?p=4959"},"modified":"2016-11-29T09:39:36","modified_gmt":"2016-11-29T17:39:36","slug":"yo-te-alabo-padre-senor-del-cielo-y-de-la-tierra-porque-has-ocultado-estas-cosas-a-los-sabios-y-prudentes-y-se-las-has-dado-a-conocer-a-los-sencillos","status":"publish","type":"post","link":"https:\/\/iglesiatijuana.org\/web\/yo-te-alabo-padre-senor-del-cielo-y-de-la-tierra-porque-has-ocultado-estas-cosas-a-los-sabios-y-prudentes-y-se-las-has-dado-a-conocer-a-los-sencillos\/","title":{"rendered":"Yo te alabo, Padre, Se\u00f1or del cielo y de la tierra, porque has ocultado estas cosas a los sabios y prudentes y se las has dado a conocer a los sencillos"},"content":{"rendered":"<p style=\"text-align: justify;\"><a href=\"http:\/\/iglesiatijuana.org\/web\/wp-content\/uploads\/2016\/11\/Jesusorando.jpg\" data-rel=\"lightbox-image-0\" data-rl_title=\"\" data-rl_caption=\"\" title=\"\"><img loading=\"lazy\" decoding=\"async\" class=\"alignnone size-medium wp-image-4960\" src=\"http:\/\/iglesiatijuana.org\/web\/wp-content\/uploads\/2016\/11\/Jesusorando-231x300.jpg\" alt=\"jesusorando\" width=\"231\" height=\"300\" \/><\/a><\/p>\n<p style=\"text-align: justify;\">La Palabra de Dios proclamada en adviento resume las esperas y b\u00fasquedas del hombre iluminando cuanto se agita en el coraz\u00f3n y en la mente del hombre; invita a perseverar en la espera y, a la vez, anuncia el cumplimiento de esta espera.<\/p>\n<p><strong>\u00a0<\/strong><\/p>\n<p><strong>Evangelio: Lucas 10,21-24<\/strong><\/p>\n<p>&nbsp;<\/p>\n<p style=\"text-align: justify;\">En aquel momento, el Esp\u00edritu Santo llen\u00f3 de alegr\u00eda a Jes\u00fas, que dijo: -Yo te alabo, Padre, Se\u00f1or del cielo y de la tierra, porque has ocultado estas cosas a los sabios y prudentes y se las has dado a conocer a los sencillos. S\u00ed, Padre, as\u00ed te ha parecido bien. Todo me lo ha entregado mi Padre, y nadie conoce qui\u00e9n es el Hijo, sino el Padre; y qui\u00e9n es el Padre, sino el Hijo y aqu\u00e9l a quien el Hijo se lo quiera revelar. Volvi\u00e9ndose despu\u00e9s a los disc\u00edpulos, les dijo en privado: Dichosos los ojos que ven lo que ustedes ven. Porque les digo que muchos profetas y reyes quisieron ver lo que ustedes ven y no lo vieron, y o\u00edr lo que ustedes oyen y no lo oyeron.<\/p>\n<p style=\"text-align: justify;\"><strong>\u00a0<\/strong><\/p>\n<p style=\"text-align: justify;\"><strong>ORATIO<\/strong><\/p>\n<p style=\"text-align: justify;\"><em>\u00a0<\/em><\/p>\n<p style=\"text-align: justify;\"><em>Se\u00f1or Jes\u00fas,\u00a0<\/em>renuevo de Jes\u00e9, el Padre ha posado sobre ti el Esp\u00edritu.\u00a0<em>Derrama en nosotros el Esp\u00edritu\u00a0<\/em>que nos gu\u00ede en la b\u00fasqueda de la verdadera sabidur\u00eda para saber vivir bien y lograr la felicidad verdadera.<\/p>\n<p style=\"text-align: justify;\"><em>Derrama en nosotros tu Esp\u00edritu,\u00a0<\/em>para que nos conceda el comprender nuestra historia en el plan de Dios Padre.<\/p>\n<p style=\"text-align: justify;\"><em>Derrama en nosotros el Esp\u00edritu de consejo y valent\u00eda,\u00a0<\/em>para poder tomar decisiones juiciosas y concretizarlas en hechos con perseverancia, paciencia y tenacidad.<\/p>\n<p style=\"text-align: justify;\"><em>Derrama en nosotros el Esp\u00edritu de conocimiento,\u00a0<\/em>para poder tener contigo una profunda familiaridad que nos permita penetrar los secretos de tu coraz\u00f3n manso y humilde.<\/p>\n<p style=\"text-align: justify;\"><em>Derrama en nosotros el Esp\u00edritu del temor del Se\u00f1or,\u00a0<\/em>para que la voluntad del Padre sea verdaderamente el centro de nuestros pensamientos, deseos y proyectos.<\/p>\n<p style=\"text-align: justify;\"><em>Derrama en nosotros el Esp\u00edritu\u00a0<\/em>con el que revelas al Padre a los peque\u00f1os, a los pobres, para que nos haga pobres, gozosos y libres a imitaci\u00f3n tuya, el Hijo que nos colma de alegr\u00eda.<\/p>\n<p style=\"text-align: justify;\">\n<p><strong>Mons. Salvador Cisneros<\/strong><\/p>\n<p><strong>Parroquia Santa Teresa de \u00c1vila<\/strong><\/p>\n<p>&nbsp;<\/p>\n","protected":false},"excerpt":{"rendered":"<p>La Palabra de Dios proclamada en adviento resume las esperas y b\u00fasquedas del hombre iluminando cuanto se agita en el coraz\u00f3n y en la mente del hombre; invita a perseverar en la espera y,&#46;&#46;&#46;<\/p>\n","protected":false},"author":5,"featured_media":4960,"comment_status":"closed","ping_status":"closed","sticky":false,"template":"","format":"standard","meta":{"_exactmetrics_skip_tracking":false,"_exactmetrics_sitenote_active":false,"_exactmetrics_sitenote_note":"","_exactmetrics_sitenote_category":0,"footnotes":""},"categories":[10],"tags":[],"class_list":["post-4959","post","type-post","status-publish","format-standard","has-post-thumbnail","hentry","category-evangelio"],"_links":{"self":[{"href":"https:\/\/iglesiatijuana.org\/web\/wp-json\/wp\/v2\/posts\/4959","targetHints":{"allow":["GET"]}}],"collection":[{"href":"https:\/\/iglesiatijuana.org\/web\/wp-json\/wp\/v2\/posts"}],"about":[{"href":"https:\/\/iglesiatijuana.org\/web\/wp-json\/wp\/v2\/types\/post"}],"author":[{"embeddable":true,"href":"https:\/\/iglesiatijuana.org\/web\/wp-json\/wp\/v2\/users\/5"}],"replies":[{"embeddable":true,"href":"https:\/\/iglesiatijuana.org\/web\/wp-json\/wp\/v2\/comments?post=4959"}],"version-history":[{"count":1,"href":"https:\/\/iglesiatijuana.org\/web\/wp-json\/wp\/v2\/posts\/4959\/revisions"}],"predecessor-version":[{"id":4961,"href":"https:\/\/iglesiatijuana.org\/web\/wp-json\/wp\/v2\/posts\/4959\/revisions\/4961"}],"wp:featuredmedia":[{"embeddable":true,"href":"https:\/\/iglesiatijuana.org\/web\/wp-json\/wp\/v2\/media\/4960"}],"wp:attachment":[{"href":"https:\/\/iglesiatijuana.org\/web\/wp-json\/wp\/v2\/media?parent=4959"}],"wp:term":[{"taxonomy":"category","embeddable":true,"href":"https:\/\/iglesiatijuana.org\/web\/wp-json\/wp\/v2\/categories?post=4959"},{"taxonomy":"post_tag","embeddable":true,"href":"https:\/\/iglesiatijuana.org\/web\/wp-json\/wp\/v2\/tags?post=4959"}],"curies":[{"name":"wp","href":"https:\/\/api.w.org\/{rel}","templated":true}]}}