{"id":4994,"date":"2016-12-05T15:52:31","date_gmt":"2016-12-05T23:52:31","guid":{"rendered":"http:\/\/iglesiatijuana.org\/web\/?p=4994"},"modified":"2016-12-05T15:52:31","modified_gmt":"2016-12-05T23:52:31","slug":"el-arzobispo-celebro-la-eucaristia-por-el-xxv-aniversario-de-anspac","status":"publish","type":"post","link":"https:\/\/iglesiatijuana.org\/web\/el-arzobispo-celebro-la-eucaristia-por-el-xxv-aniversario-de-anspac\/","title":{"rendered":"El Arzobispo celebr\u00f3 la Eucarist\u00eda por el XXV aniversario de ANSPAC"},"content":{"rendered":"<p style=\"text-align: justify;\">\u00a0 \u00a0 <a href=\"http:\/\/iglesiatijuana.org\/web\/wp-content\/uploads\/2016\/12\/ArzobispoAnspac.jpg\" data-rel=\"lightbox-image-0\" data-rl_title=\"\" data-rl_caption=\"\" title=\"\"><img loading=\"lazy\" decoding=\"async\" class=\"alignnone size-medium wp-image-4995\" src=\"http:\/\/iglesiatijuana.org\/web\/wp-content\/uploads\/2016\/12\/ArzobispoAnspac-300x175.jpg\" alt=\"arzobispoanspac\" width=\"300\" height=\"175\" srcset=\"https:\/\/iglesiatijuana.org\/web\/wp-content\/uploads\/2016\/12\/ArzobispoAnspac-300x175.jpg 300w, https:\/\/iglesiatijuana.org\/web\/wp-content\/uploads\/2016\/12\/ArzobispoAnspac-768x448.jpg 768w, https:\/\/iglesiatijuana.org\/web\/wp-content\/uploads\/2016\/12\/ArzobispoAnspac.jpg 960w\" sizes=\"auto, (max-width: 300px) 100vw, 300px\" \/><\/a><\/p>\n<p style=\"text-align: justify;\">\u00a0 \u00a0 \u00a0 \u00a0Tijuana, B.C.- ANSPAC (Asociaci\u00f3n Nacional Pro Superaci\u00f3n Personal A.C.) festej\u00f3 su XXV aniversario de trabajar en la formaci\u00f3n de las mujeres, y nuestro Arzobispo, Mons. Francisco Moreno Barr\u00f3n, presidi\u00f3 la celebraci\u00f3n eucar\u00edstica de acci\u00f3n de gracias.<\/p>\n<p style=\"text-align: justify;\">\u00a0\u00a0\u00a0\u00a0\u00a0\u00a0\u00a0\u00a0\u00a0 \u201cRealmente quien ha de darle sentido a nuestra vida, quien ha de inspirar todo lo que somos ahora es Cristo Jes\u00fas. La Virgen de Guadalupe nos dice \u00e1branle su coraz\u00f3n a Cristo. Ojal\u00e1 que cada una de ustedes le abra su coraz\u00f3n a Cristo bajo el cuidado, la ense\u00f1anza, el acompa\u00f1amiento de la Virgen de Guadalupe. Ustedes como mujeres son muy sensibles al sentido de la vida, son muy sensibles a lo que significa la maternidad. Ustedes como mujeres son muy sensibles a vivir una espiritualidad muy especial, experimentar a Dios y los valores sobrenaturales por su misma condici\u00f3n, inspiradas en la Virgen de Guadalupe \u00e1branle su coraz\u00f3n a Cristo y que las actividades que realizan al final de cuentas lleven a cada mujer al encuentro con Cristo, como Se\u00f1or y Salvador\u201d, invita el Arzobispo<\/p>\n<p style=\"text-align: justify;\">\u00a0\u00a0\u00a0\u00a0\u00a0\u00a0\u00a0\u00a0\u00a0 Y les coment\u00f3 que nunca van solas, sino que ser\u00e1n acompa\u00f1adas por la Virgen de Guadalupe aconsej\u00e1ndolas en su caminar.<\/p>\n<p style=\"text-align: justify;\">\u00a0\u00a0\u00a0\u00a0\u00a0\u00a0\u00a0\u00a0\u00a0 Tambi\u00e9n les agradeci\u00f3 por su trabajo a favor de los dem\u00e1s y las invit\u00f3 a pedir perd\u00f3n por alguna limitaci\u00f3n que hayan tenido, pero sobre todo que se abran a la esperanza de un ma\u00f1ana mejor. Y que le ofrezcan a Dios su futuro inmediato.<\/p>\n<p style=\"text-align: justify;\">\u00a0\u00a0\u00a0\u00a0\u00a0\u00a0\u00a0\u00a0\u00a0 \u201cCu\u00e1nto bien han hecho, pero sobre todo cu\u00e1nto bien puede hace ANSPAC. Hoy particularmente en estos tiempos que nos ha tocado vivir en que tanto se ha atacado la dignidad de la mujer, en este tiempo dif\u00edcil que nos ha tocado vivir en que muchas mujeres lastimosamente han perdido su identidad de mujeres. En este tiempo en que parece que no quisi\u00e9ramos distinguir entre hombres y mujeres, sino vivir un estilo de vida novedoso para ir al frente de estas iniciativas que en otros pa\u00edses ya pasaron de moda. En realidad M\u00e9xico tiene una fuerte conciencia de ser un pueblo guadalupano que ama a la Virgen de Guadalupe. Pid\u00e1mosle que ella interceda por todas las mujeres, m\u00e1s all\u00e1 de las que ustedes tocan con su amor en ANSPAC, por todas las mujeres particularmente de M\u00e9xico para que se sientan felices de su condici\u00f3n de mujer, que se realicen en la vocaci\u00f3n a la que Dios las vaya llamando\u201d, dijo Mons. Moreno Barr\u00f3n.<\/p>\n<p style=\"text-align: justify;\">\u00a0\u00a0\u00a0\u00a0\u00a0\u00a0\u00a0\u00a0\u00a0 Y las invit\u00f3 a participar en la construcci\u00f3n de una nueva Iglesia y sociedad, imitando a la Virgen de Guadalupe, dejando huella, y les dese\u00f3 que sean muy felices con sus familias.<\/p>\n<p style=\"text-align: justify;\">\u00a0\u00a0\u00a0\u00a0\u00a0\u00a0\u00a0\u00a0\u00a0 La Santa Misa se llev\u00f3 a cabo en la Parroquia Nuestra Se\u00f1ora de Guadalupe, zona r\u00edo el s\u00e1bado 3 de diciembre a las 11:00 a.m.<\/p>\n<p><a href=\"http:\/\/iglesiatijuana.org\/web\/wp-content\/uploads\/2016\/12\/ArzoAnspac-2.jpg\" data-rel=\"lightbox-image-1\" data-rl_title=\"\" data-rl_caption=\"\" title=\"\"><img loading=\"lazy\" decoding=\"async\" class=\"alignnone size-medium wp-image-4996\" src=\"http:\/\/iglesiatijuana.org\/web\/wp-content\/uploads\/2016\/12\/ArzoAnspac-2-300x225.jpg\" alt=\"arzoanspac-2\" width=\"300\" height=\"225\" srcset=\"https:\/\/iglesiatijuana.org\/web\/wp-content\/uploads\/2016\/12\/ArzoAnspac-2-300x225.jpg 300w, https:\/\/iglesiatijuana.org\/web\/wp-content\/uploads\/2016\/12\/ArzoAnspac-2-768x576.jpg 768w, https:\/\/iglesiatijuana.org\/web\/wp-content\/uploads\/2016\/12\/ArzoAnspac-2.jpg 960w\" sizes=\"auto, (max-width: 300px) 100vw, 300px\" \/><\/a><\/p>\n","protected":false},"excerpt":{"rendered":"<p>\u00a0 \u00a0 \u00a0 \u00a0 \u00a0 \u00a0Tijuana, B.C.- ANSPAC (Asociaci\u00f3n Nacional Pro Superaci\u00f3n Personal A.C.) festej\u00f3 su XXV aniversario de trabajar en la formaci\u00f3n de las mujeres, y nuestro Arzobispo, Mons. Francisco Moreno Barr\u00f3n, presidi\u00f3&#46;&#46;&#46;<\/p>\n","protected":false},"author":5,"featured_media":4995,"comment_status":"closed","ping_status":"closed","sticky":false,"template":"","format":"standard","meta":{"_exactmetrics_skip_tracking":false,"_exactmetrics_sitenote_active":false,"_exactmetrics_sitenote_note":"","_exactmetrics_sitenote_category":0,"footnotes":""},"categories":[14],"tags":[],"class_list":["post-4994","post","type-post","status-publish","format-standard","has-post-thumbnail","hentry","category-ultimas-noticias"],"_links":{"self":[{"href":"https:\/\/iglesiatijuana.org\/web\/wp-json\/wp\/v2\/posts\/4994","targetHints":{"allow":["GET"]}}],"collection":[{"href":"https:\/\/iglesiatijuana.org\/web\/wp-json\/wp\/v2\/posts"}],"about":[{"href":"https:\/\/iglesiatijuana.org\/web\/wp-json\/wp\/v2\/types\/post"}],"author":[{"embeddable":true,"href":"https:\/\/iglesiatijuana.org\/web\/wp-json\/wp\/v2\/users\/5"}],"replies":[{"embeddable":true,"href":"https:\/\/iglesiatijuana.org\/web\/wp-json\/wp\/v2\/comments?post=4994"}],"version-history":[{"count":1,"href":"https:\/\/iglesiatijuana.org\/web\/wp-json\/wp\/v2\/posts\/4994\/revisions"}],"predecessor-version":[{"id":4997,"href":"https:\/\/iglesiatijuana.org\/web\/wp-json\/wp\/v2\/posts\/4994\/revisions\/4997"}],"wp:featuredmedia":[{"embeddable":true,"href":"https:\/\/iglesiatijuana.org\/web\/wp-json\/wp\/v2\/media\/4995"}],"wp:attachment":[{"href":"https:\/\/iglesiatijuana.org\/web\/wp-json\/wp\/v2\/media?parent=4994"}],"wp:term":[{"taxonomy":"category","embeddable":true,"href":"https:\/\/iglesiatijuana.org\/web\/wp-json\/wp\/v2\/categories?post=4994"},{"taxonomy":"post_tag","embeddable":true,"href":"https:\/\/iglesiatijuana.org\/web\/wp-json\/wp\/v2\/tags?post=4994"}],"curies":[{"name":"wp","href":"https:\/\/api.w.org\/{rel}","templated":true}]}}