{"id":5243,"date":"2017-02-14T11:05:42","date_gmt":"2017-02-14T19:05:42","guid":{"rendered":"http:\/\/iglesiatijuana.org\/web\/?p=5243"},"modified":"2017-02-14T11:05:42","modified_gmt":"2017-02-14T19:05:42","slug":"por-que-comentan-que-no-tienen-pan","status":"publish","type":"post","link":"https:\/\/iglesiatijuana.org\/web\/por-que-comentan-que-no-tienen-pan\/","title":{"rendered":"\u00bfPor qu\u00e9 comentan que no tienen pan?"},"content":{"rendered":"<p><a href=\"http:\/\/iglesiatijuana.org\/web\/wp-content\/uploads\/2017\/01\/Jesus-y-Juan-e1483552652227.jpg\" data-rel=\"lightbox-image-0\" data-rl_title=\"\" data-rl_caption=\"\" title=\"\"><img loading=\"lazy\" decoding=\"async\" class=\"alignnone size-medium wp-image-5076\" src=\"http:\/\/iglesiatijuana.org\/web\/wp-content\/uploads\/2017\/01\/Jesus-y-Juan-e1483552652227-300x230.jpg\" alt=\"jesus-y-juan\" width=\"300\" height=\"230\" srcset=\"https:\/\/iglesiatijuana.org\/web\/wp-content\/uploads\/2017\/01\/Jesus-y-Juan-e1483552652227-300x230.jpg 300w, https:\/\/iglesiatijuana.org\/web\/wp-content\/uploads\/2017\/01\/Jesus-y-Juan-e1483552652227.jpg 411w\" sizes=\"auto, (max-width: 300px) 100vw, 300px\" \/><\/a><\/p>\n<p><strong>Lectura<\/strong><\/p>\n<p><strong>Evangelio seg\u00fan San Marcos\u00a0<\/strong><strong>8, 14-21:<\/strong><\/p>\n<p style=\"text-align: justify;\">\u201cEn aquel tiempo, a los disc\u00edpulos de Jes\u00fas se les olvid\u00f3 llevar pan, y no ten\u00edan m\u00e1s que un pan en la barca. Jes\u00fas les hizo esta reflexi\u00f3n: &#8220;Tengan cuidado con la levadura de los fariseos y con la de Herodes&#8221;. Ellos comentaron: tal vez lo dice porque no tenemos pan. Pero Jes\u00fas, d\u00e1ndose cuen\u00adta de ello, les a\u00f1adi\u00f3: &#8220;\u00bfPor qu\u00e9 comentan que no tienen pan? \u00bfNo acaban de entender lo que digo? D\u00edganme: \u00bfcu\u00e1ntos cestos de sobras recogieron cuando repart\u00ed cinco panes entre cinco mil hombres? Le respondieron: Siete. \u00c9l a\u00f1adi\u00f3: \u00bfY a\u00fan no logran entender?&#8221;<\/p>\n<p style=\"text-align: justify;\">\n<p style=\"text-align: justify;\"><strong>REFLEXI\u00d3N<\/strong><\/p>\n<p style=\"text-align: justify;\">A partir de un episodio sin importancia -los disc\u00edpulos se han olvidado de llevar suficientes panes- Jes\u00fas les da una lecci\u00f3n sobre la levadura que han de evitar. Jes\u00fas quiere que sus disc\u00edpulos eviten la levadura de los fariseos y de Herodes. El aviso es para nosotros, ante todo en nuestra vida personal. Una actitud interior de envidia, de rencor, de ego\u00edsmo, puede estropear toda nuestra conducta. En los fariseos esta levadura mala pod\u00eda ser la hipocres\u00eda o el legalismo, en Herodes el sensualismo o la superficialidad interesada: \u00bfcu\u00e1l es esa levadura mala que hay dentro de nosotros y que corrompe todo lo que miramos, decimos y hacemos? Al contrario, cuando dentro hay fe y amor, todo queda transformado por esa levadura interior buena. Los actos visibles tienen una ra\u00edz en nuestra mentalidad y en nuestro coraz\u00f3n:<\/p>\n<p>&nbsp;<\/p>\n<p><strong>ORATIO<\/strong><\/p>\n<p>Se\u00f1or, t\u00fa has visto nuestro coraz\u00f3n:<\/p>\n<p>en \u00e9l no hay m\u00e1s que mal todo el d\u00eda.<\/p>\n<p>Has sumergido en el bautismo<\/p>\n<p>todo el mal que llevamos dentro,<\/p>\n<p>pero nuestro coraz\u00f3n vuelve a empezar<\/p>\n<p>desde el principio, a elaborar designios malvados.<\/p>\n<p>En el arca de anta\u00f1o, en la barca de hoy,<\/p>\n<p>no tenemos otro dique<\/p>\n<p>contra el diluvio de los pensamientos<\/p>\n<p>que el coraz\u00f3n de Jes\u00fas,<\/p>\n<p>\u00fanico pan necesario.<\/p>\n<p>&nbsp;<\/p>\n<p><strong>Mons. Salvador Cisneros<\/strong><\/p>\n<p><strong>Parroquia Santa Teresa de \u00c1vila<\/strong><\/p>\n<p>&nbsp;<\/p>\n","protected":false},"excerpt":{"rendered":"<p>Lectura Evangelio seg\u00fan San Marcos\u00a08, 14-21: \u201cEn aquel tiempo, a los disc\u00edpulos de Jes\u00fas se les olvid\u00f3 llevar pan, y no ten\u00edan m\u00e1s que un pan en la barca. Jes\u00fas les hizo esta reflexi\u00f3n:&#46;&#46;&#46;<\/p>\n","protected":false},"author":5,"featured_media":5076,"comment_status":"closed","ping_status":"closed","sticky":false,"template":"","format":"standard","meta":{"_exactmetrics_skip_tracking":false,"_exactmetrics_sitenote_active":false,"_exactmetrics_sitenote_note":"","_exactmetrics_sitenote_category":0,"footnotes":""},"categories":[10],"tags":[],"class_list":["post-5243","post","type-post","status-publish","format-standard","has-post-thumbnail","hentry","category-evangelio"],"_links":{"self":[{"href":"https:\/\/iglesiatijuana.org\/web\/wp-json\/wp\/v2\/posts\/5243","targetHints":{"allow":["GET"]}}],"collection":[{"href":"https:\/\/iglesiatijuana.org\/web\/wp-json\/wp\/v2\/posts"}],"about":[{"href":"https:\/\/iglesiatijuana.org\/web\/wp-json\/wp\/v2\/types\/post"}],"author":[{"embeddable":true,"href":"https:\/\/iglesiatijuana.org\/web\/wp-json\/wp\/v2\/users\/5"}],"replies":[{"embeddable":true,"href":"https:\/\/iglesiatijuana.org\/web\/wp-json\/wp\/v2\/comments?post=5243"}],"version-history":[{"count":1,"href":"https:\/\/iglesiatijuana.org\/web\/wp-json\/wp\/v2\/posts\/5243\/revisions"}],"predecessor-version":[{"id":5244,"href":"https:\/\/iglesiatijuana.org\/web\/wp-json\/wp\/v2\/posts\/5243\/revisions\/5244"}],"wp:featuredmedia":[{"embeddable":true,"href":"https:\/\/iglesiatijuana.org\/web\/wp-json\/wp\/v2\/media\/5076"}],"wp:attachment":[{"href":"https:\/\/iglesiatijuana.org\/web\/wp-json\/wp\/v2\/media?parent=5243"}],"wp:term":[{"taxonomy":"category","embeddable":true,"href":"https:\/\/iglesiatijuana.org\/web\/wp-json\/wp\/v2\/categories?post=5243"},{"taxonomy":"post_tag","embeddable":true,"href":"https:\/\/iglesiatijuana.org\/web\/wp-json\/wp\/v2\/tags?post=5243"}],"curies":[{"name":"wp","href":"https:\/\/api.w.org\/{rel}","templated":true}]}}