{"id":5252,"date":"2017-02-15T12:24:34","date_gmt":"2017-02-15T20:24:34","guid":{"rendered":"http:\/\/iglesiatijuana.org\/web\/?p=5252"},"modified":"2017-02-15T12:25:23","modified_gmt":"2017-02-15T20:25:23","slug":"discurso-del-santo-padre-francsico-a-los-participantes-en-el-iii-foro-de-los-pueblos-indigenas","status":"publish","type":"post","link":"https:\/\/iglesiatijuana.org\/web\/discurso-del-santo-padre-francsico-a-los-participantes-en-el-iii-foro-de-los-pueblos-indigenas\/","title":{"rendered":"Discurso del Santo Padre Francisco a los participantes en el III Foro de los pueblos ind\u00edgenas"},"content":{"rendered":"<p>DISCURSO DEL SANTO PADRE FRANCISCO\u00a0 A\u00a0LOS PARTICIPANTES EN EL III FORO DE LOS PUEBLOS IND\u00cdGENAS\u00a0CONVOCADO POR EL FONDO INTERNACIONAL DE DESARROLLO AGR\u00cdCOLA (FIDA)<\/p>\n<p><a href=\"http:\/\/iglesiatijuana.org\/web\/wp-content\/uploads\/2017\/02\/PapaFranciscoeindigenas.jpeg\" data-rel=\"lightbox-image-0\" data-rl_title=\"\" data-rl_caption=\"\" title=\"\"><img loading=\"lazy\" decoding=\"async\" class=\"alignnone size-medium wp-image-5253\" src=\"http:\/\/iglesiatijuana.org\/web\/wp-content\/uploads\/2017\/02\/PapaFranciscoeindigenas-300x200.jpeg\" alt=\"PapaFranciscoeindigenas\" width=\"300\" height=\"200\" srcset=\"https:\/\/iglesiatijuana.org\/web\/wp-content\/uploads\/2017\/02\/PapaFranciscoeindigenas-300x200.jpeg 300w, https:\/\/iglesiatijuana.org\/web\/wp-content\/uploads\/2017\/02\/PapaFranciscoeindigenas-768x512.jpeg 768w, https:\/\/iglesiatijuana.org\/web\/wp-content\/uploads\/2017\/02\/PapaFranciscoeindigenas.jpeg 800w\" sizes=\"auto, (max-width: 300px) 100vw, 300px\" \/><\/a><\/p>\n<p>Salita del Aula Pablo VI<br \/>\nMi\u00e9rcoles 15 de febrero de 2017<\/p>\n<p>&nbsp;<\/p>\n<p>Estimados amigos,<\/p>\n<p style=\"text-align: justify;\">tengo el placer de encontrarme con ustedes al terminar los trabajos del III Foro de los pueblos ind\u00edgenas convocado por el Fondo Internacional de Desarrollo Agr\u00edcola (FIDA), que celebra este a\u00f1o el 40 aniversario de su fundaci\u00f3n. Se han detenido a considerar de qu\u00e9 manera se puede favorecer una mayor responsabilidad de los pueblos aut\u00f3ctonos en la econom\u00eda. Creo que el problema principal est\u00e1 en c\u00f3mo conciliar el derecho al desarrollo incluyendo tambi\u00e9n el derecho de tipo social y cultural, con la protecci\u00f3n de las caracter\u00edsticas propias de los ind\u00edgenas y de sus territorios. Esto se hace m\u00e1s evidente sobre todo cuando se trata de estructurar unas actividades econ\u00f3micas que pueden interferir con las culturas ind\u00edgenas y su relaci\u00f3n ancestral con la tierra. En este sentido, siempre debe prevalecer el derecho al consentimiento previo e informado, seg\u00fan exige el art\u00edculo 32 de la Declaraci\u00f3n sobre los derechos de los pueblos ind\u00edgenas. Solo as\u00ed se puede garantizar una cooperaci\u00f3n pac\u00edfica entre las autoridades gubernamentales y los pueblos ind\u00edgenas que supere contradicciones y conflictos.<\/p>\n<p style=\"text-align: justify;\">Un segundo aspecto se refiere a la elaboraci\u00f3n de directrices y proyectos que tengan en cuenta la identidad ind\u00edgena, que presten una atenci\u00f3n especial hacia los j\u00f3venes y las mujeres. Inclusi\u00f3n y no consideraci\u00f3n solamente. Esto implica que los gobiernos reconozcan que las comunidades ind\u00edgenas son una parte de la poblaci\u00f3n que debe ser valorada y consultada, y que se ha de fomentar su plena participaci\u00f3n a nivel local y nacional. No se puede permitir una marginaci\u00f3n o una calificaci\u00f3n de clases, primera clase, segunda clase\u2026 Integraci\u00f3n con plena participaci\u00f3n.<\/p>\n<p style=\"text-align: justify;\">A esta necesaria hoja de ruta puede ayudar de manera especial el FIDA con su financiaci\u00f3n y competencia, reconociendo que \u00abun desarrollo tecnol\u00f3gico y econ\u00f3mico que no deja un mundo mejor y una calidad de vida integralmente superior no puede considerarse progreso\u00bb (Enc.\u00a0<a href=\"http:\/\/w2.vatican.va\/content\/francesco\/es\/encyclicals\/documents\/papa-francesco_20150524_enciclica-laudato-si.html#194\">Laudato si\u2019<\/a>, 194).<\/p>\n<p style=\"text-align: justify;\">Y ustedes, en sus tradiciones, en su cultura \u2013porque lo que ustedes llevan en la historia es cultura\u2013 viven el progreso con un cuidado especial a la madre tierra. En este momento, donde la humanidad est\u00e1 pecando gravemente al no cuidar a la tierra, yo los exhorto a que sigan dando testimonio de esto y no permitan que nuevas tecnolog\u00edas, que son l\u00edcitas y son buenas, pero no permitan aquellas que destruyen la tierra, que destruyen la ecolog\u00eda, el equilibrio ecol\u00f3gico y que terminan destruyendo la sabidur\u00eda de los pueblos.<\/p>\n<p style=\"text-align: justify;\">Les doy las gracias por vuestra presencia aqu\u00ed, y pido al Todopoderoso que bendiga vuestras comunidades e ilumine el trabajo de los que tienen la responsabilidad de la gesti\u00f3n del FIDA. Muchas gracias.<\/p>\n<p><a href=\"http:\/\/iglesiatijuana.org\/web\/wp-content\/uploads\/2017\/02\/PapaFranciscoeindigenas2.jpeg\" data-rel=\"lightbox-image-1\" data-rl_title=\"\" data-rl_caption=\"\" title=\"\"><img loading=\"lazy\" decoding=\"async\" class=\"alignnone size-medium wp-image-5254\" src=\"http:\/\/iglesiatijuana.org\/web\/wp-content\/uploads\/2017\/02\/PapaFranciscoeindigenas2-200x300.jpeg\" alt=\"PapaFranciscoeindigenas(2)\" width=\"200\" height=\"300\" srcset=\"https:\/\/iglesiatijuana.org\/web\/wp-content\/uploads\/2017\/02\/PapaFranciscoeindigenas2-200x300.jpeg 200w, https:\/\/iglesiatijuana.org\/web\/wp-content\/uploads\/2017\/02\/PapaFranciscoeindigenas2.jpeg 533w\" sizes=\"auto, (max-width: 200px) 100vw, 200px\" \/><\/a><\/p>\n","protected":false},"excerpt":{"rendered":"<p>DISCURSO DEL SANTO PADRE FRANCISCO\u00a0 A\u00a0LOS PARTICIPANTES EN EL III FORO DE LOS PUEBLOS IND\u00cdGENAS\u00a0CONVOCADO POR EL FONDO INTERNACIONAL DE DESARROLLO AGR\u00cdCOLA (FIDA) Salita del Aula Pablo VI Mi\u00e9rcoles 15 de febrero de 2017&#46;&#46;&#46;<\/p>\n","protected":false},"author":5,"featured_media":5253,"comment_status":"closed","ping_status":"closed","sticky":false,"template":"","format":"standard","meta":{"_exactmetrics_skip_tracking":false,"_exactmetrics_sitenote_active":false,"_exactmetrics_sitenote_note":"","_exactmetrics_sitenote_category":0,"footnotes":""},"categories":[14],"tags":[],"class_list":["post-5252","post","type-post","status-publish","format-standard","has-post-thumbnail","hentry","category-ultimas-noticias"],"_links":{"self":[{"href":"https:\/\/iglesiatijuana.org\/web\/wp-json\/wp\/v2\/posts\/5252","targetHints":{"allow":["GET"]}}],"collection":[{"href":"https:\/\/iglesiatijuana.org\/web\/wp-json\/wp\/v2\/posts"}],"about":[{"href":"https:\/\/iglesiatijuana.org\/web\/wp-json\/wp\/v2\/types\/post"}],"author":[{"embeddable":true,"href":"https:\/\/iglesiatijuana.org\/web\/wp-json\/wp\/v2\/users\/5"}],"replies":[{"embeddable":true,"href":"https:\/\/iglesiatijuana.org\/web\/wp-json\/wp\/v2\/comments?post=5252"}],"version-history":[{"count":2,"href":"https:\/\/iglesiatijuana.org\/web\/wp-json\/wp\/v2\/posts\/5252\/revisions"}],"predecessor-version":[{"id":5256,"href":"https:\/\/iglesiatijuana.org\/web\/wp-json\/wp\/v2\/posts\/5252\/revisions\/5256"}],"wp:featuredmedia":[{"embeddable":true,"href":"https:\/\/iglesiatijuana.org\/web\/wp-json\/wp\/v2\/media\/5253"}],"wp:attachment":[{"href":"https:\/\/iglesiatijuana.org\/web\/wp-json\/wp\/v2\/media?parent=5252"}],"wp:term":[{"taxonomy":"category","embeddable":true,"href":"https:\/\/iglesiatijuana.org\/web\/wp-json\/wp\/v2\/categories?post=5252"},{"taxonomy":"post_tag","embeddable":true,"href":"https:\/\/iglesiatijuana.org\/web\/wp-json\/wp\/v2\/tags?post=5252"}],"curies":[{"name":"wp","href":"https:\/\/api.w.org\/{rel}","templated":true}]}}