{"id":5456,"date":"2017-04-07T10:03:13","date_gmt":"2017-04-07T17:03:13","guid":{"rendered":"http:\/\/iglesiatijuana.org\/web\/?p=5456"},"modified":"2017-04-07T10:03:53","modified_gmt":"2017-04-07T17:03:53","slug":"crean-en-las-obras-para-que-sepan-y-reconozcan-que-el-padre-esta-en-mi-y-yo-en-el-padre","status":"publish","type":"post","link":"https:\/\/iglesiatijuana.org\/web\/crean-en-las-obras-para-que-sepan-y-reconozcan-que-el-padre-esta-en-mi-y-yo-en-el-padre\/","title":{"rendered":"Crean en las obras, para que sepan y reconozcan que el Padre est\u00e1 en m\u00ed y yo en el Padre"},"content":{"rendered":"<p><a href=\"http:\/\/iglesiatijuana.org\/web\/wp-content\/uploads\/2017\/02\/Jesus-1.jpg\" data-rel=\"lightbox-image-0\" data-rl_title=\"\" data-rl_caption=\"\" title=\"\"><img loading=\"lazy\" decoding=\"async\" class=\"alignnone size-full wp-image-5274\" src=\"http:\/\/iglesiatijuana.org\/web\/wp-content\/uploads\/2017\/02\/Jesus-1.jpg\" alt=\"\" width=\"259\" height=\"194\" \/><\/a><\/p>\n<p>Lectura<\/p>\n<p style=\"text-align: justify;\">Evangelio: Juan 10,31-42<\/p>\n<p style=\"text-align: justify;\">De nuevo los jud\u00edos agarraron piedras para apedrearlo. Jes\u00fas les replic\u00f3: \u00abHe hecho muchas obras buenas ante ustedes de parte de mi Padre; \u00bfpor cu\u00e1l de ellas me apedrean?\u00bb. Los jud\u00edos le contestaron: \u00abNo te apedreamos por ninguna obra buena, sino por blasfemia; porque t\u00fa, siendo hombre, te haces Dios\u00bb. Jes\u00fas les respondi\u00f3: \u00ab\u00bfNo est\u00e1 escrito en su ley: Yo dije: ustedes son dioses? Si la ley llam\u00f3 dioses a los que se dirigi\u00f3 la palabra de Dios, y la Escritura no puede fallar, \u00bfpor qu\u00e9 dicen que blasfemo yo, que he sido consagrado y enviado al mundo por el Padre, porque he dicho: Soy hijo de Dios? Si no hago las obras de mi Padre, no me crean; pero si las hago, aunque no me crean a m\u00ed, crean en las obras, para que sepan y reconozcan que el Padre est\u00e1 en m\u00ed y yo en el Padre\u00bb.<\/p>\n<p style=\"text-align: justify;\">Por eso intentaban prenderlo de nuevo, pero se les escap\u00f3 de las manos. Fue nuevamente al otro lado del Jord\u00e1n, al lugar donde Juan hab\u00eda estado al principio bautizando, y se qued\u00f3 all\u00ed. Muchos acudieron a \u00e9l y dec\u00edan: \u00abJuan no hizo ning\u00fan milagro, pero todo lo que dijo sobre \u00e9ste era verdad\u00bb. Y muchos creyeron en \u00e9l.<\/p>\n<p style=\"text-align: justify;\">ORATIO<\/p>\n<p style=\"text-align: justify;\">Se\u00f1or, \u00bfc\u00f3mo creer que eres Hijo de Dios cuando te haces presente en medio de nosotros de modo tan desconcertante? \u00a1Cu\u00e1ntas veces quisi\u00e9ramos tambi\u00e9n nosotros reducir al silencio las exigencias de tu Palabra, cuando nos toca en lo vivo pidi\u00e9ndonos opciones costosas y coherentes! \u00bfAcaso nuestras resistencias, nuestros rechazos o indecisiones no pesan en tu coraz\u00f3n como las piedras que los jud\u00edos cogieron para lapidarte?&#8230; Pero t\u00fa huyes.<\/p>\n<p style=\"text-align: justify;\">Se\u00f1or, t\u00fa huyes siempre de la presa, de los que tratan de reducirte a su medida, a sus ideas, a sus im\u00e1genes, a sus absurdas pretensiones de comprender y explicar todo. T\u00fa huyes de las miradas de los que se miran a s\u00ed mismos y sus ideas, cuando deber\u00edan fijar los ojos en ti y en tu luz.<\/p>\n<p style=\"text-align: justify;\">Se\u00f1or, conc\u00e9denos acogerte en tu Palabra de verdad, de acogerte a ti, que te revelas como Hijo del hombre e Hijo de Dios. Derrama tu luz sobre nosotros para que nos permita creer sin vacilar, para que nos conceda perseverar en la fe sin ceder a compromisos alienantes.<\/p>\n<p style=\"text-align: justify;\">PARA LA LECTURA ESPIRITUAL<\/p>\n<p style=\"text-align: justify;\">Soportar los ultrajes, ser objeto de burla a causa de la fe, es una se\u00f1al de los creyentes, a lo largo del tiempo. Hace mal al cuerpo y al alma cuando no pasa un d\u00eda sin que el nombre de Dios sea expuesto a la duda o la blasfemia.<\/p>\n<p style=\"text-align: justify;\">\u00bfD\u00f3nde est\u00e1 tu Dios? Yo lo confieso ante el mundo y ante todos sus enemigos cuando desde el abismo de mi miseria creo en su bondad, cuando desde la culpa creo en su perd\u00f3n, desde la muerte en la vida, desde la derrota en su victoria, desde el abandono en su presencia llena de gracia. Quien ha encontrado a Dios en la cruz de Jesucristo sabe c\u00f3mo Dios se esconde de modo sorprendente en este mundo, sabe c\u00f3mo est\u00e1 presente al m\u00e1ximo precisamente donde pens\u00e1bamos que estaba sumamente lejano. Quien ha encontrado a Dios en la cruz perdona tambi\u00e9n a todos sus enemigos, porque Dios le ha perdonado.<\/p>\n<p style=\"text-align: justify;\">Oh Dios, no me abandones cuando tenga que padecer ultrajes; perdona a todos los ateos, porque me has perdonado a m\u00ed, y lleva a todos a ti, por la cruz de tu hijo amado. \u00a1Abandona cualquier preocupaci\u00f3n\u00a0<em>y\u00a0<\/em>espera! Dios sabe el momento de ayudarte\u00a0<em>y\u00a0<\/em>llegar\u00e1 sin duda, pues es Dios verdadero. El ser\u00e1 la salvaci\u00f3n de tu rostro, pues te conoce y te ha amado aun antes de crearte. No dejar\u00e1 que caigas. Est\u00e1s en sus manos. S\u00f3lo podr\u00e1s dar gracias por todo lo sucedido, porque habr\u00e1s aprendido que Dios omnipotente es tu Dios. Tu salvaci\u00f3n se llama Jesucristo.<\/p>\n<p style=\"text-align: justify;\">Trinidad de Dios, te doy gracias por haberme elegido y amado. Te doy gracias por los caminos por los que me gu\u00edas. Te doy gracias porque t\u00fa eres mi Dios. Am\u00e9n (D. Bonhoeffer,\u00a0<em>Memoria e fedelt\u00e1,\u00a0<\/em>Magnano 1995, 40s).<\/p>\n<p>&nbsp;<\/p>\n<p>Mons. Salvador Cisneros<\/p>\n<p>Parroquia Santa Teresa de \u00c1vila<\/p>\n<p>&nbsp;<\/p>\n","protected":false},"excerpt":{"rendered":"<p>Lectura Evangelio: Juan 10,31-42 De nuevo los jud\u00edos agarraron piedras para apedrearlo. Jes\u00fas les replic\u00f3: \u00abHe hecho muchas obras buenas ante ustedes de parte de mi Padre; \u00bfpor cu\u00e1l de ellas me apedrean?\u00bb. Los&#46;&#46;&#46;<\/p>\n","protected":false},"author":5,"featured_media":5274,"comment_status":"closed","ping_status":"closed","sticky":false,"template":"","format":"standard","meta":{"_exactmetrics_skip_tracking":false,"_exactmetrics_sitenote_active":false,"_exactmetrics_sitenote_note":"","_exactmetrics_sitenote_category":0,"footnotes":""},"categories":[10],"tags":[],"class_list":["post-5456","post","type-post","status-publish","format-standard","has-post-thumbnail","hentry","category-evangelio"],"_links":{"self":[{"href":"https:\/\/iglesiatijuana.org\/web\/wp-json\/wp\/v2\/posts\/5456","targetHints":{"allow":["GET"]}}],"collection":[{"href":"https:\/\/iglesiatijuana.org\/web\/wp-json\/wp\/v2\/posts"}],"about":[{"href":"https:\/\/iglesiatijuana.org\/web\/wp-json\/wp\/v2\/types\/post"}],"author":[{"embeddable":true,"href":"https:\/\/iglesiatijuana.org\/web\/wp-json\/wp\/v2\/users\/5"}],"replies":[{"embeddable":true,"href":"https:\/\/iglesiatijuana.org\/web\/wp-json\/wp\/v2\/comments?post=5456"}],"version-history":[{"count":2,"href":"https:\/\/iglesiatijuana.org\/web\/wp-json\/wp\/v2\/posts\/5456\/revisions"}],"predecessor-version":[{"id":5458,"href":"https:\/\/iglesiatijuana.org\/web\/wp-json\/wp\/v2\/posts\/5456\/revisions\/5458"}],"wp:featuredmedia":[{"embeddable":true,"href":"https:\/\/iglesiatijuana.org\/web\/wp-json\/wp\/v2\/media\/5274"}],"wp:attachment":[{"href":"https:\/\/iglesiatijuana.org\/web\/wp-json\/wp\/v2\/media?parent=5456"}],"wp:term":[{"taxonomy":"category","embeddable":true,"href":"https:\/\/iglesiatijuana.org\/web\/wp-json\/wp\/v2\/categories?post=5456"},{"taxonomy":"post_tag","embeddable":true,"href":"https:\/\/iglesiatijuana.org\/web\/wp-json\/wp\/v2\/tags?post=5456"}],"curies":[{"name":"wp","href":"https:\/\/api.w.org\/{rel}","templated":true}]}}