{"id":5467,"date":"2017-04-12T10:22:07","date_gmt":"2017-04-12T17:22:07","guid":{"rendered":"http:\/\/iglesiatijuana.org\/web\/?p=5467"},"modified":"2017-04-12T10:22:07","modified_gmt":"2017-04-12T17:22:07","slug":"el-maestro-dice-se-acerca-mi-hora-voy-a-celebrar-la-pascua-en-tu-casa-con-mis-discipulos","status":"publish","type":"post","link":"https:\/\/iglesiatijuana.org\/web\/el-maestro-dice-se-acerca-mi-hora-voy-a-celebrar-la-pascua-en-tu-casa-con-mis-discipulos\/","title":{"rendered":"El Maestro dice: Se acerca mi hora, voy a celebrar la Pascua en tu casa con mis disc\u00edpulos"},"content":{"rendered":"<p><a href=\"http:\/\/iglesiatijuana.org\/web\/wp-content\/uploads\/2017\/01\/Jesus-Felipe-y-Natanael-e1483639613550.jpg\" data-rel=\"lightbox-image-0\" data-rl_title=\"\" data-rl_caption=\"\" title=\"\"><img loading=\"lazy\" decoding=\"async\" class=\"alignnone size-medium wp-image-5082\" src=\"http:\/\/iglesiatijuana.org\/web\/wp-content\/uploads\/2017\/01\/Jesus-Felipe-y-Natanael-e1483639613550-300x215.jpg\" alt=\"\" width=\"300\" height=\"215\" srcset=\"https:\/\/iglesiatijuana.org\/web\/wp-content\/uploads\/2017\/01\/Jesus-Felipe-y-Natanael-e1483639613550-300x215.jpg 300w, https:\/\/iglesiatijuana.org\/web\/wp-content\/uploads\/2017\/01\/Jesus-Felipe-y-Natanael-e1483639613550.jpg 342w\" sizes=\"auto, (max-width: 300px) 100vw, 300px\" \/><\/a><\/p>\n<p>MI\u00c9RCOLES SANTO<\/p>\n<p>Evangelio seg\u00fan San Mateo 26,14-25.<\/p>\n<p style=\"text-align: justify;\">Entonces uno de los Doce, llamado Judas Iscariote, fue a ver a los sumos sacerdotes y les dijo: &#8220;\u00bfCu\u00e1nto me dar\u00e1n si se lo entrego?&#8221;. Y resolvieron darle treinta monedas de plata. Desde ese momento, Judas buscaba una ocasi\u00f3n favorable para entregarlo. El primer d\u00eda de los \u00c1cimos, los disc\u00edpulos fueron a preguntar a Jes\u00fas: &#8220;\u00bfD\u00f3nde quieres que te preparemos la comida pascual?&#8221;. El respondi\u00f3: &#8220;Vayan a la ciudad, a la casa de tal persona, y d\u00edganle: &#8216;El Maestro dice: Se acerca mi hora, voy a celebrar la Pascua en tu casa con mis disc\u00edpulos'&#8221;. Ellos hicieron como Jes\u00fas les hab\u00eda ordenado y prepararon la Pascua. Al atardecer, estaba a la mesa con los Doce y, mientras com\u00edan, Jes\u00fas les dijo: &#8220;Les aseguro que uno de ustedes me entregar\u00e1&#8221;. Profundamente apenados, ellos empezaron a preguntarle uno por uno: &#8220;\u00bfSer\u00e9 yo, Se\u00f1or?&#8221;. El respondi\u00f3: &#8220;El que acaba de servirse de la misma fuente que yo, ese me va a entregar. El Hijo del hombre se va, como est\u00e1 escrito de \u00e9l, pero \u00a1ay de aquel por quien el Hijo del hombre ser\u00e1 entregado: m\u00e1s le valdr\u00eda no haber nacido!&#8221;. Judas, el que lo iba a entregar, le pregunt\u00f3: &#8220;\u00bfSer\u00e9 yo, Maestro?&#8221;. &#8220;T\u00fa lo has dicho&#8221;, le respondi\u00f3 Jes\u00fas.<\/p>\n<p style=\"text-align: justify;\">\n<p style=\"text-align: justify;\">REFLEXI\u00d3N<\/p>\n<p style=\"text-align: justify;\">En el evangelio leemos de nuevo la traici\u00f3n de Judas, esta vez seg\u00fan Mateo, ya que ayer hab\u00edamos escuchado el relato de Juan. Precisamente cuando Jes\u00fas quiere celebrar la Pascua de despedida de los suyos, como signo entra\u00f1able de amistad y comuni\u00f3n, uno de ellos ya ha concertado la traici\u00f3n y las treinta monedas (el precio de un esclavo, seg\u00fan Ex 21,32).<\/p>\n<p style=\"text-align: justify;\">En puertas ya de celebrar el misterio de la Pascua del Se\u00f1or, junto a la admiraci\u00f3n contemplativa de su entrega, podemos aprender su lecci\u00f3n: Jes\u00fas, que cumple en plenitud el anuncio prof\u00e9tico. \u00bfSomos buenos oyentes de la palabra, tenemos ya \u00abespabilado el o\u00eddo\u00bb para escuchar la voz de Dios? \u00bfSomos disc\u00edpulos antes de creernos y actuar como maestros?<\/p>\n<p style=\"text-align: justify;\">Cuando hablamos a los dem\u00e1s \u00bfes para \u00abdecir una palabra de aliento\u00bb? Es lo que hizo Cristo: escuchaba y cumpl\u00eda la voluntad de su Padre y, a la vez, comunicaba una palabra de cercan\u00eda y esperanza a todos los que encontraba por el camino. \u00bfSabemos ayudar a los que se hallan cansados y animar a los desesperanzados? \u00bfEstamos dispuestos a ofrecer nuestra espalda a los golpes cuando as\u00ed lo requiere nuestro testimonio de disc\u00edpulos de Cristo? \u00bfa recibir los insultos que nos pueden venir de este mundo ajeno al evangelio? \u00bfo s\u00f3lo buscamos consuelo y premio en nuestro seguimiento de Cristo?<\/p>\n<p style=\"text-align: justify;\">Tambi\u00e9n nosotros debemos confiar plenamente en Dios. Estamos empe\u00f1ados en una tarea cristiana que supone lucha y que es signo de contradicci\u00f3n. Pero, de la mano de Dios, no debemos darnos nunca por vencidos: \u00bfqui\u00e9n podr\u00e1 contra m\u00ed? Si alguna vez nos toca \u00abaguantar afrentas\u00bb o \u00abrecibir insultos\u00bb, basta que miremos a Cristo en la cruz para aprender generosidad y fidelidad. Incluso cuando alguien nos traicione, como a \u00e9l.<\/p>\n<p>&nbsp;<\/p>\n<p>Mons. Salvador Cisneros<\/p>\n<p>Parroquia Santa Teresa de \u00c1vila<\/p>\n<p>&nbsp;<\/p>\n","protected":false},"excerpt":{"rendered":"<p>MI\u00c9RCOLES SANTO Evangelio seg\u00fan San Mateo 26,14-25. Entonces uno de los Doce, llamado Judas Iscariote, fue a ver a los sumos sacerdotes y les dijo: &#8220;\u00bfCu\u00e1nto me dar\u00e1n si se lo entrego?&#8221;. Y resolvieron&#46;&#46;&#46;<\/p>\n","protected":false},"author":5,"featured_media":5076,"comment_status":"closed","ping_status":"closed","sticky":false,"template":"","format":"standard","meta":{"_exactmetrics_skip_tracking":false,"_exactmetrics_sitenote_active":false,"_exactmetrics_sitenote_note":"","_exactmetrics_sitenote_category":0,"footnotes":""},"categories":[10],"tags":[],"class_list":["post-5467","post","type-post","status-publish","format-standard","has-post-thumbnail","hentry","category-evangelio"],"_links":{"self":[{"href":"https:\/\/iglesiatijuana.org\/web\/wp-json\/wp\/v2\/posts\/5467","targetHints":{"allow":["GET"]}}],"collection":[{"href":"https:\/\/iglesiatijuana.org\/web\/wp-json\/wp\/v2\/posts"}],"about":[{"href":"https:\/\/iglesiatijuana.org\/web\/wp-json\/wp\/v2\/types\/post"}],"author":[{"embeddable":true,"href":"https:\/\/iglesiatijuana.org\/web\/wp-json\/wp\/v2\/users\/5"}],"replies":[{"embeddable":true,"href":"https:\/\/iglesiatijuana.org\/web\/wp-json\/wp\/v2\/comments?post=5467"}],"version-history":[{"count":1,"href":"https:\/\/iglesiatijuana.org\/web\/wp-json\/wp\/v2\/posts\/5467\/revisions"}],"predecessor-version":[{"id":5468,"href":"https:\/\/iglesiatijuana.org\/web\/wp-json\/wp\/v2\/posts\/5467\/revisions\/5468"}],"wp:featuredmedia":[{"embeddable":true,"href":"https:\/\/iglesiatijuana.org\/web\/wp-json\/wp\/v2\/media\/5076"}],"wp:attachment":[{"href":"https:\/\/iglesiatijuana.org\/web\/wp-json\/wp\/v2\/media?parent=5467"}],"wp:term":[{"taxonomy":"category","embeddable":true,"href":"https:\/\/iglesiatijuana.org\/web\/wp-json\/wp\/v2\/categories?post=5467"},{"taxonomy":"post_tag","embeddable":true,"href":"https:\/\/iglesiatijuana.org\/web\/wp-json\/wp\/v2\/tags?post=5467"}],"curies":[{"name":"wp","href":"https:\/\/api.w.org\/{rel}","templated":true}]}}