{"id":5498,"date":"2017-04-24T10:45:22","date_gmt":"2017-04-24T17:45:22","guid":{"rendered":"http:\/\/iglesiatijuana.org\/web\/?p=5498"},"modified":"2017-04-24T10:45:22","modified_gmt":"2017-04-24T17:45:22","slug":"yo-te-aseguro-que-nadie-puede-entrar-en-el-reino-de-dios-si-no-nace-del-agua-y-del-espiritu","status":"publish","type":"post","link":"https:\/\/iglesiatijuana.org\/web\/yo-te-aseguro-que-nadie-puede-entrar-en-el-reino-de-dios-si-no-nace-del-agua-y-del-espiritu\/","title":{"rendered":"Yo te aseguro que nadie puede entrar en el Reino de Dios, si no nace del agua y del Esp\u00edritu"},"content":{"rendered":"<p><a href=\"http:\/\/iglesiatijuana.org\/web\/wp-content\/uploads\/2017\/04\/Jes\u00fas-y-Nicodemo-e1358806044492.jpg\" data-rel=\"lightbox-image-0\" data-rl_title=\"\" data-rl_caption=\"\" title=\"\"><img loading=\"lazy\" decoding=\"async\" class=\"alignnone size-medium wp-image-5499\" src=\"http:\/\/iglesiatijuana.org\/web\/wp-content\/uploads\/2017\/04\/Jes\u00fas-y-Nicodemo-e1358806044492-300x225.jpg\" alt=\"\" width=\"300\" height=\"225\" srcset=\"https:\/\/iglesiatijuana.org\/web\/wp-content\/uploads\/2017\/04\/Jes\u00fas-y-Nicodemo-e1358806044492-300x225.jpg 300w, https:\/\/iglesiatijuana.org\/web\/wp-content\/uploads\/2017\/04\/Jes\u00fas-y-Nicodemo-e1358806044492.jpg 450w\" sizes=\"auto, (max-width: 300px) 100vw, 300px\" \/><\/a><\/p>\n<p><strong>Evangelio seg\u00fan san Juan 3, 1-8:<\/strong><\/p>\n<p style=\"text-align: justify;\">\u201cUn fariseo llamado Nicodemo, magistrado jud\u00edo, fue a ver a Jes\u00fas de noche y le dijo: Rab\u00ed, sabemos que has venido de parte de Dios, como maestro&#8230;, pues nadie hace las se\u00f1ales que t\u00fa haces si Dios no est\u00e1 con \u00e9l. Jes\u00fas le contest\u00f3: Te lo aseguro, el que no nazca de nuevo no puede ver el Reino de Dios&#8230; Nicodemo repuso: Pero \u00bfC\u00f3mo es posible que un hombre vuelva a nacer siendo viejo? \u00bfAcaso puede entrar de nuevo en el seno materno para nacer. Jes\u00fas le contest\u00f3:<\/p>\n<p style=\"text-align: justify;\">\u00a0Yo te aseguro que nadie puede entrar en el Reino de Dios, si no nace del agua y del Esp\u00edritu. Lo que nace del hombre es humano; lo engendrado por el Esp\u00edritu es espiritual. Que no te cause, pues, tanta sorpresa lo que te he dicho: \u00abTienes que nacer de lo alto\u00bb. El viento sopla donde quiere; oyes su rumor, pero no sabes ni de d\u00f3nde viene ni ad\u00f3nde va. Lo mismo sucede con el que nace del Esp\u00edritu.<\/p>\n<p style=\"text-align: justify;\">\n<p style=\"text-align: justify;\"><strong>ORATIO<\/strong><\/p>\n<p style=\"text-align: justify;\">Debo reconocer, Se\u00f1or, que mi oraci\u00f3n es poca, y ese poco m\u00e1s bien narcisista. Te hablo de mis cosas, de mis preocupaciones, de mi pr\u00f3jimo, de lo que me angustia o de lo que tiene relaci\u00f3n conmigo. Pero te hablo poco del Reino, de la Palabra que deber\u00eda ser anunciada de modo menos endeble, de m\u00ed y de los cristianos que es\u00adt\u00e1n a la defensiva, de la evangelizaci\u00f3n de los pueblos y del pueblo en el que vivo.<\/p>\n<p style=\"text-align: justify;\">\u00bfNo ser\u00e1 porque me he resignado al ocaso de la fe? \u00bfNo ser\u00e1 acaso que me impresiona m\u00e1s la pobreza eco\u00adn\u00f3mica que la pobreza espiritual? \u00bfNo ser\u00e1 que tambi\u00e9n yo me he adecuado a ese modo de pensar, tan difundi\u00addo en nuestros d\u00edas, de que lo importante es \u00abhacer el bien\u00bb? Se\u00f1or, s\u00e9 que eso es verdad, pero dame la pro\u00adfunda convicci\u00f3n de que tambi\u00e9n es insuficiente. En efecto, si no te anuncio, \u00bfqui\u00e9n te amar\u00e1? Y si no te amamos, \u00bfqu\u00e9 vale la vida? Conv\u00e9nceme, Se\u00f1or, del pri\u00admado de la Palabra, de la necesaria prioridad que he de otorgarle a su anuncio, del hecho de que debo partici\u00adpar en la evangelizaci\u00f3n a partir de mi oraci\u00f3n. Oh Se\u00ad\u00f1or, que amas a todos los hombres y toda la creaci\u00f3n, dirige a ti y a tu Palabra mi pobre oraci\u00f3n.<\/p>\n<p><strong>Mons. Salvador Cisneros<\/strong><\/p>\n<p><strong>Parroquia Santa Teresa de \u00c1vila<\/strong><\/p>\n<p>&nbsp;<\/p>\n","protected":false},"excerpt":{"rendered":"<p>Evangelio seg\u00fan san Juan 3, 1-8: \u201cUn fariseo llamado Nicodemo, magistrado jud\u00edo, fue a ver a Jes\u00fas de noche y le dijo: Rab\u00ed, sabemos que has venido de parte de Dios, como maestro&#8230;, pues&#46;&#46;&#46;<\/p>\n","protected":false},"author":5,"featured_media":5499,"comment_status":"closed","ping_status":"closed","sticky":false,"template":"","format":"standard","meta":{"_exactmetrics_skip_tracking":false,"_exactmetrics_sitenote_active":false,"_exactmetrics_sitenote_note":"","_exactmetrics_sitenote_category":0,"footnotes":""},"categories":[10],"tags":[],"class_list":["post-5498","post","type-post","status-publish","format-standard","has-post-thumbnail","hentry","category-evangelio"],"_links":{"self":[{"href":"https:\/\/iglesiatijuana.org\/web\/wp-json\/wp\/v2\/posts\/5498","targetHints":{"allow":["GET"]}}],"collection":[{"href":"https:\/\/iglesiatijuana.org\/web\/wp-json\/wp\/v2\/posts"}],"about":[{"href":"https:\/\/iglesiatijuana.org\/web\/wp-json\/wp\/v2\/types\/post"}],"author":[{"embeddable":true,"href":"https:\/\/iglesiatijuana.org\/web\/wp-json\/wp\/v2\/users\/5"}],"replies":[{"embeddable":true,"href":"https:\/\/iglesiatijuana.org\/web\/wp-json\/wp\/v2\/comments?post=5498"}],"version-history":[{"count":1,"href":"https:\/\/iglesiatijuana.org\/web\/wp-json\/wp\/v2\/posts\/5498\/revisions"}],"predecessor-version":[{"id":5500,"href":"https:\/\/iglesiatijuana.org\/web\/wp-json\/wp\/v2\/posts\/5498\/revisions\/5500"}],"wp:featuredmedia":[{"embeddable":true,"href":"https:\/\/iglesiatijuana.org\/web\/wp-json\/wp\/v2\/media\/5499"}],"wp:attachment":[{"href":"https:\/\/iglesiatijuana.org\/web\/wp-json\/wp\/v2\/media?parent=5498"}],"wp:term":[{"taxonomy":"category","embeddable":true,"href":"https:\/\/iglesiatijuana.org\/web\/wp-json\/wp\/v2\/categories?post=5498"},{"taxonomy":"post_tag","embeddable":true,"href":"https:\/\/iglesiatijuana.org\/web\/wp-json\/wp\/v2\/tags?post=5498"}],"curies":[{"name":"wp","href":"https:\/\/api.w.org\/{rel}","templated":true}]}}