{"id":5620,"date":"2017-05-23T10:07:59","date_gmt":"2017-05-23T17:07:59","guid":{"rendered":"http:\/\/iglesiatijuana.org\/web\/?p=5620"},"modified":"2017-05-23T10:07:59","modified_gmt":"2017-05-23T17:07:59","slug":"cuando-el-el-paraclito-venga-pondra-de-manifiesto-el-error-del-mundo-en-relacion-con-el-pecado-con-la-justicia-y-con-la-condena","status":"publish","type":"post","link":"https:\/\/iglesiatijuana.org\/web\/cuando-el-el-paraclito-venga-pondra-de-manifiesto-el-error-del-mundo-en-relacion-con-el-pecado-con-la-justicia-y-con-la-condena\/","title":{"rendered":"Cuando \u00e9l (el Par\u00e1clito) venga, pondr\u00e1 de manifiesto el error del mundo en relaci\u00f3n con el pecado, con la justicia y con la condena"},"content":{"rendered":"<p><a href=\"http:\/\/iglesiatijuana.org\/web\/wp-content\/uploads\/2017\/01\/espiritu-santo.jpg\" data-rel=\"lightbox-image-0\" data-rl_title=\"\" data-rl_caption=\"\" title=\"\"><img loading=\"lazy\" decoding=\"async\" class=\"alignnone size-medium wp-image-5114\" src=\"http:\/\/iglesiatijuana.org\/web\/wp-content\/uploads\/2017\/01\/espiritu-santo-300x282.jpg\" alt=\"\" width=\"300\" height=\"282\" \/><\/a><\/p>\n<p>LECTIO<\/p>\n<p>Evangelio: Juan 16,5b-11<\/p>\n<p style=\"text-align: justify;\">En aquel tiempo, dijo Jes\u00fas a sus disc\u00edpulos: Pero ahora\u00a0vuelvo al que me envi\u00f3 y ninguno de ustedes me pregunta: \u00ab\u00bfAd\u00f3nde vas?\u00bb. Eso s\u00ed, al anunciarles estas cosas, la tristeza se ha apoderado de ustedes. Y sin embargo, les digo la ver\u00addad: les conviene que yo me vaya, porque si no me voy el Pa\u00adr\u00e1clito no vendr\u00e1 a ustedes; pero si me voy, se lo enviar\u00e9. Cuando \u00e9l venga, pondr\u00e1 de manifiesto el error del mundo en relaci\u00f3n con el pecado, con la justicia y con la condena.\u00a0Con el pecado, porque no creyeron en m\u00ed; con la justicia, porque retorno al Padre y ya no me ver\u00e9is; con la condena,\u00a0porque el que tiraniza a este mundo ha sido condenado.<\/p>\n<p style=\"text-align: justify;\">\n<p style=\"text-align: justify;\">ORATIO<\/p>\n<p style=\"text-align: justify;\">Env\u00eda tu Esp\u00edritu, Se\u00f1or, para que podamos resistir al poder del mundo. Est\u00e1s viendo lo d\u00e9biles que somos, c\u00f3mo disminuyen nuestras fuerzas, c\u00f3mo disminuyen nuestras filas, c\u00f3mo se vuelven cada vez m\u00e1s t\u00edmidos tus disc\u00edpulos y c\u00f3mo las razones del mundo est\u00e1n conquistando el coraz\u00f3n de no pocos de nuestros j\u00f3venes y de los que ya no lo son. \u00bfQu\u00e9 podremos oponer al poder del mundo si tu Esp\u00edritu no est\u00e1 con nosotros? Nuestros argumentos no interesan demasiado, y apenas ara\u00f1an las seguridades de pocos. Sin tu Esp\u00edritu corremos el riesgo de ser homologados con el sentir com\u00fan.<\/p>\n<p style=\"text-align: justify;\">Tenemos una extrema necesidad de una dosis masiva de tu Esp\u00edritu para no sentirnos los \u00faltimos defensores de una causa que, a los ojos de muchos, no tiene futuro. Env\u00eda a tu Par\u00e1clito, a tu Abogado, a tu Argumentador, a tu Defensor, a tu Consolador, para que no huyamos de la lucha, para que no nos quedemos sin armas, para que no nos veamos sumergidos en la envolvente mentalidad que proclama un tranquilo paganismo. Env\u00eda tu Esp\u00edritu para convertirnos en profetas cr\u00edticos de este mundo, profetas entusiastas de tu mundo, de tu verdad.<\/p>\n<p>&nbsp;<\/p>\n<p>Mons. Salvador Cisneros<\/p>\n<p>Parroquia Santa Teresa de \u00c1vila<\/p>\n<p>&nbsp;<\/p>\n","protected":false},"excerpt":{"rendered":"<p>LECTIO Evangelio: Juan 16,5b-11 En aquel tiempo, dijo Jes\u00fas a sus disc\u00edpulos: Pero ahora\u00a0vuelvo al que me envi\u00f3 y ninguno de ustedes me pregunta: \u00ab\u00bfAd\u00f3nde vas?\u00bb. Eso s\u00ed, al anunciarles estas cosas, la tristeza&#46;&#46;&#46;<\/p>\n","protected":false},"author":5,"featured_media":5114,"comment_status":"closed","ping_status":"closed","sticky":false,"template":"","format":"standard","meta":{"_exactmetrics_skip_tracking":false,"_exactmetrics_sitenote_active":false,"_exactmetrics_sitenote_note":"","_exactmetrics_sitenote_category":0,"footnotes":""},"categories":[10],"tags":[],"class_list":["post-5620","post","type-post","status-publish","format-standard","has-post-thumbnail","hentry","category-evangelio"],"_links":{"self":[{"href":"https:\/\/iglesiatijuana.org\/web\/wp-json\/wp\/v2\/posts\/5620","targetHints":{"allow":["GET"]}}],"collection":[{"href":"https:\/\/iglesiatijuana.org\/web\/wp-json\/wp\/v2\/posts"}],"about":[{"href":"https:\/\/iglesiatijuana.org\/web\/wp-json\/wp\/v2\/types\/post"}],"author":[{"embeddable":true,"href":"https:\/\/iglesiatijuana.org\/web\/wp-json\/wp\/v2\/users\/5"}],"replies":[{"embeddable":true,"href":"https:\/\/iglesiatijuana.org\/web\/wp-json\/wp\/v2\/comments?post=5620"}],"version-history":[{"count":1,"href":"https:\/\/iglesiatijuana.org\/web\/wp-json\/wp\/v2\/posts\/5620\/revisions"}],"predecessor-version":[{"id":5621,"href":"https:\/\/iglesiatijuana.org\/web\/wp-json\/wp\/v2\/posts\/5620\/revisions\/5621"}],"wp:featuredmedia":[{"embeddable":true,"href":"https:\/\/iglesiatijuana.org\/web\/wp-json\/wp\/v2\/media\/5114"}],"wp:attachment":[{"href":"https:\/\/iglesiatijuana.org\/web\/wp-json\/wp\/v2\/media?parent=5620"}],"wp:term":[{"taxonomy":"category","embeddable":true,"href":"https:\/\/iglesiatijuana.org\/web\/wp-json\/wp\/v2\/categories?post=5620"},{"taxonomy":"post_tag","embeddable":true,"href":"https:\/\/iglesiatijuana.org\/web\/wp-json\/wp\/v2\/tags?post=5620"}],"curies":[{"name":"wp","href":"https:\/\/api.w.org\/{rel}","templated":true}]}}