{"id":5638,"date":"2017-05-30T13:44:42","date_gmt":"2017-05-30T20:44:42","guid":{"rendered":"http:\/\/iglesiatijuana.org\/web\/?p=5638"},"modified":"2017-05-30T13:44:42","modified_gmt":"2017-05-30T20:44:42","slug":"el-arzobispo-invita-a-los-adolescentes-y-jovenes-a-vivir-en-la-vocacion-a-la-que-dios-los-llama","status":"publish","type":"post","link":"https:\/\/iglesiatijuana.org\/web\/el-arzobispo-invita-a-los-adolescentes-y-jovenes-a-vivir-en-la-vocacion-a-la-que-dios-los-llama\/","title":{"rendered":"El Arzobispo invita a los adolescentes y j\u00f3venes a vivir en la vocaci\u00f3n a la que Dios los llama"},"content":{"rendered":"<p><a href=\"http:\/\/iglesiatijuana.org\/web\/wp-content\/uploads\/2017\/05\/IMG_0008.jpg\" data-rel=\"lightbox-image-0\" data-rl_title=\"\" data-rl_caption=\"\" title=\"\"><img loading=\"lazy\" decoding=\"async\" class=\"alignnone size-medium wp-image-5639\" src=\"http:\/\/iglesiatijuana.org\/web\/wp-content\/uploads\/2017\/05\/IMG_0008-300x214.jpg\" alt=\"\" width=\"300\" height=\"214\" srcset=\"https:\/\/iglesiatijuana.org\/web\/wp-content\/uploads\/2017\/05\/IMG_0008-300x214.jpg 300w, https:\/\/iglesiatijuana.org\/web\/wp-content\/uploads\/2017\/05\/IMG_0008.jpg 448w\" sizes=\"auto, (max-width: 300px) 100vw, 300px\" \/><\/a><\/p>\n<p style=\"text-align: justify;\">Tijuana, B.C.- La V Jornada Vocacional Arquidiocesana se llev\u00f3 a cabo el s\u00e1bado 27 de mayo, donde nuestro Arzobispo, Mons. Francisco Moreno Barr\u00f3n, confes\u00f3 a los j\u00f3venes, presidi\u00f3 la Eucarist\u00eda y convivi\u00f3 con ellos.<\/p>\n<p style=\"text-align: justify;\">\u201cEste encuentro vocacional acontece en un marco por dem\u00e1s significativo. Estamos culminando hoy el tiempo llamado de la Pascua, en el a\u00f1o lit\u00fargico. Un tiempo de grande alegr\u00eda, de grande gozo porque Cristo Jes\u00fas que muri\u00f3 por nosotros no qued\u00f3 muerto en la cruz, sino que vive resucitado para siempre\u201d, dijo el Arzobispo en la homil\u00eda.<\/p>\n<p style=\"text-align: justify;\">Y agreg\u00f3: \u201c\u2026Cristo nuestro Jes\u00fas es un Dios encarnado, vivo, triunfante, glorioso, resucitado\u2026Y por eso ahora cobra significado todo lo que somos y hacemos: el estudio, el trabajo, aun la enfermedad y la misma muerte. Todo ha sido redimido por Jes\u00fas y cobra un nuevo significado. Que podr\u00edamos preguntar a alguno de ustedes: \u00b4\u00bfpor qu\u00e9 est\u00e1s tan contento? Porque Cristo vive resucitado en m\u00ed, \u00bfpor qu\u00e9 te esmeras tanto en el estudio, si basta que te conformes con una calificaci\u00f3n mediana? Porque Cristo es mi dinamismo y me da vida, \u00bfpor qu\u00e9 respetas tanto a tu novia y llevan esa relaci\u00f3n diferente a otros novios superficiales? Porque Jes\u00fas vive resucitado en medio de nuestra relaci\u00f3n, \u00bfpor qu\u00e9 cuando tienes la debilidad de pecar te levantas y te vas a confesar? \u00bfy por qu\u00e9 te aficionas tanto a no dejar tu comuni\u00f3n los domingos? Porque Cristo est\u00e1 vivo resucitado en mi\u201d.<\/p>\n<p style=\"text-align: justify;\">Tambi\u00e9n los invita a vivir en la vocaci\u00f3n a la que Dios llama a cada uno de nosotros, porque es Dios \u201cquien no solamente nos llam\u00f3 a la vida, sino que nos llama a caminar por la vida en un determinado sentido, en una vocaci\u00f3n particular\u201d, destac\u00f3 Mons. Moreno Barr\u00f3n.<\/p>\n<p style=\"text-align: justify;\">Adem\u00e1s explic\u00f3 las diversas vocaciones: el matrimonio, la solter\u00eda y a la vida consagrada como sacerdotes, religiosas y religiosos.<\/p>\n<p style=\"text-align: justify;\">\u201cA otros el Se\u00f1or les llama al sacerdocio, que es una manera de realizarse del amor abrazando con gozo el celibato, y consagrando su vida al servicio de sus hermanos en las cosas que se refieren a Dios, tambi\u00e9n para asimilar la palabra de Dios y compartirla con sus hermanos, para santificar al pueblo de Dios y santificarse \u00e9l mismo. Y para ser pap\u00e1, un padre del amor, de la relaci\u00f3n en medio de la comunidad\u201d, dijo el Arzobispo.<\/p>\n<p style=\"text-align: justify;\">En el caso de las mujeres coment\u00f3: \u201cpero tambi\u00e9n Dios llama a algunas jovencitas a que le sigan a trav\u00e9s de la consagraci\u00f3n, en una vida de consagraci\u00f3n total a \u00e9l abrazando los votos de pobreza, para ser pobres como Jes\u00fas pobre y que su \u00fanica riqueza sea Dios; para vivir en el amor de la obediencia, como Jes\u00fas que no vino a hacer su voluntad, sino la voluntad del Padre que le envi\u00f3; y para llevar una vida de castidad, a fin de entregarle cuerpo y alma, todo su ser por completo a Dios, tambi\u00e9n al servicio a la Iglesia y a la comunidad donde se hacen presentes\u201d.<\/p>\n<p style=\"text-align: justify;\">Esta jornada, organizada por la Pastoral Vocacional que coordina el Pbro. Ram\u00f3n Ricardo S\u00e1nchez C\u00e1rdenas, reuni\u00f3 a alrededor de 500 adolescentes y j\u00f3venes en el Seminario Menor.<\/p>\n<p style=\"text-align: justify;\"><a href=\"http:\/\/iglesiatijuana.org\/web\/wp-content\/uploads\/2017\/05\/IMG_9985.jpg\" data-rel=\"lightbox-image-1\" data-rl_title=\"\" data-rl_caption=\"\" title=\"\"><img loading=\"lazy\" decoding=\"async\" class=\"alignnone size-medium wp-image-5640\" src=\"http:\/\/iglesiatijuana.org\/web\/wp-content\/uploads\/2017\/05\/IMG_9985-300x134.jpg\" alt=\"\" width=\"300\" height=\"134\" srcset=\"https:\/\/iglesiatijuana.org\/web\/wp-content\/uploads\/2017\/05\/IMG_9985-300x134.jpg 300w, https:\/\/iglesiatijuana.org\/web\/wp-content\/uploads\/2017\/05\/IMG_9985.jpg 448w\" sizes=\"auto, (max-width: 300px) 100vw, 300px\" \/><\/a><\/p>\n","protected":false},"excerpt":{"rendered":"<p>Tijuana, B.C.- La V Jornada Vocacional Arquidiocesana se llev\u00f3 a cabo el s\u00e1bado 27 de mayo, donde nuestro Arzobispo, Mons. Francisco Moreno Barr\u00f3n, confes\u00f3 a los j\u00f3venes, presidi\u00f3 la Eucarist\u00eda y convivi\u00f3 con ellos.&#46;&#46;&#46;<\/p>\n","protected":false},"author":5,"featured_media":5639,"comment_status":"closed","ping_status":"closed","sticky":false,"template":"","format":"standard","meta":{"_exactmetrics_skip_tracking":false,"_exactmetrics_sitenote_active":false,"_exactmetrics_sitenote_note":"","_exactmetrics_sitenote_category":0,"footnotes":""},"categories":[14],"tags":[],"class_list":["post-5638","post","type-post","status-publish","format-standard","has-post-thumbnail","hentry","category-ultimas-noticias"],"_links":{"self":[{"href":"https:\/\/iglesiatijuana.org\/web\/wp-json\/wp\/v2\/posts\/5638","targetHints":{"allow":["GET"]}}],"collection":[{"href":"https:\/\/iglesiatijuana.org\/web\/wp-json\/wp\/v2\/posts"}],"about":[{"href":"https:\/\/iglesiatijuana.org\/web\/wp-json\/wp\/v2\/types\/post"}],"author":[{"embeddable":true,"href":"https:\/\/iglesiatijuana.org\/web\/wp-json\/wp\/v2\/users\/5"}],"replies":[{"embeddable":true,"href":"https:\/\/iglesiatijuana.org\/web\/wp-json\/wp\/v2\/comments?post=5638"}],"version-history":[{"count":1,"href":"https:\/\/iglesiatijuana.org\/web\/wp-json\/wp\/v2\/posts\/5638\/revisions"}],"predecessor-version":[{"id":5641,"href":"https:\/\/iglesiatijuana.org\/web\/wp-json\/wp\/v2\/posts\/5638\/revisions\/5641"}],"wp:featuredmedia":[{"embeddable":true,"href":"https:\/\/iglesiatijuana.org\/web\/wp-json\/wp\/v2\/media\/5639"}],"wp:attachment":[{"href":"https:\/\/iglesiatijuana.org\/web\/wp-json\/wp\/v2\/media?parent=5638"}],"wp:term":[{"taxonomy":"category","embeddable":true,"href":"https:\/\/iglesiatijuana.org\/web\/wp-json\/wp\/v2\/categories?post=5638"},{"taxonomy":"post_tag","embeddable":true,"href":"https:\/\/iglesiatijuana.org\/web\/wp-json\/wp\/v2\/tags?post=5638"}],"curies":[{"name":"wp","href":"https:\/\/api.w.org\/{rel}","templated":true}]}}