{"id":5696,"date":"2017-06-12T10:58:16","date_gmt":"2017-06-12T17:58:16","guid":{"rendered":"http:\/\/iglesiatijuana.org\/web\/?p=5696"},"modified":"2017-06-12T10:58:16","modified_gmt":"2017-06-12T17:58:16","slug":"dichosos-los-que-construyen-la-paz-porque-seran-llamados-hijos-de-dios","status":"publish","type":"post","link":"https:\/\/iglesiatijuana.org\/web\/dichosos-los-que-construyen-la-paz-porque-seran-llamados-hijos-de-dios\/","title":{"rendered":"Dichosos los que construyen la paz, porque ser\u00e1n llamados hijos de Dios"},"content":{"rendered":"<p><a href=\"http:\/\/iglesiatijuana.org\/web\/wp-content\/uploads\/2017\/03\/maxresdefault.jpg\" data-rel=\"lightbox-image-0\" data-rl_title=\"\" data-rl_caption=\"\" title=\"\"><img loading=\"lazy\" decoding=\"async\" class=\"alignnone size-medium wp-image-5397\" src=\"http:\/\/iglesiatijuana.org\/web\/wp-content\/uploads\/2017\/03\/maxresdefault-300x169.jpg\" alt=\"\" width=\"300\" height=\"169\" srcset=\"https:\/\/iglesiatijuana.org\/web\/wp-content\/uploads\/2017\/03\/maxresdefault-300x169.jpg 300w, https:\/\/iglesiatijuana.org\/web\/wp-content\/uploads\/2017\/03\/maxresdefault-768x432.jpg 768w, https:\/\/iglesiatijuana.org\/web\/wp-content\/uploads\/2017\/03\/maxresdefault-1024x576.jpg 1024w, https:\/\/iglesiatijuana.org\/web\/wp-content\/uploads\/2017\/03\/maxresdefault.jpg 1280w\" sizes=\"auto, (max-width: 300px) 100vw, 300px\" \/><\/a><\/p>\n<p><strong>Lunes de la 10a.\u00a0 Semana del tiempo ordinario<\/strong><\/p>\n<p><strong>Lectio<\/strong><\/p>\n<p><strong>Evangelio: Mateo 5,1-12<\/strong><\/p>\n<p style=\"text-align: justify;\">En aquel tiempo, al ver a la gente, Jes\u00fas subi\u00f3 al monte,\u00a0se sent\u00f3, y se le acercaron sus disc\u00edpulos. Entonces comenz\u00f3\u00a0a ense\u00f1arles con estas palabras:\u00a0Dichosos los pobres en el esp\u00edritu,\u00a0porque suyo es el Reino de los Cielos.\u00a0Dichosos los que est\u00e1n tristes,\u00a0porque Dios los consolar\u00e1.\u00a0Dichosos los humildes,\u00a0porque heredar\u00e1n la tierra.\u00a0Dichosos los que tienen hambre y sed de justicia,\u00a0porque Dios los saciar\u00e1.\u00a0Dichosos los misericordiosos,\u00a0porque Dios tendr\u00e1 misericordia de ellos.\u00a0Dichosos los que tienen un coraz\u00f3n limpio,\u00a0porque ellos ver\u00e1n a Dios.\u00a0Dichosos los que construyen la paz,\u00a0porque ser\u00e1n llamados hijos de Dios.\u00a0Dichosos los perseguidos por causa de la justicia,\u00a0porque de ellos es el Reino de los Cielos.<\/p>\n<p style=\"text-align: justify;\">Dichosos ser\u00e9is cuando os injurien y os persigan, y\u00a0digan contra vosotros toda clase de calumnias por causa m\u00eda.\u00a0Alegraos y regocijaos, porque ser\u00e1 grande vuestra recompensa en los cielos, pues as\u00ed persiguieron a los profetas anteriores a vosotros.<\/p>\n<p style=\"text-align: justify;\">\n<p style=\"text-align: justify;\"><strong>ORATIO<\/strong><\/p>\n<p style=\"text-align: justify;\">Se\u00f1or Jesucristo, t\u00fa subiste al monte con tus disc\u00edpulos para ense\u00f1ar las cimas m\u00e1s altas de las virtudes, y\u00a0desde all\u00ed, al transmitirnos las bienaventuranzas, nos ense\u00f1aste a llevar una vida virtuosa a la que prometiste\u00a0el premio. Conc\u00e9deme a m\u00ed, fr\u00e1gil criatura, escuchar tu\u00a0voz, as\u00ed como ejercitarme en la pr\u00e1ctica de las virtudes,\u00a0conseguir su m\u00e9rito y, por tu misericordia, recibir el\u00a0premio.<\/p>\n<p style=\"text-align: justify;\">Haz que pensando en la recompensa celestial no re-chace su precio, sino que la esperanza de la salvaci\u00f3n eterna mitigue en m\u00ed el dolor de la medicina terrena e\u00a0inflame mi \u00e1nimo con el luminoso cumplimiento de\u00a0obras buenas. Conc\u00e9deme a m\u00ed, miserable criatura, la bienaventuranza fruto de la gracia en esta vida, para poder gozar de la bienaventuranza de la gloria en la patria\u00a0celestial (Landulfo de Sajonia,\u00a0<em>Vita Jesu Christi).<\/em><\/p>\n<p style=\"text-align: justify;\">\n<p style=\"text-align: justify;\"><strong>PARA LA LECTURA ESPIRITUAL<\/strong><\/p>\n<p style=\"text-align: justify;\">Tambi\u00e9n el mundo, Se\u00f1or,\u00a0proclama sus bienaventuranzas,\u00a0diametralmente opuestas a las tuyas:\u00a0dichosos los ricos\u00a0que no se fijan en la miseria de los otros,\u00a0sino que acumulan riquezas\u00a0s\u00f3lo para s\u00ed\u00a0mismos. Hazme comprender, Se\u00f1or,\u00a0d\u00f3nde est\u00e1 la verdadera riqueza esa que prometes a quienes te siguen.<\/p>\n<p style=\"text-align: justify;\">Tambi\u00e9n el mundo, Se\u00f1or,\u00a0alardea sus promesas,\u00a0diametralmente opuestas a las \u00a0tuyas: dichosos los poderosos\u00a0que no piensan en el d\u00e9bil necesitado de ayuda,\u00a0sino que avanzan seguros por su camino.<\/p>\n<p style=\"text-align: justify;\">Hazme comprender, Se\u00f1or,\u00a0cu\u00e1l es la fuerza invencible que das a tus fieles.\u00a0Tambi\u00e9n el mundo, \u00a0Se\u00f1or,\u00a0ostenta su justicia,\u00a0diametralmente opuesta a la tuya:\u00a0dichosos los listos que no piensan en los otros,\u00a0sino que los explotan para su propio \u00e9xito.<\/p>\n<p style=\"text-align: justify;\">Hazme comprender, Se\u00f1or,\u00a0d\u00f3nde puedo encontrar la sensatez\u00a0que t\u00fa garantizas a quien la busca.<\/p>\n<p style=\"text-align: justify;\">Tambi\u00e9n el mundo, Se\u00f1or, presenta su manifiesto,\u00a0diametralmente opuesto al tuyo:\u00a0dichosos los vividores\u00a0que no se preocupan del ma\u00f1ana,\u00a0sino que buscan arrebatar el momento fugaz.<\/p>\n<p style=\"text-align: justify;\">Hazme comprender, Se\u00f1or,\u00a0cu\u00e1les son las verdaderas alegr\u00edas,\u00a0esas que no permites que falten a tus hijos.<\/p>\n<p style=\"text-align: justify;\">(C. Ghidelli,\u00a0<em>Beatitudine evangeliche e spiritualit\u00e1 laicale,\u00a0<\/em>Bres\u00adcia\u00a01996,\u00a0pp.\u00a021ss).<\/p>\n<p>&nbsp;<\/p>\n<p>Mons. Salvador Cisneros<\/p>\n<p>Parroquia Santa Teresa de \u00c1vila<\/p>\n<p>&nbsp;<\/p>\n","protected":false},"excerpt":{"rendered":"<p>Lunes de la 10a.\u00a0 Semana del tiempo ordinario Lectio Evangelio: Mateo 5,1-12 En aquel tiempo, al ver a la gente, Jes\u00fas subi\u00f3 al monte,\u00a0se sent\u00f3, y se le acercaron sus disc\u00edpulos. Entonces comenz\u00f3\u00a0a ense\u00f1arles&#46;&#46;&#46;<\/p>\n","protected":false},"author":5,"featured_media":5397,"comment_status":"closed","ping_status":"closed","sticky":false,"template":"","format":"standard","meta":{"_exactmetrics_skip_tracking":false,"_exactmetrics_sitenote_active":false,"_exactmetrics_sitenote_note":"","_exactmetrics_sitenote_category":0,"footnotes":""},"categories":[10],"tags":[],"class_list":["post-5696","post","type-post","status-publish","format-standard","has-post-thumbnail","hentry","category-evangelio"],"_links":{"self":[{"href":"https:\/\/iglesiatijuana.org\/web\/wp-json\/wp\/v2\/posts\/5696","targetHints":{"allow":["GET"]}}],"collection":[{"href":"https:\/\/iglesiatijuana.org\/web\/wp-json\/wp\/v2\/posts"}],"about":[{"href":"https:\/\/iglesiatijuana.org\/web\/wp-json\/wp\/v2\/types\/post"}],"author":[{"embeddable":true,"href":"https:\/\/iglesiatijuana.org\/web\/wp-json\/wp\/v2\/users\/5"}],"replies":[{"embeddable":true,"href":"https:\/\/iglesiatijuana.org\/web\/wp-json\/wp\/v2\/comments?post=5696"}],"version-history":[{"count":1,"href":"https:\/\/iglesiatijuana.org\/web\/wp-json\/wp\/v2\/posts\/5696\/revisions"}],"predecessor-version":[{"id":5697,"href":"https:\/\/iglesiatijuana.org\/web\/wp-json\/wp\/v2\/posts\/5696\/revisions\/5697"}],"wp:featuredmedia":[{"embeddable":true,"href":"https:\/\/iglesiatijuana.org\/web\/wp-json\/wp\/v2\/media\/5397"}],"wp:attachment":[{"href":"https:\/\/iglesiatijuana.org\/web\/wp-json\/wp\/v2\/media?parent=5696"}],"wp:term":[{"taxonomy":"category","embeddable":true,"href":"https:\/\/iglesiatijuana.org\/web\/wp-json\/wp\/v2\/categories?post=5696"},{"taxonomy":"post_tag","embeddable":true,"href":"https:\/\/iglesiatijuana.org\/web\/wp-json\/wp\/v2\/tags?post=5696"}],"curies":[{"name":"wp","href":"https:\/\/api.w.org\/{rel}","templated":true}]}}