{"id":5843,"date":"2017-07-24T10:15:08","date_gmt":"2017-07-24T17:15:08","guid":{"rendered":"http:\/\/iglesiatijuana.org\/web\/?p=5843"},"modified":"2017-07-24T10:15:08","modified_gmt":"2017-07-24T17:15:08","slug":"estara-el-hijo-del-hombre-tres-dias-y-tres-noches-en-el-corazon-de-la-tierra","status":"publish","type":"post","link":"https:\/\/iglesiatijuana.org\/web\/estara-el-hijo-del-hombre-tres-dias-y-tres-noches-en-el-corazon-de-la-tierra\/","title":{"rendered":"Estar\u00e1 el Hijo del hombre tres d\u00edas y tres noches en el coraz\u00f3n de la tierra"},"content":{"rendered":"<p><a href=\"http:\/\/iglesiatijuana.org\/web\/wp-content\/uploads\/2017\/04\/Jesucristo-resucitado-e1492534977294.jpg\" data-rel=\"lightbox-image-0\" data-rl_title=\"\" data-rl_caption=\"\" title=\"\"><img loading=\"lazy\" decoding=\"async\" class=\"alignnone size-full wp-image-5475\" src=\"http:\/\/iglesiatijuana.org\/web\/wp-content\/uploads\/2017\/04\/Jesucristo-resucitado-e1492534977294.jpg\" alt=\"\" width=\"187\" height=\"158\" \/><\/a><\/p>\n<p>Evangelio: Mateo 12,38-42<\/p>\n<p style=\"text-align: justify;\">En aquel tiempo,\u00a0algunos maestros de la Ley y fariseos le dijeron: Maestro, queremos ver que hagas un signo para acreditarte. Jes\u00fas respondi\u00f3: Esta generaci\u00f3n perversa e incr\u00e9dula reclama un signo, pero no tendr\u00e1 otro signo que el del profeta Jon\u00e1s.\u00a0\u00a0Pues, as\u00ed como Jon\u00e1s estuvo tres d\u00edas y tres noches en el vientre del pez, as\u00ed estar\u00e1 el Hijo del hombre tres d\u00edas y tres noches en el coraz\u00f3n de la tierra.<\/p>\n<p style=\"text-align: justify;\">Los ninivitas se levantar\u00e1n en el d\u00eda del juicio con esta generaci\u00f3n y la condenar\u00e1n, porque ellos hicieron penitencia ante la predicaci\u00f3n de Jon\u00e1s, y aqu\u00ed hay uno que es m\u00e1s importante que Jon\u00e1s.\u00a0\u00a0La reina del sur se levantar\u00e1 en el juicio frente a esta generaci\u00f3n y la condenar\u00e1, porque ella vino del extremo de la tierra para o\u00edr la sabidur\u00eda de Salom\u00f3n, y aqu\u00ed hay uno que es m\u00e1s que Salom\u00f3n.<\/p>\n<p style=\"text-align: justify;\">\nMEDITATIO<\/p>\n<p style=\"text-align: justify;\">Cu\u00e1ntas veces decimos: \u00abDios no me escucha, no hace lo que le pido, no me concede esto o aquello, despu\u00e9s de todo lo que he hecho por \u00e9l, sacrificios, renuncias, oraciones&#8230;\u00bb. Son \u00a0palabras que o\u00edmos con frecuencia. En ellas se revela que tenemos la imagen de un Dios dispuesto a satisfacer nuestros caprichos de manera mec\u00e1nica&#8230; Pero Dios se ha hecho en Jes\u00fas compa\u00f1ero de viaje de cada hombre. Abramos, con humildad, los ojos de la fe.<\/p>\n<p style=\"text-align: justify;\">\nORATIO<\/p>\n<p style=\"text-align: justify;\">Perdona, Se\u00f1or, mi arrogancia frente a ti, una arrogancia hecha de pretensiones y nunca saciada de tus dones. Me muestro rid\u00edculo en mi necia pretensi\u00f3n de desafiarte a que me brindes siempre nuevas pruebas de tu presencia amorosa, cuando en realidad yo no estoy en absoluto disponible para acoger ninguna. Perdona los \u00abdelirios de omnipotencia\u00bb que me atrapan y que me llevan a intentar mirarte de arriba abajo.<\/p>\n<p style=\"text-align: justify;\">Pero t\u00fa no te espantas ni te cansas de m\u00ed, oh Dios. M\u00e1s a\u00fan, eres t\u00fa el que se hace peque\u00f1o. De este modo me das ejemplo y me demuestras que recorriendo el camino del amor, de la humildad, de la confianza, llegamos a ser personas verdaderamente humanas, se nos reconoce como hijos del Padre y somos capaces de ver el signo de tu presencia en el mundo. Por eso, Se\u00f1or, nunca acabar\u00e9 de bendecirte.<\/p>\n<p>&nbsp;<\/p>\n<p>Mons. Salvador Cisneros<\/p>\n<p>Parroquia Santa Teresa de \u00c1vila<\/p>\n<p>&nbsp;<\/p>\n","protected":false},"excerpt":{"rendered":"<p>Evangelio: Mateo 12,38-42 En aquel tiempo,\u00a0algunos maestros de la Ley y fariseos le dijeron: Maestro, queremos ver que hagas un signo para acreditarte. Jes\u00fas respondi\u00f3: Esta generaci\u00f3n perversa e incr\u00e9dula reclama un signo, pero&#46;&#46;&#46;<\/p>\n","protected":false},"author":5,"featured_media":5475,"comment_status":"closed","ping_status":"closed","sticky":false,"template":"","format":"standard","meta":{"_exactmetrics_skip_tracking":false,"_exactmetrics_sitenote_active":false,"_exactmetrics_sitenote_note":"","_exactmetrics_sitenote_category":0,"footnotes":""},"categories":[10],"tags":[],"class_list":["post-5843","post","type-post","status-publish","format-standard","has-post-thumbnail","hentry","category-evangelio"],"_links":{"self":[{"href":"https:\/\/iglesiatijuana.org\/web\/wp-json\/wp\/v2\/posts\/5843","targetHints":{"allow":["GET"]}}],"collection":[{"href":"https:\/\/iglesiatijuana.org\/web\/wp-json\/wp\/v2\/posts"}],"about":[{"href":"https:\/\/iglesiatijuana.org\/web\/wp-json\/wp\/v2\/types\/post"}],"author":[{"embeddable":true,"href":"https:\/\/iglesiatijuana.org\/web\/wp-json\/wp\/v2\/users\/5"}],"replies":[{"embeddable":true,"href":"https:\/\/iglesiatijuana.org\/web\/wp-json\/wp\/v2\/comments?post=5843"}],"version-history":[{"count":1,"href":"https:\/\/iglesiatijuana.org\/web\/wp-json\/wp\/v2\/posts\/5843\/revisions"}],"predecessor-version":[{"id":5844,"href":"https:\/\/iglesiatijuana.org\/web\/wp-json\/wp\/v2\/posts\/5843\/revisions\/5844"}],"wp:featuredmedia":[{"embeddable":true,"href":"https:\/\/iglesiatijuana.org\/web\/wp-json\/wp\/v2\/media\/5475"}],"wp:attachment":[{"href":"https:\/\/iglesiatijuana.org\/web\/wp-json\/wp\/v2\/media?parent=5843"}],"wp:term":[{"taxonomy":"category","embeddable":true,"href":"https:\/\/iglesiatijuana.org\/web\/wp-json\/wp\/v2\/categories?post=5843"},{"taxonomy":"post_tag","embeddable":true,"href":"https:\/\/iglesiatijuana.org\/web\/wp-json\/wp\/v2\/tags?post=5843"}],"curies":[{"name":"wp","href":"https:\/\/api.w.org\/{rel}","templated":true}]}}