{"id":5864,"date":"2017-07-26T10:16:45","date_gmt":"2017-07-26T17:16:45","guid":{"rendered":"http:\/\/iglesiatijuana.org\/web\/?p=5864"},"modified":"2017-07-26T10:16:45","modified_gmt":"2017-07-26T17:16:45","slug":"salio-el-sembrador-a-sembrar","status":"publish","type":"post","link":"https:\/\/iglesiatijuana.org\/web\/salio-el-sembrador-a-sembrar\/","title":{"rendered":"Sali\u00f3 el sembrador a sembrar"},"content":{"rendered":"<p><a href=\"http:\/\/iglesiatijuana.org\/web\/wp-content\/uploads\/2017\/01\/grazodemostaza.jpg\" data-rel=\"lightbox-image-0\" data-rl_title=\"\" data-rl_caption=\"\" title=\"\"><img loading=\"lazy\" decoding=\"async\" class=\"alignnone size-medium wp-image-5170\" src=\"http:\/\/iglesiatijuana.org\/web\/wp-content\/uploads\/2017\/01\/grazodemostaza-300x300.jpg\" alt=\"\" width=\"300\" height=\"300\" srcset=\"https:\/\/iglesiatijuana.org\/web\/wp-content\/uploads\/2017\/01\/grazodemostaza-300x300.jpg 300w, https:\/\/iglesiatijuana.org\/web\/wp-content\/uploads\/2017\/01\/grazodemostaza-150x150.jpg 150w, https:\/\/iglesiatijuana.org\/web\/wp-content\/uploads\/2017\/01\/grazodemostaza-160x160.jpg 160w, https:\/\/iglesiatijuana.org\/web\/wp-content\/uploads\/2017\/01\/grazodemostaza-320x320.jpg 320w, https:\/\/iglesiatijuana.org\/web\/wp-content\/uploads\/2017\/01\/grazodemostaza.jpg 425w\" sizes=\"auto, (max-width: 300px) 100vw, 300px\" \/><\/a><\/p>\n<p>Evangelio: Mateo 13,1-9<\/p>\n<p style=\"text-align: justify;\">Aquel d\u00eda sali\u00f3 Jes\u00fas de casa y se sent\u00f3 junto al lago.\u00a0\u00a0Se reuni\u00f3 en torno a \u00e9l mucha gente, tanta que subi\u00f3 a una barca y se sent\u00f3, mientras la gente estaba de pie en la orilla. Y les expuso muchas cosas por medio de par\u00e1bolas. Dec\u00eda: Sali\u00f3 el sembrador a sembrar. Al sembrar, parte de la semilla cay\u00f3 al borde del camino, pero vinieron las aves y se la comieron.\u00a0Parte cay\u00f3 en terreno pedregoso, donde no hab\u00eda mucha tierra; brot\u00f3 en seguida porque la tierra era poco profunda,\u00a0\u00a0pero cuando sali\u00f3 el sol se sec\u00f3 porque no ten\u00eda ra\u00edz. Parte cay\u00f3 entre cardos, pero \u00e9stos crecieron y la ahogaron.\u00a0\u00a0Finalmente, otra parte cay\u00f3 en tierra buena y dio fruto: un grano dio cien, otro sesenta, otro treinta.\u00a0\u00a0El que tenga o\u00eddos para o\u00edr que oiga.<\/p>\n<p style=\"text-align: justify;\">\n<p style=\"text-align: justify;\">ORATIO<\/p>\n<p style=\"text-align: justify;\">Me conmueve, Se\u00f1or, tu ternura conmigo, la confianza que me demuestras y con la que me acompa\u00f1as desde el primer momento en que empec\u00e9 a existir. Me vienen a la mente las palabras del salmista:\u00a0<em>\u00abT\u00fa conoces lo profundo de\u00a0mi\u00a0ser, nada m\u00edo te era desconocido cuando me iba formando en lo oculto\u00a0y tejiendo en las honduras de la tierra\u00bb\u00a0<\/em>(Sal 139,14-15). Gracias, Se\u00f1or, por tanta atenci\u00f3n: \u00e9se es tu estilo, tu modo de obrar. Ay\u00fadame a no olvidarlo cuando, frente a ciertos acontecimientos de la vida, reacciono denunciando tu ausencia o incluso sinti\u00e9ndote hostil.<\/p>\n<p style=\"text-align: justify;\">Me tienes en tanta estima que me has llamado para colaborar contigo. Me conf\u00edas lo m\u00e1s precioso que tienes, la Palabra, que est\u00e1 al comienzo de todo: de la creaci\u00f3n, de la redenci\u00f3n, de la santificaci\u00f3n. Perd\u00f3name, te lo ruego, la superficialidad con que me pongo ante tu don y ante la misi\u00f3n que me propones. Perd\u00f3name las incertidumbres y las resistencias. Estas expresan que vivo m\u00e1s replegado en m\u00ed mismo que \u00abcapturado\u00bb en mi coraz\u00f3n por la gran benevolencia que me muestras.<\/p>\n<p>&nbsp;<\/p>\n<p>Mons. Salvador Cisneros<\/p>\n<p>Parroquia Santa Teresa de \u00c1vila<\/p>\n<p>&nbsp;<\/p>\n","protected":false},"excerpt":{"rendered":"<p>Evangelio: Mateo 13,1-9 Aquel d\u00eda sali\u00f3 Jes\u00fas de casa y se sent\u00f3 junto al lago.\u00a0\u00a0Se reuni\u00f3 en torno a \u00e9l mucha gente, tanta que subi\u00f3 a una barca y se sent\u00f3, mientras la gente&#46;&#46;&#46;<\/p>\n","protected":false},"author":5,"featured_media":5170,"comment_status":"closed","ping_status":"closed","sticky":false,"template":"","format":"standard","meta":{"_exactmetrics_skip_tracking":false,"_exactmetrics_sitenote_active":false,"_exactmetrics_sitenote_note":"","_exactmetrics_sitenote_category":0,"footnotes":""},"categories":[10],"tags":[],"class_list":["post-5864","post","type-post","status-publish","format-standard","has-post-thumbnail","hentry","category-evangelio"],"_links":{"self":[{"href":"https:\/\/iglesiatijuana.org\/web\/wp-json\/wp\/v2\/posts\/5864","targetHints":{"allow":["GET"]}}],"collection":[{"href":"https:\/\/iglesiatijuana.org\/web\/wp-json\/wp\/v2\/posts"}],"about":[{"href":"https:\/\/iglesiatijuana.org\/web\/wp-json\/wp\/v2\/types\/post"}],"author":[{"embeddable":true,"href":"https:\/\/iglesiatijuana.org\/web\/wp-json\/wp\/v2\/users\/5"}],"replies":[{"embeddable":true,"href":"https:\/\/iglesiatijuana.org\/web\/wp-json\/wp\/v2\/comments?post=5864"}],"version-history":[{"count":1,"href":"https:\/\/iglesiatijuana.org\/web\/wp-json\/wp\/v2\/posts\/5864\/revisions"}],"predecessor-version":[{"id":5865,"href":"https:\/\/iglesiatijuana.org\/web\/wp-json\/wp\/v2\/posts\/5864\/revisions\/5865"}],"wp:featuredmedia":[{"embeddable":true,"href":"https:\/\/iglesiatijuana.org\/web\/wp-json\/wp\/v2\/media\/5170"}],"wp:attachment":[{"href":"https:\/\/iglesiatijuana.org\/web\/wp-json\/wp\/v2\/media?parent=5864"}],"wp:term":[{"taxonomy":"category","embeddable":true,"href":"https:\/\/iglesiatijuana.org\/web\/wp-json\/wp\/v2\/categories?post=5864"},{"taxonomy":"post_tag","embeddable":true,"href":"https:\/\/iglesiatijuana.org\/web\/wp-json\/wp\/v2\/tags?post=5864"}],"curies":[{"name":"wp","href":"https:\/\/api.w.org\/{rel}","templated":true}]}}