{"id":5953,"date":"2017-08-31T13:28:07","date_gmt":"2017-08-31T20:28:07","guid":{"rendered":"http:\/\/iglesiatijuana.org\/web\/?p=5953"},"modified":"2017-09-01T13:34:02","modified_gmt":"2017-09-01T20:34:02","slug":"los-padres-manuel-valencia-y-jesus-presentaron-sus-tesinas-de-sus-estudios-en-roma","status":"publish","type":"post","link":"https:\/\/iglesiatijuana.org\/web\/los-padres-manuel-valencia-y-jesus-presentaron-sus-tesinas-de-sus-estudios-en-roma\/","title":{"rendered":"Los Padres Manuel Valencia y Jes\u00fas D\u00edaz presentaron sus tesinas de sus estudios en Roma"},"content":{"rendered":"<p><a href=\"http:\/\/iglesiatijuana.org\/web\/wp-content\/uploads\/2017\/08\/IMG_2816.jpg\" data-rel=\"lightbox-image-0\" data-rl_title=\"\" data-rl_caption=\"\" title=\"\"><img loading=\"lazy\" decoding=\"async\" class=\"alignnone size-medium wp-image-5952\" src=\"http:\/\/iglesiatijuana.org\/web\/wp-content\/uploads\/2017\/08\/IMG_2816-300x242.jpg\" alt=\"\" width=\"300\" height=\"242\" \/><\/a><\/p>\n<p style=\"text-align: justify;\">\u00a0 \u00a0 \u00a0 \u00a0 Tijuana, B.C.- El Pbro. Manuel Valencia y el Pbro. Jes\u00fas D\u00edaz presentaron sus tesinas de licencia de sus estudios en Roma, acompa\u00f1ados por nuestro Arzobispo, Mons. Francisco Moreno Barr\u00f3n, sacerdotes, religiosas, seminaristas y fieles en el Seminario Menor.<\/p>\n<p style=\"text-align: justify;\">\u00a0\u00a0\u00a0\u00a0\u00a0\u00a0\u00a0\u00a0\u00a0 La tesina del Padre Manuel es \u201cEl Sacramento de la Reconciliaci\u00f3n como don en la libertad humana\u201d, y la del Padre Jes\u00fas \u201cPueblo de Dios: El aggiornamento de la Iglesia\u201d.<\/p>\n<p style=\"text-align: justify;\">\u00a0\u00a0\u00a0\u00a0\u00a0\u00a0\u00a0\u00a0\u00a0 \u201cEstoy convencido que la formaci\u00f3n que se ofrece en nuestro Seminario es una formaci\u00f3n completa. Nunca perfecta, perfectible en muchos aspectos que tenemos que mejorar, pero el seminarista que se empe\u00f1a en su formaci\u00f3n estar\u00e1 preparado para recibiendo el sacramento del orden ser un buen servidor del pueblo de la Iglesia\u201d, dijo el Arzobispo.<\/p>\n<p style=\"text-align: justify;\">\u00a0\u00a0\u00a0\u00a0\u00a0\u00a0\u00a0\u00a0\u00a0 Tambi\u00e9n dijo que en nuestra Arquidi\u00f3cesis de Tijuana necesita que tanto seminaristas, sacerdotes y laicos se esmeren en su formaci\u00f3n m\u00e1s amplia, sobre todo en las que necesitan para la acci\u00f3n pastoral.<\/p>\n<p style=\"text-align: justify;\">\u00a0\u00a0\u00a0\u00a0\u00a0\u00a0\u00a0\u00a0\u00a0 \u201cNuestra Arquidi\u00f3cesis de Tijuana, y muchas otras de la Rep\u00fablica Mexicana y del mundo, se env\u00eda a estudiar a veces a seminaristas, a laicos, a sacerdotes determinadas materias. De modo que este estudio, por un lado, les de elementos para vivir m\u00e1s profundamente, de manera m\u00e1s completa, su ministerio sacerdotal. Pero sobre todo poner al servicio de la di\u00f3cesis lo que han estudiado\u201d, mencion\u00f3 Mons. Moreno Barr\u00f3n.<\/p>\n<p style=\"text-align: justify;\">\u00a0\u00a0\u00a0\u00a0\u00a0\u00a0\u00a0\u00a0\u00a0 Adem\u00e1s tambi\u00e9n espera que todos los sacerdotes que regresen de estudiar hagan esta presentaci\u00f3n.<\/p>\n<p style=\"text-align: justify;\">\u00a0\u00a0\u00a0\u00a0\u00a0\u00a0\u00a0\u00a0\u00a0 La presentaci\u00f3n se llev\u00f3 a cabo en el templo Santa Cruz del Seminario Menor de 5:00 a 7:00 p.m.<\/p>\n<p><a href=\"http:\/\/iglesiatijuana.org\/web\/wp-content\/uploads\/2017\/08\/IMG_2822.jpg\" data-rel=\"lightbox-image-1\" data-rl_title=\"\" data-rl_caption=\"\" title=\"\"><img loading=\"lazy\" decoding=\"async\" class=\"alignnone size-medium wp-image-5954\" src=\"http:\/\/iglesiatijuana.org\/web\/wp-content\/uploads\/2017\/08\/IMG_2822-300x165.jpg\" alt=\"\" width=\"300\" height=\"165\" srcset=\"https:\/\/iglesiatijuana.org\/web\/wp-content\/uploads\/2017\/08\/IMG_2822-300x165.jpg 300w, https:\/\/iglesiatijuana.org\/web\/wp-content\/uploads\/2017\/08\/IMG_2822.jpg 448w\" sizes=\"auto, (max-width: 300px) 100vw, 300px\" \/><\/a><\/p>\n<p>&nbsp;<\/p>\n","protected":false},"excerpt":{"rendered":"<p>\u00a0 \u00a0 \u00a0 \u00a0 Tijuana, B.C.- El Pbro. Manuel Valencia y el Pbro. Jes\u00fas D\u00edaz presentaron sus tesinas de licencia de sus estudios en Roma, acompa\u00f1ados por nuestro Arzobispo, Mons. Francisco Moreno Barr\u00f3n, sacerdotes,&#46;&#46;&#46;<\/p>\n","protected":false},"author":5,"featured_media":5952,"comment_status":"closed","ping_status":"closed","sticky":false,"template":"","format":"standard","meta":{"_exactmetrics_skip_tracking":false,"_exactmetrics_sitenote_active":false,"_exactmetrics_sitenote_note":"","_exactmetrics_sitenote_category":0,"footnotes":""},"categories":[14],"tags":[],"class_list":["post-5953","post","type-post","status-publish","format-standard","has-post-thumbnail","hentry","category-ultimas-noticias"],"_links":{"self":[{"href":"https:\/\/iglesiatijuana.org\/web\/wp-json\/wp\/v2\/posts\/5953","targetHints":{"allow":["GET"]}}],"collection":[{"href":"https:\/\/iglesiatijuana.org\/web\/wp-json\/wp\/v2\/posts"}],"about":[{"href":"https:\/\/iglesiatijuana.org\/web\/wp-json\/wp\/v2\/types\/post"}],"author":[{"embeddable":true,"href":"https:\/\/iglesiatijuana.org\/web\/wp-json\/wp\/v2\/users\/5"}],"replies":[{"embeddable":true,"href":"https:\/\/iglesiatijuana.org\/web\/wp-json\/wp\/v2\/comments?post=5953"}],"version-history":[{"count":3,"href":"https:\/\/iglesiatijuana.org\/web\/wp-json\/wp\/v2\/posts\/5953\/revisions"}],"predecessor-version":[{"id":5957,"href":"https:\/\/iglesiatijuana.org\/web\/wp-json\/wp\/v2\/posts\/5953\/revisions\/5957"}],"wp:featuredmedia":[{"embeddable":true,"href":"https:\/\/iglesiatijuana.org\/web\/wp-json\/wp\/v2\/media\/5952"}],"wp:attachment":[{"href":"https:\/\/iglesiatijuana.org\/web\/wp-json\/wp\/v2\/media?parent=5953"}],"wp:term":[{"taxonomy":"category","embeddable":true,"href":"https:\/\/iglesiatijuana.org\/web\/wp-json\/wp\/v2\/categories?post=5953"},{"taxonomy":"post_tag","embeddable":true,"href":"https:\/\/iglesiatijuana.org\/web\/wp-json\/wp\/v2\/tags?post=5953"}],"curies":[{"name":"wp","href":"https:\/\/api.w.org\/{rel}","templated":true}]}}