{"id":5966,"date":"2017-08-29T10:13:51","date_gmt":"2017-08-29T17:13:51","guid":{"rendered":"http:\/\/iglesiatijuana.org\/web\/?p=5966"},"modified":"2017-08-29T10:13:51","modified_gmt":"2017-08-29T17:13:51","slug":"los-discipulos-de-juan-fueron-a-recoger-el-cadaver-y-lo-sepultaron","status":"publish","type":"post","link":"https:\/\/iglesiatijuana.org\/web\/los-discipulos-de-juan-fueron-a-recoger-el-cadaver-y-lo-sepultaron\/","title":{"rendered":"Los disc\u00edpulos de Juan fueron a recoger el cad\u00e1ver y lo sepultaron"},"content":{"rendered":"<p><a href=\"http:\/\/iglesiatijuana.org\/web\/wp-content\/uploads\/2017\/01\/bautismo-jesus-e1483985883201.jpg\" data-rel=\"lightbox-image-0\" data-rl_title=\"\" data-rl_caption=\"\" title=\"\"><img loading=\"lazy\" decoding=\"async\" class=\"alignnone size-medium wp-image-5096\" src=\"http:\/\/iglesiatijuana.org\/web\/wp-content\/uploads\/2017\/01\/bautismo-jesus-e1483985883201-300x256.jpg\" alt=\"\" width=\"300\" height=\"256\" srcset=\"https:\/\/iglesiatijuana.org\/web\/wp-content\/uploads\/2017\/01\/bautismo-jesus-e1483985883201-300x256.jpg 300w, https:\/\/iglesiatijuana.org\/web\/wp-content\/uploads\/2017\/01\/bautismo-jesus-e1483985883201.jpg 478w\" sizes=\"auto, (max-width: 300px) 100vw, 300px\" \/><\/a><\/p>\n<p><strong>Evangelio de San Marcos: 6, 17-29<\/strong><\/p>\n<p style=\"text-align: justify;\">En aquel tiempo, Herodes hab\u00eda mandado apresar a Juan el Bautista y lo hab\u00eda metido y encadenado en la c\u00e1rcel. Herodes se hab\u00eda casado con Herod\u00edas, esposa de su hermano Filipo, y Juan le dec\u00eda: &#8220;No te est\u00e1 permitido tener por mujer a la esposa de tu hermano&#8221;. Por eso Herodes lo mand\u00f3 encarcelar. Herod\u00edas sent\u00eda por ello gran rencor contra Juan y quer\u00eda quitarle la vida, pero no sab\u00eda c\u00f3mo, porque Herodes miraba con respeto a Juan, pues sab\u00eda que era un hombre recto y santo, y lo ten\u00eda custodiado. Cuando lo o\u00eda hablar, quedaba desconcertado, pero le gustaba escucharlo.<\/p>\n<p style=\"text-align: justify;\">La ocasi\u00f3n lleg\u00f3 cuando Herodes dio un banquete a su corte, a sus oficiales y a la gente principal de Galilea, con motivo de su cumplea\u00f1os. La hija de Herod\u00edas bail\u00f3 durante la fiesta y su baile les gust\u00f3 mucho a Herodes y a sus invitados. El rey le dijo entonces a la joven: &#8220;P\u00eddeme lo que quieras y yo te lo dar\u00e9&#8221;. Y le jur\u00f3 varias veces: &#8220;Te dar\u00e9 lo que me pidas, aunque sea la mitad de mi reino&#8221;.<\/p>\n<p style=\"text-align: justify;\">Ella fue a preguntarle a su madre: &#8220;\u00bfQu\u00e9 le pido?&#8221;. Su madre le contest\u00f3: &#8220;La cabeza de Juan el Bautista&#8221;. Volvi\u00f3 ella inmediatamente junto al rey y le dijo: &#8220;Quiero que me des ahora mismo, en una charola, la cabeza de Juan el Bautista&#8221;.<\/p>\n<p style=\"text-align: justify;\">El rey se puso muy triste, pero debido a su juramento y a los convidados, no quiso desairar a la joven, y enseguida mand\u00f3 a un verdugo que trajera la cabeza de Juan. El verdugo fue, lo decapit\u00f3 en la c\u00e1rcel, trajo la cabeza en una charola, se la entreg\u00f3 a la joven y ella se la entreg\u00f3 a su madre.<\/p>\n<p style=\"text-align: justify;\">Al enterarse de esto, los disc\u00edpulos de Juan fueron a recoger el cad\u00e1ver y lo sepultaron.<\/p>\n<p>&nbsp;<\/p>\n","protected":false},"excerpt":{"rendered":"<p>Evangelio de San Marcos: 6, 17-29 En aquel tiempo, Herodes hab\u00eda mandado apresar a Juan el Bautista y lo hab\u00eda metido y encadenado en la c\u00e1rcel. Herodes se hab\u00eda casado con Herod\u00edas, esposa de&#46;&#46;&#46;<\/p>\n","protected":false},"author":5,"featured_media":5096,"comment_status":"closed","ping_status":"closed","sticky":false,"template":"","format":"standard","meta":{"_exactmetrics_skip_tracking":false,"_exactmetrics_sitenote_active":false,"_exactmetrics_sitenote_note":"","_exactmetrics_sitenote_category":0,"footnotes":""},"categories":[10],"tags":[],"class_list":["post-5966","post","type-post","status-publish","format-standard","has-post-thumbnail","hentry","category-evangelio"],"_links":{"self":[{"href":"https:\/\/iglesiatijuana.org\/web\/wp-json\/wp\/v2\/posts\/5966","targetHints":{"allow":["GET"]}}],"collection":[{"href":"https:\/\/iglesiatijuana.org\/web\/wp-json\/wp\/v2\/posts"}],"about":[{"href":"https:\/\/iglesiatijuana.org\/web\/wp-json\/wp\/v2\/types\/post"}],"author":[{"embeddable":true,"href":"https:\/\/iglesiatijuana.org\/web\/wp-json\/wp\/v2\/users\/5"}],"replies":[{"embeddable":true,"href":"https:\/\/iglesiatijuana.org\/web\/wp-json\/wp\/v2\/comments?post=5966"}],"version-history":[{"count":1,"href":"https:\/\/iglesiatijuana.org\/web\/wp-json\/wp\/v2\/posts\/5966\/revisions"}],"predecessor-version":[{"id":5967,"href":"https:\/\/iglesiatijuana.org\/web\/wp-json\/wp\/v2\/posts\/5966\/revisions\/5967"}],"wp:featuredmedia":[{"embeddable":true,"href":"https:\/\/iglesiatijuana.org\/web\/wp-json\/wp\/v2\/media\/5096"}],"wp:attachment":[{"href":"https:\/\/iglesiatijuana.org\/web\/wp-json\/wp\/v2\/media?parent=5966"}],"wp:term":[{"taxonomy":"category","embeddable":true,"href":"https:\/\/iglesiatijuana.org\/web\/wp-json\/wp\/v2\/categories?post=5966"},{"taxonomy":"post_tag","embeddable":true,"href":"https:\/\/iglesiatijuana.org\/web\/wp-json\/wp\/v2\/tags?post=5966"}],"curies":[{"name":"wp","href":"https:\/\/api.w.org\/{rel}","templated":true}]}}