{"id":6007,"date":"2017-09-08T13:24:42","date_gmt":"2017-09-08T20:24:42","guid":{"rendered":"http:\/\/iglesiatijuana.org\/web\/?p=6007"},"modified":"2017-09-08T14:22:58","modified_gmt":"2017-09-08T21:22:58","slug":"la-pastoral-de-jovenes-y-adolescentes-los-invita-a-participar-en-la-visita-de-los-signos-de-la-jmj","status":"publish","type":"post","link":"https:\/\/iglesiatijuana.org\/web\/la-pastoral-de-jovenes-y-adolescentes-los-invita-a-participar-en-la-visita-de-los-signos-de-la-jmj\/","title":{"rendered":"La Pastoral de J\u00f3venes y Adolescentes los invita a participar en la visita de los signos de la JMJ"},"content":{"rendered":"<p><a href=\"http:\/\/iglesiatijuana.org\/web\/wp-content\/uploads\/2017\/09\/RV24574_Articolo.jpg\" data-rel=\"lightbox-image-0\" data-rl_title=\"\" data-rl_caption=\"\" title=\"\"><img loading=\"lazy\" decoding=\"async\" class=\"alignnone size-medium wp-image-6008\" src=\"http:\/\/iglesiatijuana.org\/web\/wp-content\/uploads\/2017\/09\/RV24574_Articolo-300x232.jpg\" alt=\"\" width=\"300\" height=\"232\" srcset=\"https:\/\/iglesiatijuana.org\/web\/wp-content\/uploads\/2017\/09\/RV24574_Articolo-300x232.jpg 300w, https:\/\/iglesiatijuana.org\/web\/wp-content\/uploads\/2017\/09\/RV24574_Articolo.jpg 585w\" sizes=\"auto, (max-width: 300px) 100vw, 300px\" \/><\/a><\/p>\n<p style=\"text-align: justify;\">Tijuana, B.C.- \u00a0\u201cLa Pastoral Juvenil\u00a0Provincia de Baja California\u00a0se llena de gracia y tiene el honor de\u00a0invitarlos\u00a0a la\u00a0visita de los\u00a0Signos de la Jornada Mundial de la Juventud: la Cruz Peregrina y el \u00cdcono de Nuestra Se\u00f1ora del Pueblo Romano\u00a0que se llevar\u00e1 a cabo el\u00a0s\u00e1bado 9 de septiembre\u00a0del presente a\u00f1o en la\u00a0Arquidi\u00f3cesis de Tijuana\u201d, dijo el Delegado de la Provincia Baja California, Pbro. Felipe Diosdado Hern\u00e1ndez.<\/p>\n<p style=\"text-align: justify;\">Y agreg\u00f3: \u201cEs una gran bendici\u00f3n que est\u00e9n con nosotros ya que s\u00f3lo recorren los pa\u00edses donde ser\u00e1 la Jornada Mundial de la Juventud, pero Panam\u00e1 comparti\u00f3 esa bendici\u00f3n con la Regi\u00f3n de M\u00e9xico y Centroam\u00e9rica.\u201d<\/p>\n<p style=\"text-align: justify;\">Explic\u00f3 que dentro\u00a0del recorrido por nuestro pa\u00eds tendremos la oportunidad de recibir dichos signos, viviendo con gran alegr\u00eda un momento de gracia con la cual Dios bendice a todos los adolescentes y j\u00f3venes de nuestra provincia.<\/p>\n<p style=\"text-align: justify;\">A las 11:00 a.m. ser\u00e1 el recibimiento de los signos en Playas de Tijuana, a las 12:00 se llevar\u00e1 a cabo un concierto en el malec\u00f3n de Playas de Tijuana.<\/p>\n<p style=\"text-align: justify;\">Posteriormente a la 1:00 p.m. se trasladar\u00e1n al Santuario Nuestra Se\u00f1ora del Sagrado Coraz\u00f3n donde nuestro Arzobispo, Mons. Francisco Moreno Barr\u00f3n, presidir\u00e1 una Hora Santa a las 2:00 p.m. y a las 3:00 p.m. ser\u00e1 un momento de alabanza.<\/p>\n<p style=\"text-align: justify;\">Despu\u00e9s a las 3:30 p.m. ser\u00e1 tiempo para comer y a las 4:00 se llevar\u00e1 a cabo una procesi\u00f3n hacia la Catedral Nuestra Se\u00f1ora de Guadalupe donde celebrar\u00e1n la Santa Misa a las 5:00 p.m.<\/p>\n","protected":false},"excerpt":{"rendered":"<p>Tijuana, B.C.- \u00a0\u201cLa Pastoral Juvenil\u00a0Provincia de Baja California\u00a0se llena de gracia y tiene el honor de\u00a0invitarlos\u00a0a la\u00a0visita de los\u00a0Signos de la Jornada Mundial de la Juventud: la Cruz Peregrina y el \u00cdcono de Nuestra&#46;&#46;&#46;<\/p>\n","protected":false},"author":5,"featured_media":6008,"comment_status":"closed","ping_status":"closed","sticky":false,"template":"","format":"standard","meta":{"_exactmetrics_skip_tracking":false,"_exactmetrics_sitenote_active":false,"_exactmetrics_sitenote_note":"","_exactmetrics_sitenote_category":0,"footnotes":""},"categories":[14],"tags":[],"class_list":["post-6007","post","type-post","status-publish","format-standard","has-post-thumbnail","hentry","category-ultimas-noticias"],"_links":{"self":[{"href":"https:\/\/iglesiatijuana.org\/web\/wp-json\/wp\/v2\/posts\/6007","targetHints":{"allow":["GET"]}}],"collection":[{"href":"https:\/\/iglesiatijuana.org\/web\/wp-json\/wp\/v2\/posts"}],"about":[{"href":"https:\/\/iglesiatijuana.org\/web\/wp-json\/wp\/v2\/types\/post"}],"author":[{"embeddable":true,"href":"https:\/\/iglesiatijuana.org\/web\/wp-json\/wp\/v2\/users\/5"}],"replies":[{"embeddable":true,"href":"https:\/\/iglesiatijuana.org\/web\/wp-json\/wp\/v2\/comments?post=6007"}],"version-history":[{"count":3,"href":"https:\/\/iglesiatijuana.org\/web\/wp-json\/wp\/v2\/posts\/6007\/revisions"}],"predecessor-version":[{"id":6011,"href":"https:\/\/iglesiatijuana.org\/web\/wp-json\/wp\/v2\/posts\/6007\/revisions\/6011"}],"wp:featuredmedia":[{"embeddable":true,"href":"https:\/\/iglesiatijuana.org\/web\/wp-json\/wp\/v2\/media\/6008"}],"wp:attachment":[{"href":"https:\/\/iglesiatijuana.org\/web\/wp-json\/wp\/v2\/media?parent=6007"}],"wp:term":[{"taxonomy":"category","embeddable":true,"href":"https:\/\/iglesiatijuana.org\/web\/wp-json\/wp\/v2\/categories?post=6007"},{"taxonomy":"post_tag","embeddable":true,"href":"https:\/\/iglesiatijuana.org\/web\/wp-json\/wp\/v2\/tags?post=6007"}],"curies":[{"name":"wp","href":"https:\/\/api.w.org\/{rel}","templated":true}]}}