{"id":6070,"date":"2017-09-19T16:34:47","date_gmt":"2017-09-19T23:34:47","guid":{"rendered":"http:\/\/iglesiatijuana.org\/web\/?p=6070"},"modified":"2017-09-20T10:05:44","modified_gmt":"2017-09-20T17:05:44","slug":"el-arzobispo-nos-invita-a-unirnos-en-oracion-por-nuestros-hermanos-afectados-por-los-sismos","status":"publish","type":"post","link":"https:\/\/iglesiatijuana.org\/web\/el-arzobispo-nos-invita-a-unirnos-en-oracion-por-nuestros-hermanos-afectados-por-los-sismos\/","title":{"rendered":"El Arzobispo nos invita a unirnos en oraci\u00f3n por nuestros hermanos afectados por los sismos"},"content":{"rendered":"<p><a href=\"http:\/\/iglesiatijuana.org\/web\/wp-content\/uploads\/2016\/08\/arzofranciscomorenobarron-e1479935262371.jpg\" data-rel=\"lightbox-image-0\" data-rl_title=\"\" data-rl_caption=\"\" title=\"\"><img loading=\"lazy\" decoding=\"async\" class=\"alignnone size-medium wp-image-4499\" src=\"http:\/\/iglesiatijuana.org\/web\/wp-content\/uploads\/2016\/08\/arzofranciscomorenobarron-e1479935177884-255x300.jpg\" alt=\"\" width=\"255\" height=\"300\" \/><\/a><\/p>\n<p>&nbsp;<\/p>\n<p style=\"text-align: justify;\">Tijuana, B.C.- En la Ciudad de M\u00e9xico participando en una reuni\u00f3n de Obispos, nuestro Arzobispo, Mons. Francisco Moreno Barr\u00f3n, vivi\u00f3 el sismo de 7.1 grados en esa zona del pa\u00eds, quien nos invita a unirnos en oraci\u00f3n por nuestros hermanos afectados, y a ser solidarios con ellos.<\/p>\n<p style=\"text-align: justify;\">\u201cUn\u00e1monos en la oraci\u00f3n y abramos nuestro coraz\u00f3n a la solidaridad con todo lo que est\u00e9 a nuestro alcance. Se\u00f1or estamos en tus manos paternales\u201d, dijo Mons. Moreno Barr\u00f3n.<\/p>\n<p style=\"text-align: justify;\">A la hora del sismo se encontraba en el quinto y m\u00e1s alto edificio de la Conferencia del Episcopado Mexicano junto a la Bas\u00edlica de Nuestra Se\u00f1ora de Guadalupe, mientras que 18 obispos estaban en el tercer piso en la reuni\u00f3n del Consejo Permanente.<\/p>\n<p style=\"text-align: justify;\">\u201cSentimos el temblor muy intenso y con movimientos oscilatorios mientras nos encomend\u00e1bamos a la misericordia de Dios y a la protecci\u00f3n de la Virgen de Guadalupe. Desde ese lugar vimos c\u00f3mo se desplomaba un edificio y durante varios minutos escuchamos fuertes gritos de ni\u00f1os en una escuela cercana. Nunca hab\u00eda vivido algo semejante. Estoy asustado pero a salvo gracias a Dios\u201d, comparti\u00f3 el Arzobispo.<\/p>\n<p style=\"text-align: justify;\">\u00a0La reuni\u00f3n que ten\u00edan programada para ma\u00f1ana fue suspendida.<\/p>\n<p style=\"text-align: justify;\">\u201cDespu\u00e9s de la impresionante experiencia que vivimos estoy m\u00e1s sensible de tanta gente que est\u00e1 sufriendo en diferentes ciudades, de los hermanos que han muerto y del dolor de sus familiares m\u00e1s cercanos\u201d, mencion\u00f3 Mons. Moreno Barr\u00f3n.<\/p>\n<p style=\"text-align: justify;\">Por ello nos invita a estar unidos en la oraci\u00f3n y a la solidaridad con quienes m\u00e1s lo necesitan.<\/p>\n<p>&nbsp;<\/p>\n","protected":false},"excerpt":{"rendered":"<p>&nbsp; Tijuana, B.C.- En la Ciudad de M\u00e9xico participando en una reuni\u00f3n de Obispos, nuestro Arzobispo, Mons. Francisco Moreno Barr\u00f3n, vivi\u00f3 el sismo de 7.1 grados en esa zona del pa\u00eds, quien nos invita&#46;&#46;&#46;<\/p>\n","protected":false},"author":5,"featured_media":4499,"comment_status":"closed","ping_status":"closed","sticky":false,"template":"","format":"standard","meta":{"_exactmetrics_skip_tracking":false,"_exactmetrics_sitenote_active":false,"_exactmetrics_sitenote_note":"","_exactmetrics_sitenote_category":0,"footnotes":""},"categories":[14],"tags":[],"class_list":["post-6070","post","type-post","status-publish","format-standard","has-post-thumbnail","hentry","category-ultimas-noticias"],"_links":{"self":[{"href":"https:\/\/iglesiatijuana.org\/web\/wp-json\/wp\/v2\/posts\/6070","targetHints":{"allow":["GET"]}}],"collection":[{"href":"https:\/\/iglesiatijuana.org\/web\/wp-json\/wp\/v2\/posts"}],"about":[{"href":"https:\/\/iglesiatijuana.org\/web\/wp-json\/wp\/v2\/types\/post"}],"author":[{"embeddable":true,"href":"https:\/\/iglesiatijuana.org\/web\/wp-json\/wp\/v2\/users\/5"}],"replies":[{"embeddable":true,"href":"https:\/\/iglesiatijuana.org\/web\/wp-json\/wp\/v2\/comments?post=6070"}],"version-history":[{"count":2,"href":"https:\/\/iglesiatijuana.org\/web\/wp-json\/wp\/v2\/posts\/6070\/revisions"}],"predecessor-version":[{"id":6072,"href":"https:\/\/iglesiatijuana.org\/web\/wp-json\/wp\/v2\/posts\/6070\/revisions\/6072"}],"wp:featuredmedia":[{"embeddable":true,"href":"https:\/\/iglesiatijuana.org\/web\/wp-json\/wp\/v2\/media\/4499"}],"wp:attachment":[{"href":"https:\/\/iglesiatijuana.org\/web\/wp-json\/wp\/v2\/media?parent=6070"}],"wp:term":[{"taxonomy":"category","embeddable":true,"href":"https:\/\/iglesiatijuana.org\/web\/wp-json\/wp\/v2\/categories?post=6070"},{"taxonomy":"post_tag","embeddable":true,"href":"https:\/\/iglesiatijuana.org\/web\/wp-json\/wp\/v2\/tags?post=6070"}],"curies":[{"name":"wp","href":"https:\/\/api.w.org\/{rel}","templated":true}]}}