{"id":6118,"date":"2017-10-05T16:42:11","date_gmt":"2017-10-05T23:42:11","guid":{"rendered":"http:\/\/iglesiatijuana.org\/web\/?p=6118"},"modified":"2017-10-05T16:43:11","modified_gmt":"2017-10-05T23:43:11","slug":"el-arzobispo-francisco-celebro-su-cumpleanos-con-su-comunidad-diocesana","status":"publish","type":"post","link":"https:\/\/iglesiatijuana.org\/web\/el-arzobispo-francisco-celebro-su-cumpleanos-con-su-comunidad-diocesana\/","title":{"rendered":"El Arzobispo Francisco celebr\u00f3 su cumplea\u00f1os con su comunidad diocesana"},"content":{"rendered":"<p><a href=\"http:\/\/iglesiatijuana.org\/web\/wp-content\/uploads\/2017\/10\/IMG_3897.jpg\" data-rel=\"lightbox-image-0\" data-rl_title=\"\" data-rl_caption=\"\" title=\"\"><img loading=\"lazy\" decoding=\"async\" class=\"alignnone size-medium wp-image-6119\" src=\"http:\/\/iglesiatijuana.org\/web\/wp-content\/uploads\/2017\/10\/IMG_3897-300x225.jpg\" alt=\"\" width=\"300\" height=\"225\" srcset=\"https:\/\/iglesiatijuana.org\/web\/wp-content\/uploads\/2017\/10\/IMG_3897-300x225.jpg 300w, https:\/\/iglesiatijuana.org\/web\/wp-content\/uploads\/2017\/10\/IMG_3897.jpg 448w\" sizes=\"auto, (max-width: 300px) 100vw, 300px\" \/><\/a><\/p>\n<p style=\"text-align: justify;\">\u00a0 \u00a0 \u00a0 \u00a0 Tijuana, B.C.- la Eucarist\u00eda de acci\u00f3n de gracias por el cumplea\u00f1os y santo de nuestro Arzobispo, Mons. Francisco Moreno Barr\u00f3n, quien fue acompa\u00f1ado por nuestro Arzobispo Em\u00e9rito, Mons. Rafael Romo Mu\u00f1oz, sacerdotes, familiares, seminaristas y religiosas, as\u00ed como los feligreses fue celebrado por su comunidad diocesana.<\/p>\n<p style=\"text-align: justify;\">\u00a0\u00a0\u00a0\u00a0\u00a0\u00a0\u00a0\u00a0\u00a0 \u201cAgradezco a todos mis hermanos sacerdotes su presencia en esta eucarist\u00eda en la que doy gracias a Dios por el don de la vida, por mi cumplea\u00f1os, y en la que tambi\u00e9n conmemoro a San Francisco de As\u00eds, mi santo patrono. Y en la que doy gracias igualmente por la gracia del bautismo, que recib\u00ed al d\u00eda siguiente de mi nacimiento\u201d, dijo el Arzobispo.<\/p>\n<p style=\"text-align: justify;\">\u00a0\u00a0\u00a0\u00a0\u00a0\u00a0\u00a0\u00a0\u00a0 Tambi\u00e9n agradeci\u00f3 la presencia del Arzobispo Em\u00e9rito, por sus familiares, amigos, las religiosas y los seminaristas.<\/p>\n<p style=\"text-align: justify;\">\u00a0\u00a0\u00a0\u00a0\u00a0\u00a0\u00a0\u00a0\u00a0 El pasado domingo tambi\u00e9n celebr\u00f3 su cumplea\u00f1os con los feligreses.<\/p>\n<p style=\"text-align: justify;\">\u00a0\u00a0\u00a0\u00a0\u00a0\u00a0\u00a0\u00a0\u00a0 \u201cTodos los d\u00edas me pregunto \u00bfqu\u00e9 quiere Dios de m\u00ed en este momento y en este lugar? \u00bfCu\u00e1l es la voluntad de Dios?&#8230; Pidan mucho a Dios por m\u00ed para que yo nunca haga mi voluntad, sino que sepa discernir qu\u00e9 es lo que Dios quiere en este pueblo, que es lo que Dios quiere de su Seminario, que es lo que Dios quiere de sus parroquias, qu\u00e9 es lo que Dios quiere de estos hermanos m\u00edos y que yo est\u00e9 siempre dispuesto a cumplir la voluntad de mi Padre celestial, que yo venga a menos y que siempre crezca Jes\u00fas el Se\u00f1or en cada uno de ustedes\u201d, dijo a los feligreses Mons. Moreno Barr\u00f3n.<\/p>\n<p style=\"text-align: justify;\">\u00a0\u00a0\u00a0\u00a0\u00a0\u00a0\u00a0\u00a0\u00a0 En el Seminario Menor se llevaron a cabo las dos eucarist\u00edas, la primera el domingo 1 de octubre, y la segunda el mi\u00e9rcoles 4 de octubre.<\/p>\n<p style=\"text-align: justify;\"><a href=\"http:\/\/iglesiatijuana.org\/web\/wp-content\/uploads\/2017\/10\/IMG_3676.jpg\" data-rel=\"lightbox-image-1\" data-rl_title=\"\" data-rl_caption=\"\" title=\"\"><img loading=\"lazy\" decoding=\"async\" class=\"alignnone size-medium wp-image-6120\" src=\"http:\/\/iglesiatijuana.org\/web\/wp-content\/uploads\/2017\/10\/IMG_3676-300x225.jpg\" alt=\"\" width=\"300\" height=\"225\" srcset=\"https:\/\/iglesiatijuana.org\/web\/wp-content\/uploads\/2017\/10\/IMG_3676-300x225.jpg 300w, https:\/\/iglesiatijuana.org\/web\/wp-content\/uploads\/2017\/10\/IMG_3676.jpg 448w\" sizes=\"auto, (max-width: 300px) 100vw, 300px\" \/><\/a><\/p>\n","protected":false},"excerpt":{"rendered":"<p>\u00a0 \u00a0 \u00a0 \u00a0 Tijuana, B.C.- la Eucarist\u00eda de acci\u00f3n de gracias por el cumplea\u00f1os y santo de nuestro Arzobispo, Mons. Francisco Moreno Barr\u00f3n, quien fue acompa\u00f1ado por nuestro Arzobispo Em\u00e9rito, Mons. Rafael Romo&#46;&#46;&#46;<\/p>\n","protected":false},"author":5,"featured_media":6119,"comment_status":"closed","ping_status":"closed","sticky":false,"template":"","format":"standard","meta":{"_exactmetrics_skip_tracking":false,"_exactmetrics_sitenote_active":false,"_exactmetrics_sitenote_note":"","_exactmetrics_sitenote_category":0,"footnotes":""},"categories":[14],"tags":[],"class_list":["post-6118","post","type-post","status-publish","format-standard","has-post-thumbnail","hentry","category-ultimas-noticias"],"_links":{"self":[{"href":"https:\/\/iglesiatijuana.org\/web\/wp-json\/wp\/v2\/posts\/6118","targetHints":{"allow":["GET"]}}],"collection":[{"href":"https:\/\/iglesiatijuana.org\/web\/wp-json\/wp\/v2\/posts"}],"about":[{"href":"https:\/\/iglesiatijuana.org\/web\/wp-json\/wp\/v2\/types\/post"}],"author":[{"embeddable":true,"href":"https:\/\/iglesiatijuana.org\/web\/wp-json\/wp\/v2\/users\/5"}],"replies":[{"embeddable":true,"href":"https:\/\/iglesiatijuana.org\/web\/wp-json\/wp\/v2\/comments?post=6118"}],"version-history":[{"count":2,"href":"https:\/\/iglesiatijuana.org\/web\/wp-json\/wp\/v2\/posts\/6118\/revisions"}],"predecessor-version":[{"id":6122,"href":"https:\/\/iglesiatijuana.org\/web\/wp-json\/wp\/v2\/posts\/6118\/revisions\/6122"}],"wp:featuredmedia":[{"embeddable":true,"href":"https:\/\/iglesiatijuana.org\/web\/wp-json\/wp\/v2\/media\/6119"}],"wp:attachment":[{"href":"https:\/\/iglesiatijuana.org\/web\/wp-json\/wp\/v2\/media?parent=6118"}],"wp:term":[{"taxonomy":"category","embeddable":true,"href":"https:\/\/iglesiatijuana.org\/web\/wp-json\/wp\/v2\/categories?post=6118"},{"taxonomy":"post_tag","embeddable":true,"href":"https:\/\/iglesiatijuana.org\/web\/wp-json\/wp\/v2\/tags?post=6118"}],"curies":[{"name":"wp","href":"https:\/\/api.w.org\/{rel}","templated":true}]}}